{"id":8840,"date":"2023-11-24T08:29:06","date_gmt":"2023-11-24T13:29:06","guid":{"rendered":"https:\/\/www.segurosbolivar.com\/blog\/?p=8840"},"modified":"2026-02-17T08:58:08","modified_gmt":"2026-02-17T13:58:08","slug":"que-son-los-trastornos-de-la-conducta-alimentaria","status":"publish","type":"post","link":"https:\/\/www.segurosbolivar.com\/blog\/bienestar-y-salud\/que-son-los-trastornos-de-la-conducta-alimentaria\/","title":{"rendered":"Trastornos de la conducta alimentaria: m\u00e1s all\u00e1 del peso y la comida"},"content":{"rendered":"<p><span style=\"font-weight: 400;\">\u00bfHa escuchado hablar de los<\/span><b> Trastornos de la Conducta Alimentaria? <\/b><span style=\"font-weight: 400;\">Este t\u00e9rmino se refiere a <\/span><a href=\"https:\/\/www.sciencedirect.com\/science\/article\/pii\/S0716864011703960\" target=\"_blank\" rel=\"noopener\"><b>enfermedades psiqui\u00e1tricas complejas y multicausales<\/b><\/a><span style=\"font-weight: 400;\">. Precisamente,\u00a0 con motivo del <\/span><b>D\u00eda Internacional de la Lucha contra los Trastornos de la Conducta Alimentaria<\/b><span style=\"font-weight: 400;\">, que se conmemora cada 30 de noviembre, decidimos abordar este importante tema en Seguros Bol\u00edvar.\u00a0<\/span><\/p>\n<h2><b>\u00bfQu\u00e9 son los trastornos de conducta alimentaria?<\/b><\/h2>\n<p><span style=\"font-weight: 400;\">Los trastornos de la conducta alimentaria (TCA) son enfermedades que se caracterizan por la <\/span><b>preocupaci\u00f3n excesiva por la comida, peso y\/o figura corporal<\/b><span style=\"font-weight: 400;\">. Las personas con estas afecciones suelen implementar <\/span><b>medidas no saludables para controlar o reducir el peso corporal<\/b><span style=\"font-weight: 400;\">. La <\/span><b>Fundaci\u00f3n Universitaria Comfenalco Santander \u2013 UNC<\/b><span style=\"font-weight: 400;\">, explica que estos patrones de conducta alimentaria est\u00e1n asociados con <\/span><b>angustia emocional, f\u00edsica y social<\/b><span style=\"font-weight: 400;\">.<\/span><\/p>\n<p><span style=\"font-weight: 400;\">Es por esto que, los TCA a menudo <\/span><b>impiden el adecuado desarrollo de las interacciones sociales<\/b><span style=\"font-weight: 400;\">, dificultando la participaci\u00f3n en encuentros familiares o de amigos que involucren alimentos. De igual forma, estas enfermedades se acompa\u00f1an de complicaciones m\u00e9dicas y psicol\u00f3gicas que pueden dejar secuelas irreversibles, tal como se\u00f1ala el art\u00edculo <\/span><i><span style=\"font-weight: 400;\">\u201cTrastornos de la conducta alimentaria en adolescentes: descripci\u00f3n y manejo\u201d<\/span><\/i><span style=\"font-weight: 400;\">.\u00a0<\/span><!-- CSS (a\u00f1\u00e1delo en tu <head> o en tu CSS global) --><\/p>\n<p><!-- Estructura HTML --><\/p>\n<div class=\"custom-iframe-container\"><\/div>\n<h2><b>\u00bfQui\u00e9nes pueden tener un TCA?<\/b><\/h2>\n<p><span style=\"font-weight: 400;\">Cualquier persona puede presentar un TCA, ya que estos trastornos<\/span> <a href=\"https:\/\/www.med.unc.edu\/psych\/eatingdisorders\/learn-more\/informacion-en-espanol\/bfque-son-los-trastornos-de-la-conducta-alimentaria\/\" target=\"_blank\" rel=\"noopener\"><b>no discriminan por g\u00e9nero, edad u origen \u00e9tnico<\/b><\/a><span style=\"font-weight: 400;\">, <\/span><a href=\"https:\/\/espanol.womenshealth.gov\/mental-health\/mental-health-conditions\/eating-disorders\" target=\"_blank\" rel=\"noopener\"><b>sin embargo, son m\u00e1s frecuentes en mujeres<\/b><\/a><span style=\"font-weight: 400;\"> y adolescentes.\u00a0<\/span><\/p>\n<p><span style=\"font-weight: 400;\">Asimismo, hay personas que parecen ser saludables, como los atletas y otros deportistas, y pueden tener estos trastornos. Todo esto nos permite concluir que no se puede saber si alguien tiene un trastorno de la alimentaci\u00f3n a simple vista, por lo que<\/span><b> es indispensable la valoraci\u00f3n y el diagn\u00f3stico m\u00e9dico<\/b><span style=\"font-weight: 400;\">. \ud83e\ude7a<\/span><\/p>\n<p>&nbsp;<\/p>\n<h2><b>\u00bfCu\u00e1l es el l\u00edmite entre una preocupaci\u00f3n sana por el peso y la enfermedad?<\/b><\/h2>\n<p><span style=\"font-weight: 400;\">Sin duda, es necesario que pensemos en nuestra salud f\u00edsica y mental, de hecho, es conveniente que nos preocupemos por nuestro bienestar integral. No obstante, <\/span><b>hay quienes se obsesionan con el control de los alimentos que consumen y\u00a0 la p\u00e9rdida de peso<\/b><span style=\"font-weight: 400;\">. En este punto, el panorama cambia y estos pueden ser signos de un trastorno alimentario.<\/span><\/p>\n<p><span style=\"font-weight: 400;\">Debemos saber de antemano que<\/span><a href=\"https:\/\/www.nimh.nih.gov\/health\/publications\/espanol\/los-trastornos-de-la-alimentacion\" target=\"_blank\" rel=\"noopener\"><b> las personas con trastornos de alimentaci\u00f3n no eligieron tenerlos<\/b><\/a><span style=\"font-weight: 400;\">, y que estas enfermedades afectan la salud f\u00edsica y mental de quien las padecen, es m\u00e1s, en algunos casos, hasta pueden poner en peligro la vida. As\u00ed que es conveniente relacionarse con estos pacientes con respeto, escucha activa y validando sus emociones.\u00a0<a href=\"https:\/\/digital.experienciasbolivar.segurosbolivar.com\/seguro-salud-integral?utm_source=Autopauta&amp;utm_medium=Blog_banner_interno&amp;utm_campaign=BG_salud_8840\" target=\"_blank\" rel=\"noopener\"><img fetchpriority=\"high\" decoding=\"async\" class=\"aligncenter size-full wp-image-14908\" src=\"https:\/\/d9b6rardqz97a.cloudfront.net\/blog\/wp-content\/uploads\/2022\/07\/09115857\/700x200-Seguro-Salud-Integral.jpg\" alt=\"\" width=\"700\" height=\"200\" srcset=\"https:\/\/d9b6rardqz97a.cloudfront.net\/blog\/wp-content\/uploads\/2022\/07\/09115857\/700x200-Seguro-Salud-Integral.jpg 700w, https:\/\/d9b6rardqz97a.cloudfront.net\/blog\/wp-content\/uploads\/2022\/07\/09115857\/700x200-Seguro-Salud-Integral-300x86.jpg 300w\" sizes=\"(max-width: 700px) 100vw, 700px\" \/><\/a><\/span><\/p>\n<p><strong><em>Tambi\u00e9n puede leer:<\/em> <a href=\"https:\/\/www.segurosbolivar.com\/blog\/bienestar\/alertas-tempranas-para-visitar-al-psicologo\/\" target=\"_blank\" rel=\"noopener\">5 se\u00f1ales que indican que debe ir al psic\u00f3logo<\/a><\/strong><\/p>\n<h2><b>Causas de los trastornos de conducta alimentaria<\/b><\/h2>\n<p><span style=\"font-weight: 400;\">Como mencionamos en un inicio, los TCA tienen m\u00faltiples causas. Sin embargo, es bien sabido que el <\/span><b>uso inadecuado de las redes sociales y la sobreexposici\u00f3n de cuerpos irreales <\/b><span style=\"font-weight: 400;\">son disparadores de estos trastornos.\u00a0<\/span><\/p>\n<p><span style=\"font-weight: 400;\">Por otro lado, hay factores psicol\u00f3gicos que pueden contribuir a los trastornos alimenticios como: la baja autoestima, los sentimientos de insuficiencia o falta de control de la vida;<\/span><a href=\"https:\/\/www.clinicaunisabana.edu.co\/pacientes\/educacionalpaciente\/articulos-de-educacion\/psicologia\/trastornos-alimenticios\/\" target=\"_blank\" rel=\"noopener\"><b> la depresi\u00f3n, ansiedad, enojo y\/o soledad<\/b><\/a><span style=\"font-weight: 400;\">, las dificultades en las relaciones personales y familiares, la dificultad para expresar sentimientos y emociones, el haber recibido rechazo por el peso o alg\u00fan antecedente de abuso f\u00edsico o sexual.<\/span><\/p>\n<h2><b>Tipos de trastornos de la conducta alimentaria<\/b><\/h2>\n<p><span style=\"font-weight: 400;\">Existen varias enfermedades relacionadas con la conducta alimentaria, a continuaci\u00f3n presentaremos algunas de estas. De acuerdo con el <\/span><b>Instituto Colombiano de Bienestar Familiar<\/b><span style=\"font-weight: 400;\">, estos son algunos tipos de TCA:<\/span><\/p>\n<h3><b>Anorexia<\/b><\/h3>\n<p><span style=\"font-weight: 400;\">Esta enfermedad se caracteriza por un <\/span><b>peso corporal anormalmente bajo<\/b><span style=\"font-weight: 400;\">, la percepci\u00f3n distorsionada del peso (cuando la persona se siente gorda, aunque est\u00e9 demasiado delgada), el intenso temor a aumentar de peso y la restricci\u00f3n, debido a ello, de la cantidad de alimentos que se consume.<\/span><span style=\"font-weight: 400;\">\u00a0<\/span><\/p>\n<h3><b>Bulimia<\/b><span style=\"font-weight: 400;\">\u00a0<\/span><\/h3>\n<p><span style=\"font-weight: 400;\">La bulimia se caracteriza por \u201catracones\u201d, en los que se consume comida en exceso y en cortos periodos de tiempo. En este caso, <\/span><a href=\"https:\/\/www.icbf.gov.co\/mis-manos-te-ensenan\/trastornos-de-la-conducta-alimentaria-que-son-y-por-que-los-adolescentes-son\" target=\"_blank\" rel=\"noopener\"><b>para evitar aumentar peso se recurre al v\u00f3mito<\/b><\/a><span style=\"font-weight: 400;\">, al uso de laxantes, diur\u00e9ticos, enemas, realizaci\u00f3n de ayunos o de ejercicio en exceso.<\/span><\/p>\n<h3><b>Trastorno Alimentario Compulsivo (TAC)<\/b><\/h3>\n<p><span style=\"font-weight: 400;\">A diferencia de la bulimia, <\/span><b>en el TAC la persona no se provoca el v\u00f3mito despu\u00e9s de sus episodios recurrentes de atracones<\/b><span style=\"font-weight: 400;\">. En este caso, la caracter\u00edstica es la ingesta excesiva de comida en un per\u00edodo corto de tiempo, por ejemplo, a lo largo de 2 horas.\u00a0<\/span><\/p>\n<p><span style=\"font-weight: 400;\">Quien tiene este padecimiento no puede parar de comer o no puede controlar la cantidad de alimentos que est\u00e1 consumiendo. Suele ser una persona <\/span> <span style=\"font-weight: 400;\">que come m\u00e1s r\u00e1pido de lo normal, incluso, cuando no tiene hambre, y se a\u00edsla para comer porque le da verg\u00fcenza la cantidad que ingiere o desarrolla sentimientos de molestia, depresi\u00f3n o culpabilidad despu\u00e9s de haber comido.\u00a0<\/span><\/p>\n<p><em><strong>Tambi\u00e9n puede leer:<\/strong><\/em> <strong><a href=\"https:\/\/www.segurosbolivar.com\/blog\/bienestar\/conozca-los-tipos-de-diabetes-y-su-prevencion\/\" target=\"_blank\" rel=\"noopener\">Diabetes: \u00bfqu\u00e9 es y c\u00f3mo prevenirla?<\/a><\/strong><\/p>\n<h2><b>Se\u00f1ales de alerta de un posible TCA<\/b><\/h2>\n<p><span style=\"font-weight: 400;\">Si bien es cierto que el diagn\u00f3stico de un TCA solo lo puede hacer un profesional en salud mental, algunas se\u00f1ales que se pueden relacionar con estas enfermedades, seg\u00fan la <\/span><b>Asociaci\u00f3n contra la Anorexia y la Bulimia de Catalu\u00f1a<\/b><span style=\"font-weight: 400;\">,<\/span> <span style=\"font-weight: 400;\">son:<\/span><\/p>\n<ul>\n<li><span style=\"font-weight: 400;\">Estado de preocupaci\u00f3n constante por la comida.\u00a0<\/span><\/li>\n<li><span style=\"font-weight: 400;\">Uso injustificado de dietas restrictivas.<\/span><\/li>\n<li><span style=\"font-weight: 400;\">Inter\u00e9s exagerado por recetas de cocina.<\/span><\/li>\n<li><a href=\"https:\/\/www.acab.org\/es\/los-trastornos-de-conducta-alimentaria\/que-son-los-tca\/factores-de-riesgo-y-sintomas\/\" target=\"_blank\" rel=\"noopener\"><b>Sentimiento de culpa por haber comido<\/b><\/a><b>.<\/b><\/li>\n<li><span style=\"font-weight: 400;\">Comportamiento alimentario extra\u00f1o (comer muy r\u00e1pido).<\/span><\/li>\n<li><span style=\"font-weight: 400;\">Encerrarse en el ba\u00f1o despu\u00e9s de cada comida.<\/span><\/li>\n<li><span style=\"font-weight: 400;\">Evitar comidas en familia o con amigos.<\/span><\/li>\n<li><span style=\"font-weight: 400;\">Encontrar comida escondida en la habitaci\u00f3n de una persona.\u00a0<\/span><\/li>\n<li><span style=\"font-weight: 400;\">Encontrar grandes cantidades de restos de comida en una habitaci\u00f3n o en la basura.<\/span><\/li>\n<\/ul>\n<h2><b>Medidas de prevenci\u00f3n<\/b><\/h2>\n<p><span style=\"font-weight: 400;\">\u00bfQu\u00e9 se puede hacer para evitar sufrir alg\u00fan trastorno de la conducta alimentaria? La <\/span><b>psic\u00f3loga y profesora del Instituto de La Familia, Aida Casadiego<\/b><span style=\"font-weight: 400;\">, brind\u00f3 algunas recomendaciones al respecto en una publicaci\u00f3n del la Universidad de la Sabana:<\/span><\/p>\n<ul>\n<li><span style=\"font-weight: 400;\">Fortalecer la autoestima, partiendo de que esta no debe basarse solo en el aspecto f\u00edsico, sino tambi\u00e9n en el interior.<\/span><\/li>\n<li><a href=\"https:\/\/www.unisabana.edu.co\/portaldenoticias\/al-dia\/trastornos-de-la-conducta-alimentaria-prevencion-y-cuidado-desde-la-familia\/\" target=\"_blank\" rel=\"noopener\"><b>Favorecer una imagen corporal positiva.<\/b><\/a><b>\u00a0<\/b><\/li>\n<li><span style=\"font-weight: 400;\">Potencializar el autoconocimiento, reconociendo fortalezas y debilidades propias.<\/span><\/li>\n<li><span style=\"font-weight: 400;\">Aprender a aceptarse y a respetarse individualmente, para hacer lo mismo con las otras personas.<\/span><\/li>\n<li><span style=\"font-weight: 400;\">Tener h\u00e1bitos y estilos de vida saludables.<\/span><\/li>\n<li><span style=\"font-weight: 400;\">Compartir una comida en familia al d\u00eda, ya que se pueden observar los comportamientos de las personas con respecto a su alimentaci\u00f3n.<\/span><\/li>\n<\/ul>\n<p><span style=\"font-weight: 400;\">Le invitamos a conocer la <\/span><b>relaci\u00f3n entre la nutrici\u00f3n y el bienestar mental<\/b><span style=\"font-weight: 400;\">, reviviendo el live al respecto, de nuestro aliado DoctorAk\u00ed, ingrese <\/span><a href=\"https:\/\/www.doctoraki.com\/blog\/bienestar-y-salud\/sabes-como-influyen-emociones-nuestra-salud\/\" target=\"_blank\" rel=\"noopener\"><b>aqu\u00ed<\/b><\/a><span style=\"font-weight: 400;\">.\u00a0<\/span><\/p>\n<h2><b>\u00bfSe pueden curar los Trastornos de la Conducta Alimentaria?<\/b><\/h2>\n<p><span style=\"font-weight: 400;\">S\u00ed, <\/span><a href=\"https:\/\/www.clinicbarcelona.org\/asistencia\/enfermedades\/trastornos-de-la-conducta-alimentaria\/evolucion-de-la-enfermedad\" target=\"_blank\" rel=\"noopener\"><b>s\u00ed se pueden curar los TCA<\/b><\/a><span style=\"font-weight: 400;\">. Generalmente, es necesario un tratamiento intensivo en un centro especializado, y en la mayor\u00eda de los casos, la recuperaci\u00f3n puede tomar varios a\u00f1os. Por eso, <\/span><b>el diagn\u00f3stico temprano de un m\u00e9dico y la intervenci\u00f3n precoz son clave. <\/b><span style=\"font-weight: 400;\">Tenga presente que todos los trastornos de la conducta alimentaria son peligrosos, si no se atienden a tiempo y adecuadamente.\u00a0<\/span><\/p>\n<p><span style=\"font-weight: 400;\">Por \u00faltimo, no olvide que dos de los elementos fundamentales en el acompa\u00f1amiento a personas que padecen estos trastornos alimenticios son el amor y la comprensi\u00f3n. Recuerde que cuando se trata de su bienestar y salud mental, en <\/span><a href=\"https:\/\/www.segurosbolivar.com\/?utm_source=Autopauta&amp;utm_medium=Blog_enlace&amp;utm_campaign=BG_bolivar_8840&amp;utm_term=_seguros_bolivar\" target=\"_blank\" rel=\"noopener\"><b>Seguros Bol\u00edvar<\/b><\/a><span style=\"font-weight: 400;\"> pensamos en usted.\u00a0<\/span><\/p>\n<table style=\"width: 100%;\" cellspacing=\"0\" cellpadding=\"0\" align=\"center\">\n<tbody>\n<tr style=\"text-align: center; font-family: Open Sans, sans-serif;\">\n<td style=\"padding-bottom: 24px; color: #29292a; font-size: 18px; font-weight: 600;\">\u00bfQu\u00e9 tan \u00fatil le pareci\u00f3 este contenido?<\/td>\n<\/tr>\n<tr style=\"text-align: center;\">\n<td>\n<table style=\"width: 100%; max-width: 400px; margin: auto;\" cellspacing=\"0\" cellpadding=\"0\">\n<tbody>\n<tr>\n<td><a style=\"text-decoration: none;\" href=\"https:\/\/survey.survicate.com\/1aa256dae6362312\/?pieza=8840_que_son_los_trastornos_de_la_conducta_alimentaria||&amp;aid=2510313\" target=\"_blank\" rel=\"nofollow noopener\"> <img decoding=\"async\" style=\"width: 32px; height: 32px;\" src=\"https:\/\/image.experienciasbolivar.segurosbolivar.com\/lib\/fe3511747364047b751475\/m\/1\/7d675113-0e03-409d-944b-3b06b10fb55e.png\" \/> <\/a><\/td>\n<td><a style=\"text-decoration: none;\" href=\"https:\/\/survey.survicate.com\/1aa256dae6362312\/?pieza=8840_que_son_los_trastornos_de_la_conducta_alimentaria||&amp;aid=2510314\" target=\"_blank\" rel=\"nofollow noopener\"> <img decoding=\"async\" style=\"width: 32px; height: 32px;\" src=\"https:\/\/image.experienciasbolivar.segurosbolivar.com\/lib\/fe3511747364047b751475\/m\/1\/2cceee11-e12d-4873-bb48-569d2d4afe2d.png\" \/> <\/a><\/td>\n<td><a style=\"text-decoration: none;\" href=\"https:\/\/survey.survicate.com\/1aa256dae6362312\/?pieza=8840_que_son_los_trastornos_de_la_conducta_alimentaria||&amp;aid=2510315\" target=\"_blank\" rel=\"nofollow noopener\"> <img decoding=\"async\" style=\"width: 32px; height: 32px;\" src=\"https:\/\/image.experienciasbolivar.segurosbolivar.com\/lib\/fe3511747364047b751475\/m\/1\/7553bd02-b4da-452e-9446-d80f342e8662.png\" \/> <\/a><\/td>\n<td><a style=\"text-decoration: none;\" href=\"https:\/\/survey.survicate.com\/1aa256dae6362312\/?pieza=8840_que_son_los_trastornos_de_la_conducta_alimentaria||&amp;aid=2510316\" target=\"_blank\" rel=\"nofollow noopener\"> <img decoding=\"async\" style=\"width: 32px; height: 32px;\" src=\"https:\/\/image.experienciasbolivar.segurosbolivar.com\/lib\/fe3511747364047b751475\/m\/1\/1aa041a1-6fa1-4da5-8ce4-099bda589a6d.png\" \/> <\/a><\/td>\n<td><a style=\"text-decoration: none;\" href=\"https:\/\/survey.survicate.com\/1aa256dae6362312\/?pieza=8840_que_son_los_trastornos_de_la_conducta_alimentaria||&amp;aid=2510317\" target=\"_blank\" rel=\"nofollow noopener\"> <img decoding=\"async\" style=\"width: 32px; height: 32px;\" src=\"https:\/\/image.experienciasbolivar.segurosbolivar.com\/lib\/fe3511747364047b751475\/m\/1\/237d20e9-0b59-4c8a-8a44-8733a91bb3e1.png\" \/> <\/a><\/td>\n<\/tr>\n<\/tbody>\n<\/table>\n<\/td>\n<\/tr>\n<\/tbody>\n<\/table>\n","protected":false},"excerpt":{"rendered":"<p>Cada 30 de noviembre se conmemora el D\u00eda Internacional de la Lucha contra los Trastornos de la Conducta Alimentaria. Detalles, aqu\u00ed.<\/p>\n","protected":false},"author":14,"featured_media":8841,"comment_status":"open","ping_status":"open","sticky":false,"template":"","format":"standard","meta":{"footnotes":""},"categories":[84],"tags":[59,47,52,37,191,98],"class_list":["post-8840","post","type-post","status-publish","format-standard","has-post-thumbnail","hentry","category-bienestar-y-salud","tag-bienestar-bolivar","tag-consejos-de-salud","tag-estilo-de-vida-saludable","tag-habitos-saludables","tag-seguro-de-salud-integral","tag-tendencias"],"_links":{"self":[{"href":"https:\/\/www.segurosbolivar.com\/blog\/wp-json\/wp\/v2\/posts\/8840","targetHints":{"allow":["GET"]}}],"collection":[{"href":"https:\/\/www.segurosbolivar.com\/blog\/wp-json\/wp\/v2\/posts"}],"about":[{"href":"https:\/\/www.segurosbolivar.com\/blog\/wp-json\/wp\/v2\/types\/post"}],"author":[{"embeddable":true,"href":"https:\/\/www.segurosbolivar.com\/blog\/wp-json\/wp\/v2\/users\/14"}],"replies":[{"embeddable":true,"href":"https:\/\/www.segurosbolivar.com\/blog\/wp-json\/wp\/v2\/comments?post=8840"}],"version-history":[{"count":11,"href":"https:\/\/www.segurosbolivar.com\/blog\/wp-json\/wp\/v2\/posts\/8840\/revisions"}],"predecessor-version":[{"id":46649,"href":"https:\/\/www.segurosbolivar.com\/blog\/wp-json\/wp\/v2\/posts\/8840\/revisions\/46649"}],"wp:featuredmedia":[{"embeddable":true,"href":"https:\/\/www.segurosbolivar.com\/blog\/wp-json\/wp\/v2\/media\/8841"}],"wp:attachment":[{"href":"https:\/\/www.segurosbolivar.com\/blog\/wp-json\/wp\/v2\/media?parent=8840"}],"wp:term":[{"taxonomy":"category","embeddable":true,"href":"https:\/\/www.segurosbolivar.com\/blog\/wp-json\/wp\/v2\/categories?post=8840"},{"taxonomy":"post_tag","embeddable":true,"href":"https:\/\/www.segurosbolivar.com\/blog\/wp-json\/wp\/v2\/tags?post=8840"}],"curies":[{"name":"wp","href":"https:\/\/api.w.org\/{rel}","templated":true}]}}