{"id":6067,"date":"2023-10-09T08:29:34","date_gmt":"2023-10-09T13:29:34","guid":{"rendered":"https:\/\/www.segurosbolivar.com\/blog\/?p=6067"},"modified":"2026-02-17T08:53:41","modified_gmt":"2026-02-17T13:53:41","slug":"que-es-y-como-cuidar-la-salud-mental-claves-y-consejos","status":"publish","type":"post","link":"https:\/\/www.segurosbolivar.com\/blog\/bienestar-y-salud\/que-es-y-como-cuidar-la-salud-mental-claves-y-consejos\/","title":{"rendered":"\u00bfC\u00f3mo cuidar la salud mental?"},"content":{"rendered":"<p><span style=\"font-weight: 400;\">La salud mental ha cobrado importancia en los \u00faltimos a\u00f1os, ya que hemos aprendido que es uno de los pilares m\u00e1s importantes de la salud. Este 10 de octubre es el <\/span><a href=\"https:\/\/www.who.int\/es\/campaigns\/world-mental-health-day\/2023\" target=\"_blank\" rel=\"nofollow noopener noreferrer\"><b>D\u00eda Mundial de la Salud Mental<\/b><\/a><span style=\"font-weight: 400;\"> y nos unimos a esta fecha compartiendo algunas claves para cuidar la suya.<\/span><\/p>\n<h2><strong>Salud mental para todos<\/strong><\/h2>\n<p><span style=\"font-weight: 400;\">En los \u00faltimos a\u00f1os la vida como la conoc\u00edamos tuvo un cambio. <strong>Y aunque la mayor\u00eda de personas ya experimentaron un regreso a una aparente normalidad<\/strong>; otros han visto con el paso del tiempo afectada su salud mental, ya sea por las diferentes experiencias que han tenido que sobrellevar, porque viven solos, porque enfrentan en este preciso momento situaciones adversas, entre otras razones. Sin embargo, lo importante es entender que siempre es posible salir adelante.\u00a0<\/span><\/p>\n<p><strong><em>Tambi\u00e9n le puede interesar leer:\u00a0<\/em><\/strong><strong><a href=\"https:\/\/www.segurosbolivar.com\/blog\/bienestar-y-salud\/muevase-un-poco-mas-y-cuide-su-salud-mental\/\" target=\"_blank\" rel=\"noopener\">\u00a1Mu\u00e9vase un poco m\u00e1s y cuide su salud mental!\u00a0<\/a><\/strong><\/p>\n<p><span style=\"font-weight: 400;\">En <\/span><a href=\"https:\/\/www.segurosbolivar.com?autopauta=Ambos_Link_6067_Seguros_Bolivar_Inicio_\" target=\"_blank\" rel=\"noopener\"><b>Seguros Bol\u00edvar, <\/b><\/a><span style=\"font-weight: 400;\">queremos invitarlo a cuidar la salud mental propia y de los dem\u00e1s. Por eso, a continuaci\u00f3n, le contamos qu\u00e9 comprende la salud mental y compartimos algunas<\/span><b> recomendaciones para ayudar a relajar la mente. No si antes recordarles que descargando nuestra App <a href=\"https:\/\/www.segurosbolivar.com\/blog\/bienestar\/app-bolivar-conmigo-soluciones-practicas-en-movilidad-bienestar-y-hogar\/\" target=\"_blank\" rel=\"noopener\">Bol\u00edvar Conmigo<\/a> tambi\u00e9n podr\u00e1 encontrar herramientas para cuidar su salud mental.<span class=\"fe5nidar khvhiq1o r5qsrrlp i5tg98hk f9ovudaz przvwfww gx1rr48f gfz4du6o r7fjleex nz2484kf svot0ezm dcnh1tix sxl192xd t3g6t33p\"><span class=\"mpj7bzys xzlurrtv\">\u00a0<\/span><\/span><\/b><span style=\"font-weight: 400;\">\u00a1Empecemos a dar el primer paso por nuestro bienestar!<\/span><\/p>\n<p><a href=\"https:\/\/digital.experienciasbolivar.segurosbolivar.com\/seguro-salud-integral?utm_source=Autopauta&amp;utm_medium=Blog_banner_interno&amp;utm_campaign=BG_salud_6067\" target=\"_blank\" rel=\"noopener\"><img fetchpriority=\"high\" decoding=\"async\" class=\"aligncenter size-full wp-image-14908\" src=\"https:\/\/d9b6rardqz97a.cloudfront.net\/blog\/wp-content\/uploads\/2022\/07\/09115857\/700x200-Seguro-Salud-Integral.jpg\" alt=\"\" width=\"700\" height=\"200\" srcset=\"https:\/\/d9b6rardqz97a.cloudfront.net\/blog\/wp-content\/uploads\/2022\/07\/09115857\/700x200-Seguro-Salud-Integral.jpg 700w, https:\/\/d9b6rardqz97a.cloudfront.net\/blog\/wp-content\/uploads\/2022\/07\/09115857\/700x200-Seguro-Salud-Integral-300x86.jpg 300w\" sizes=\"(max-width: 700px) 100vw, 700px\" \/><\/a><\/p>\n<h2><b>\u00bfQu\u00e9 es la salud mental?\u00a0<\/b><\/h2>\n<p><b>\u00a0<\/b><span style=\"font-weight: 400;\">\u201cLa salud mental abarca el bienestar emocional, psicol\u00f3gico y social. <strong>Tiene relaci\u00f3n con la forma en que pensamos, sentimos y actuamos.<\/strong> Adem\u00e1s, permite y determina la forma en que se gestiona el estr\u00e9s y tomamos decisiones\u201d, as\u00ed lo explica el portal especializado <a href=\"https:\/\/medlineplus.gov\/spanish\/mentalhealth.html\" target=\"_blank\" rel=\"noopener\"><strong>MedlinePlus<\/strong><\/a>.<\/span><\/p>\n<h2><b>Beneficios de cuidarla<\/b><\/h2>\n<p><span style=\"font-weight: 400;\">Al prestar atenci\u00f3n a nuestra salud mental se logran ver resultados en todos los aspectos de nuestras vidas.\u00a0<\/span><b><span style=\"font-weight: 400;\">\ud83c\udf3f\u00a0<\/span><\/b><span style=\"font-weight: 400;\">Tener buena salud mental, es tener la salud completa ya que, seg\u00fan MedlinePlus, permite:\u00a0<\/span><\/p>\n<ul>\n<li><span style=\"font-weight: 400;\">Enfrentar el <a href=\"https:\/\/www.segurosbolivar.com\/blog\/bienestar-laboral\/que-provoca-el-estres-laboral\/\" target=\"_blank\" rel=\"noopener\"><strong>estr\u00e9s<\/strong><\/a> de la vida.<\/span><\/li>\n<li><span style=\"font-weight: 400;\">Estar f\u00edsicamente saludable.<\/span><\/li>\n<li><span style=\"font-weight: 400;\">Tener relaciones sanas.<\/span><\/li>\n<li><span style=\"font-weight: 400;\">Contribuir en forma significativa a la comunidad.<\/span><\/li>\n<li><span style=\"font-weight: 400;\">Trabajar productivamente.<\/span><\/li>\n<li><span style=\"font-weight: 400;\">Alcanzar el completo potencial y prop\u00f3sito de cada d\u00eda.<\/span><\/li>\n<\/ul>\n<p style=\"text-align: center;\"><em><b>\u201cLa salud mental es importante en todas las etapas de la vida, desde la ni\u00f1ez y la adolescencia hasta la adultez y la vejez\u201d.\u00a0<\/b><\/em><em><b>MedlinePlus.<\/b><\/em><\/p>\n<blockquote class=\"instagram-media\" style=\"background: #FFF; border: 0; border-radius: 3px; box-shadow: 0 0 1px 0 rgba(0,0,0,0.5),0 1px 10px 0 rgba(0,0,0,0.15); margin: 1px; max-width: 540px; min-width: 326px; padding: 0; width: calc(100% - 2px);\" data-instgrm-permalink=\"https:\/\/www.instagram.com\/p\/CTeDxXljR_2\/?utm_source=ig_embed&amp;utm_campaign=loading\" data-instgrm-version=\"14\">\n<div style=\"padding: 16px;\">\n<p>&nbsp;<\/p>\n<div style=\"display: flex; flex-direction: row; align-items: center;\">\n<div style=\"background-color: #f4f4f4; border-radius: 50%; flex-grow: 0; height: 40px; margin-right: 14px; width: 40px;\"><\/div>\n<div style=\"display: flex; flex-direction: column; flex-grow: 1; justify-content: center;\">\n<div style=\"background-color: #f4f4f4; border-radius: 4px; flex-grow: 0; height: 14px; margin-bottom: 6px; width: 100px;\"><\/div>\n<div style=\"background-color: #f4f4f4; border-radius: 4px; flex-grow: 0; height: 14px; width: 60px;\"><\/div>\n<\/div>\n<\/div>\n<div style=\"padding: 19% 0;\"><\/div>\n<div style=\"display: block; height: 50px; margin: 0 auto 12px; width: 50px;\"><\/div>\n<div style=\"padding-top: 8px;\">\n<div style=\"color: #3897f0; font-family: Arial,sans-serif; font-size: 14px; font-style: normal; font-weight: 550; line-height: 18px;\">Ver esta publicaci\u00f3n en Instagram<\/div>\n<\/div>\n<div style=\"padding: 12.5% 0;\"><\/div>\n<div style=\"display: flex; flex-direction: row; margin-bottom: 14px; align-items: center;\">\n<div>\n<div style=\"background-color: #f4f4f4; border-radius: 50%; height: 12.5px; width: 12.5px; transform: translateX(0px) translateY(7px);\"><\/div>\n<div style=\"background-color: #f4f4f4; height: 12.5px; transform: rotate(-45deg) translateX(3px) translateY(1px); width: 12.5px; flex-grow: 0; margin-right: 14px; margin-left: 2px;\"><\/div>\n<div style=\"background-color: #f4f4f4; border-radius: 50%; height: 12.5px; width: 12.5px; transform: translateX(9px) translateY(-18px);\"><\/div>\n<\/div>\n<div style=\"margin-left: 8px;\">\n<div style=\"background-color: #f4f4f4; border-radius: 50%; flex-grow: 0; height: 20px; width: 20px;\"><\/div>\n<div style=\"width: 0; height: 0; border-top: 2px solid transparent; border-left: 6px solid #f4f4f4; border-bottom: 2px solid transparent; transform: translateX(16px) translateY(-4px) rotate(30deg);\"><\/div>\n<\/div>\n<div style=\"margin-left: auto;\">\n<div style=\"width: 0px; border-top: 8px solid #F4F4F4; border-right: 8px solid transparent; transform: translateY(16px);\"><\/div>\n<div style=\"background-color: #f4f4f4; flex-grow: 0; height: 12px; width: 16px; transform: translateY(-4px);\"><\/div>\n<div style=\"width: 0; height: 0; border-top: 8px solid #F4F4F4; border-left: 8px solid transparent; transform: translateY(-4px) translateX(8px);\"><\/div>\n<\/div>\n<\/div>\n<div style=\"display: flex; flex-direction: column; flex-grow: 1; justify-content: center; margin-bottom: 24px;\">\n<div style=\"background-color: #f4f4f4; border-radius: 4px; flex-grow: 0; height: 14px; margin-bottom: 6px; width: 224px;\"><\/div>\n<div style=\"background-color: #f4f4f4; border-radius: 4px; flex-grow: 0; height: 14px; width: 144px;\"><\/div>\n<\/div>\n<p>&nbsp;<\/p>\n<p style=\"color: #c9c8cd; font-family: Arial,sans-serif; font-size: 14px; line-height: 17px; margin-bottom: 0; margin-top: 8px; overflow: hidden; padding: 8px 0 7px; text-align: center; text-overflow: ellipsis; white-space: nowrap;\"><a style=\"color: #c9c8cd; font-family: Arial,sans-serif; font-size: 14px; font-style: normal; font-weight: normal; line-height: 17px; text-decoration: none;\" href=\"https:\/\/www.instagram.com\/p\/CTeDxXljR_2\/?utm_source=ig_embed&amp;utm_campaign=loading\" target=\"_blank\" rel=\"nofollow noopener noreferrer\">Una publicaci\u00f3n compartida por Patri Psic\u00f3loga (@patri_psicologa)<\/a><\/p>\n<\/div>\n<\/blockquote>\n<p><script async src=\"\/\/www.instagram.com\/embed.js\"><\/script><\/p>\n<h2><b style=\"font-family: 'Playfair Display', sans-serif;\">\u00bfC\u00f3mo cuidar la salud mental?<\/b><\/h2>\n<p><span style=\"font-weight: 400;\">Patricia Rami\u0301rez, una de las psic\u00f3logas m\u00e1s influyentes de Espa\u00f1a y conocida como <\/span><a href=\"https:\/\/www.instagram.com\/patri_psicologa\/\" target=\"_blank\" rel=\"nofollow noopener noreferrer\"><b>@patri_psicologa<\/b><\/a><span style=\"font-weight: 400;\"> en Instagram, comparte formas muy pr\u00e1cticas y puntuales para cuidar la salud menta, por ejemplo, a trav\u00e9s del:<\/span><\/p>\n<ul>\n<li><span style=\"font-weight: 400;\">Descanso<\/span><\/li>\n<li><span style=\"font-weight: 400;\">Un ritmo m\u00e1s pausado\u00a0<\/span><\/li>\n<li><span style=\"font-weight: 400;\">Menos exigencia<\/span><\/li>\n<li><span style=\"font-weight: 400;\">Respeto hacia nuestros h\u00e1bitos de vida saludables<\/span><\/li>\n<li><span style=\"font-weight: 400;\">Tiempo para nosotras<\/span><\/li>\n<li><span style=\"font-weight: 400;\">Desconexi\u00f3n<\/span><\/li>\n<\/ul>\n<p><span style=\"font-weight: 400;\">Por su parte. Diana de <\/span><a href=\"https:\/\/www.instagram.com\/cuidomimente\/\" target=\"_blank\" rel=\"nofollow noopener noreferrer\"><b>@cuidomimente<\/b><\/a><span style=\"font-weight: 400;\">, reconocida cuenta de consejos de salud mental en Instagram, nos invita a cuidarla empezando<\/span><b> por revisar algunas acciones sencillas que hacemos al ignorar nuestras necesidades.<\/b><\/p>\n<blockquote class=\"instagram-media\" style=\"background: #FFF; border: 0; border-radius: 3px; box-shadow: 0 0 1px 0 rgba(0,0,0,0.5),0 1px 10px 0 rgba(0,0,0,0.15); margin: 1px; max-width: 540px; min-width: 326px; padding: 0; width: calc(100% - 2px);\" data-instgrm-permalink=\"https:\/\/www.instagram.com\/p\/CR42noOs0ah\/?utm_source=ig_embed&amp;utm_campaign=loading\" data-instgrm-version=\"14\">\n<div style=\"padding: 16px;\">\n<p>&nbsp;<\/p>\n<div style=\"display: flex; flex-direction: row; align-items: center;\">\n<div style=\"background-color: #f4f4f4; border-radius: 50%; flex-grow: 0; height: 40px; margin-right: 14px; width: 40px;\"><\/div>\n<div style=\"display: flex; flex-direction: column; flex-grow: 1; justify-content: center;\">\n<div style=\"background-color: #f4f4f4; border-radius: 4px; flex-grow: 0; height: 14px; margin-bottom: 6px; width: 100px;\"><\/div>\n<div style=\"background-color: #f4f4f4; border-radius: 4px; flex-grow: 0; height: 14px; width: 60px;\"><\/div>\n<\/div>\n<\/div>\n<div style=\"padding: 19% 0;\"><\/div>\n<div style=\"display: block; height: 50px; margin: 0 auto 12px; width: 50px;\"><\/div>\n<div style=\"padding-top: 8px;\">\n<div style=\"color: #3897f0; font-family: Arial,sans-serif; font-size: 14px; font-style: normal; font-weight: 550; line-height: 18px;\">View this post on Instagram<\/div>\n<\/div>\n<div style=\"padding: 12.5% 0;\"><\/div>\n<div style=\"display: flex; flex-direction: row; margin-bottom: 14px; align-items: center;\">\n<div>\n<div style=\"background-color: #f4f4f4; border-radius: 50%; height: 12.5px; width: 12.5px; transform: translateX(0px) translateY(7px);\"><\/div>\n<div style=\"background-color: #f4f4f4; height: 12.5px; transform: rotate(-45deg) translateX(3px) translateY(1px); width: 12.5px; flex-grow: 0; margin-right: 14px; margin-left: 2px;\"><\/div>\n<div style=\"background-color: #f4f4f4; border-radius: 50%; height: 12.5px; width: 12.5px; transform: translateX(9px) translateY(-18px);\"><\/div>\n<\/div>\n<div style=\"margin-left: 8px;\">\n<div style=\"background-color: #f4f4f4; border-radius: 50%; flex-grow: 0; height: 20px; width: 20px;\"><\/div>\n<div style=\"width: 0; height: 0; border-top: 2px solid transparent; border-left: 6px solid #f4f4f4; border-bottom: 2px solid transparent; transform: translateX(16px) translateY(-4px) rotate(30deg);\"><\/div>\n<\/div>\n<div style=\"margin-left: auto;\">\n<div style=\"width: 0px; border-top: 8px solid #F4F4F4; border-right: 8px solid transparent; transform: translateY(16px);\"><\/div>\n<div style=\"background-color: #f4f4f4; flex-grow: 0; height: 12px; width: 16px; transform: translateY(-4px);\"><\/div>\n<div style=\"width: 0; height: 0; border-top: 8px solid #F4F4F4; border-left: 8px solid transparent; transform: translateY(-4px) translateX(8px);\"><\/div>\n<\/div>\n<\/div>\n<div style=\"display: flex; flex-direction: column; flex-grow: 1; justify-content: center; margin-bottom: 24px;\">\n<div style=\"background-color: #f4f4f4; border-radius: 4px; flex-grow: 0; height: 14px; margin-bottom: 6px; width: 224px;\"><\/div>\n<div style=\"background-color: #f4f4f4; border-radius: 4px; flex-grow: 0; height: 14px; width: 144px;\"><\/div>\n<\/div>\n<p>&nbsp;<\/p>\n<p style=\"color: #c9c8cd; font-family: Arial,sans-serif; font-size: 14px; line-height: 17px; margin-bottom: 0; margin-top: 8px; overflow: hidden; padding: 8px 0 7px; text-align: center; text-overflow: ellipsis; white-space: nowrap;\"><a style=\"color: #c9c8cd; font-family: Arial,sans-serif; font-size: 14px; font-style: normal; font-weight: normal; line-height: 17px; text-decoration: none;\" href=\"https:\/\/www.instagram.com\/p\/CR42noOs0ah\/?utm_source=ig_embed&amp;utm_campaign=loading\" target=\"_blank\" rel=\"nofollow noopener noreferrer\">Una publicaci\u00f3n compartida por ansiedad | salud mental (@cuidomimente)<\/a><\/p>\n<\/div>\n<\/blockquote>\n<p><script async src=\"\/\/www.instagram.com\/embed.js\"><\/script><\/p>\n<h2><b>Recomendaciones para ayudar a relajar la mente<\/b><\/h2>\n<p><span style=\"font-weight: 400;\">Finalmente, como prop\u00f3sito<strong> invitamos tambi\u00e9n a aplicar la siguiente t\u00e9cnica de relajaci\u00f3n para la mente.<\/strong> \u00a1Es muy sencillo!<\/span><\/p>\n<ul>\n<li><span style=\"font-weight: 400;\">Cada d\u00eda puede escuchar un audio de 10 &#8211; 12 minutos. Puede escoger entre m\u00fasica o ruido blanco, en cualquier plataforma de audio disponible, mientras escucha concentre la atenci\u00f3n hac\u00eda usted mismo y vac\u00ede la mente hasta relajarse.\u00a0<\/span><\/li>\n<li>Para conseguir un h\u00e1bito de relajaci\u00f3n a trav\u00e9s de los sonidos, <strong>puede practicar esta relajaci\u00f3n por 5 d\u00edas, durante 3 semanas.<\/strong> Esto puede ayudarle en momentos de confusi\u00f3n, de necesidad de desconexi\u00f3n o simplemente puede ser parte de la rutina para iniciar o terminar su d\u00eda. Algo tan sencillo beneficiar\u00e1 y aportar\u00e1 en el cuidado de su <a href=\"https:\/\/www.segurosbolivar.com\/blog\/bienestar-y-salud\/tecnicas-para-la-relajacion-y-el-bienestar-mental\/\" target=\"_blank\" rel=\"noopener\"><strong>bienestar<\/strong><\/a>. Podemos ayudarle a desarrollar este nuevo h\u00e1bito desde nuestra App <a href=\"https:\/\/www.segurosbolivar.com\/blog\/bienestar-y-salud\/innovacion-nuevo-gimnasio-virtual-de-bolivar-conmigo\/\" target=\"_blank\" rel=\"noopener\"><strong>Bol\u00edvar Conmigo<\/strong><\/a>, es una aplicaci\u00f3n que promueve el bienestar desde la mente, el cuerpo y los h\u00e1bitos. A\u00f1ada el prop\u00f3sito \u201cAlivie el estr\u00e9s con solo escuchar 12 minutos al d\u00eda\u201d usando la App. A continuaci\u00f3n le contamos m\u00e1s de nuestra aplicaci\u00f3n para una vida saludable.<\/li>\n<\/ul>\n<p><b>\ud83d\udd17<\/b><strong><a href=\"https:\/\/www.segurosbolivar.com\/blog\/prevencion\/el-impacto-del-bullying-y-el-acoso-escolar-en-la-salud-mental-claves-para-prevenirlo\/\" target=\"_blank\" rel=\"noopener\">El impacto del bullying y el acoso escolar en la salud mental, claves para prevenirlo<\/a><\/strong><\/p>\n<h2><b>Bol\u00edvar Conmigo, nuestra App para una vida saludable\u00a0<\/b><\/h2>\n<p>Recuerde nuestra aplicaci\u00f3n m\u00f3vil,\u00a0 le invitamos a descargar la App <a href=\"https:\/\/www.bolivarconmigo.com\/?autopauta=Ambos_Link_6067_app_bolivar_conmigo\" target=\"_blank\" rel=\"noopener\"><b>Bol\u00edvar Conmigo<\/b><\/a>\u00a0para cuidarse, mejorar su bienestar, y tener un estilo de vida tranquilo, en un mismo lugar. Disfrute todos los beneficios si es o no cliente de Seguros Bol\u00edvar, as\u00ed:<\/p>\n<ol>\n<li aria-level=\"1\">Descargue la app\u00a0 en el <a href=\"https:\/\/apps.apple.com\/us\/app\/bol%C3%ADvar-conmigo\/id1551406375\" target=\"_blank\" rel=\"nofollow noopener noreferrer\"><b>App Store de Apple<\/b><\/a>\u00a0para usuarios iOS y en\u00a0<a href=\"https:\/\/play.google.com\/store\/apps\/details?id=com.segurosbolivar.bolivarconmigo\" target=\"_blank\" rel=\"nofollow noopener noreferrer\"><b>Google<\/b>\u00a0<b>Play<\/b><\/a><b>,<\/b>\u00a0para usuarios Android.<\/li>\n<li aria-level=\"1\">Cree su cuenta<\/li>\n<li aria-level=\"1\">Lleve el control de su \u00edndice de bienestar que registra aspectos de salud f\u00edsica, mental, h\u00e1bitos y mucho m\u00e1s.<\/li>\n<li aria-level=\"1\">Rete a sus amigos, e inv\u00edtelos a llevar un estilo de vida saludable tambi\u00e9n.<\/li>\n<\/ol>\n<p><span style=\"font-weight: 400;\">Finalmente, <strong>aproveche este 10 de octubre para relajarse y vivir el d\u00eda con tranquilidad.<\/strong> Recuerde que en <\/span><a href=\"https:\/\/www.segurosbolivar.com?autopauta=Ambos_Link_6067_Seguros_Bolivar_Cierre_\" target=\"_blank\" rel=\"noopener\"><b>Seguros Bol\u00edvar <\/b><\/a><span style=\"font-weight: 400;\">nos preocupamos por su bienestar y el de su familia.\u00a0<\/span><\/p>\n<p><strong><em>Publicado originalmente en octubre de 2022.<\/em><\/strong><\/p>\n<table style=\"width: 100%;\" cellspacing=\"0\" cellpadding=\"0\" align=\"center\">\n<tbody>\n<tr style=\"text-align: center; font-family: Open Sans, sans-serif;\">\n<td style=\"padding-bottom: 24px; color: #29292a; font-size: 18px; font-weight: 600;\">\u00bfQu\u00e9 tan \u00fatil le pareci\u00f3 este contenido?<\/td>\n<\/tr>\n<tr style=\"text-align: center;\">\n<td>\n<table style=\"width: 100%; max-width: 400px; margin: auto;\" cellspacing=\"0\" cellpadding=\"0\">\n<tbody>\n<tr>\n<td><a style=\"text-decoration: none;\" href=\"https:\/\/survey.survicate.com\/1aa256dae6362312\/?pieza=6067_que-es_y_como_cuidar_la_salud_mental_claves_y_consejos||&amp;aid=2510313\" target=\"_blank\" rel=\"nofollow noopener\"> <img decoding=\"async\" style=\"width: 32px; height: 32px;\" src=\"https:\/\/image.experienciasbolivar.segurosbolivar.com\/lib\/fe3511747364047b751475\/m\/1\/7d675113-0e03-409d-944b-3b06b10fb55e.png\" \/> <\/a><\/td>\n<td><a style=\"text-decoration: none;\" href=\"https:\/\/survey.survicate.com\/1aa256dae6362312\/?pieza=6067_que-es_y_como_cuidar_la_salud_mental_claves_y_consejos||&amp;aid=2510314\" target=\"_blank\" rel=\"nofollow noopener\"> <img decoding=\"async\" style=\"width: 32px; height: 32px;\" src=\"https:\/\/image.experienciasbolivar.segurosbolivar.com\/lib\/fe3511747364047b751475\/m\/1\/2cceee11-e12d-4873-bb48-569d2d4afe2d.png\" \/> <\/a><\/td>\n<td><a style=\"text-decoration: none;\" href=\"https:\/\/survey.survicate.com\/1aa256dae6362312\/?pieza=6067_que-es_y_como_cuidar_la_salud_mental_claves_y_consejos||&amp;aid=2510315\" target=\"_blank\" rel=\"nofollow noopener\"> <img decoding=\"async\" style=\"width: 32px; height: 32px;\" src=\"https:\/\/image.experienciasbolivar.segurosbolivar.com\/lib\/fe3511747364047b751475\/m\/1\/7553bd02-b4da-452e-9446-d80f342e8662.png\" \/> <\/a><\/td>\n<td><a style=\"text-decoration: none;\" href=\"https:\/\/survey.survicate.com\/1aa256dae6362312\/?pieza=6067_que-es_y_como_cuidar_la_salud_mental_claves_y_consejos||&amp;aid=2510316\" target=\"_blank\" rel=\"nofollow noopener\"> <img decoding=\"async\" style=\"width: 32px; height: 32px;\" src=\"https:\/\/image.experienciasbolivar.segurosbolivar.com\/lib\/fe3511747364047b751475\/m\/1\/1aa041a1-6fa1-4da5-8ce4-099bda589a6d.png\" \/> <\/a><\/td>\n<td><a style=\"text-decoration: none;\" href=\"https:\/\/survey.survicate.com\/1aa256dae6362312\/?pieza=6067_que-es_y_como_cuidar_la_salud_mental_claves_y_consejos||&amp;aid=2510317\" target=\"_blank\" rel=\"nofollow noopener\"> <img decoding=\"async\" style=\"width: 32px; height: 32px;\" src=\"https:\/\/image.experienciasbolivar.segurosbolivar.com\/lib\/fe3511747364047b751475\/m\/1\/237d20e9-0b59-4c8a-8a44-8733a91bb3e1.png\" \/> <\/a><\/td>\n<\/tr>\n<\/tbody>\n<\/table>\n<\/td>\n<\/tr>\n<\/tbody>\n<\/table>\n","protected":false},"excerpt":{"rendered":"<p>El cuidado de la salud mental inicia en actividades sencillas y prestar atenci\u00f3n a sus necesidades. Le contamos c\u00f3mo cuidarla en el D\u00eda Mundial de la Salud Mental. \ud83c\udf3f<\/p>\n","protected":false},"author":14,"featured_media":8567,"comment_status":"open","ping_status":"open","sticky":false,"template":"","format":"standard","meta":{"footnotes":""},"categories":[84],"tags":[59,35,47,52,71,69,191],"class_list":["post-6067","post","type-post","status-publish","format-standard","has-post-thumbnail","hentry","category-bienestar-y-salud","tag-bienestar-bolivar","tag-bienestar-personal","tag-consejos-de-salud","tag-estilo-de-vida-saludable","tag-habitos","tag-mente","tag-seguro-de-salud-integral"],"_links":{"self":[{"href":"https:\/\/www.segurosbolivar.com\/blog\/wp-json\/wp\/v2\/posts\/6067","targetHints":{"allow":["GET"]}}],"collection":[{"href":"https:\/\/www.segurosbolivar.com\/blog\/wp-json\/wp\/v2\/posts"}],"about":[{"href":"https:\/\/www.segurosbolivar.com\/blog\/wp-json\/wp\/v2\/types\/post"}],"author":[{"embeddable":true,"href":"https:\/\/www.segurosbolivar.com\/blog\/wp-json\/wp\/v2\/users\/14"}],"replies":[{"embeddable":true,"href":"https:\/\/www.segurosbolivar.com\/blog\/wp-json\/wp\/v2\/comments?post=6067"}],"version-history":[{"count":26,"href":"https:\/\/www.segurosbolivar.com\/blog\/wp-json\/wp\/v2\/posts\/6067\/revisions"}],"predecessor-version":[{"id":16001,"href":"https:\/\/www.segurosbolivar.com\/blog\/wp-json\/wp\/v2\/posts\/6067\/revisions\/16001"}],"wp:featuredmedia":[{"embeddable":true,"href":"https:\/\/www.segurosbolivar.com\/blog\/wp-json\/wp\/v2\/media\/8567"}],"wp:attachment":[{"href":"https:\/\/www.segurosbolivar.com\/blog\/wp-json\/wp\/v2\/media?parent=6067"}],"wp:term":[{"taxonomy":"category","embeddable":true,"href":"https:\/\/www.segurosbolivar.com\/blog\/wp-json\/wp\/v2\/categories?post=6067"},{"taxonomy":"post_tag","embeddable":true,"href":"https:\/\/www.segurosbolivar.com\/blog\/wp-json\/wp\/v2\/tags?post=6067"}],"curies":[{"name":"wp","href":"https:\/\/api.w.org\/{rel}","templated":true}]}}