{"id":47944,"date":"2026-03-09T12:53:19","date_gmt":"2026-03-09T17:53:19","guid":{"rendered":"https:\/\/www.segurosbolivar.com\/blog\/?p=47944"},"modified":"2026-03-09T15:54:24","modified_gmt":"2026-03-09T20:54:24","slug":"como-enfrentar-un-despido-laboral","status":"publish","type":"post","link":"https:\/\/www.segurosbolivar.com\/blog\/bienestar-y-salud\/como-enfrentar-un-despido-laboral\/","title":{"rendered":"La vida despu\u00e9s de un despido laboral: c\u00f3mo actuar ante esta situaci\u00f3n"},"content":{"rendered":"\t\t<div data-elementor-type=\"wp-post\" data-elementor-id=\"47944\" class=\"elementor elementor-47944\" data-elementor-post-type=\"post\">\n\t\t\t\t<div data-particle_enable=\"false\" data-particle-mobile-disabled=\"false\" class=\"elementor-element elementor-element-518bf64 e-flex e-con-boxed e-con e-parent\" data-id=\"518bf64\" data-element_type=\"container\">\n\t\t\t\t\t<div class=\"e-con-inner\">\n\t\t\t\t<div class=\"elementor-element elementor-element-db580a6 elementor-widget elementor-widget-html\" data-id=\"db580a6\" data-element_type=\"widget\" data-widget_type=\"html.default\">\n\t\t\t\t<div class=\"elementor-widget-container\">\n\t\t\t\t\t<!DOCTYPE html>\n\n<html lang=\"es\">\n<head>\n<meta charset=\"UTF-8\">\n<meta name=\"viewport\" content=\"width=device-width, initial-scale=1.0\">\n<link href=\"[https:\/\/fonts.googleapis.com\/css2?family=Roboto+Condensed:wght@400;700;900&family=Roboto:wght@300;400;500;700;900&display=swap](https:\/\/fonts.googleapis.com\/css2?family=Roboto+Condensed:wght@400;700;900&family=Roboto:wght@300;400;500;700;900&display=swap)\" rel=\"stylesheet\">\n\n<style>\n    \/* --- ESTILOS LOCALES PARA ESTE BLOQUE --- *\/\n    :root {\n        --sb-green: #005F39;\n        --sb-green-dark: #004529;\n        --sb-yellow: #FFE16F;\n        --sb-text: #1B1B1B;\n        --sb-bg-light: #F2F9F6;\n        --sb-white: #FFFFFF;\n        --sb-radius: 16px;\n        --sb-shadow: 0 10px 30px rgba(0,0,0,0.08);\n    }\n\n    body { font-family: 'Roboto', sans-serif; color: var(--sb-text); margin: 20px; }\n\n    \/* Card: Respuesta R\u00e1pida *\/\n    .sb-card-quick { \n        background-color: var(--sb-bg-light); \n        border-left: 6px solid var(--sb-green); \n        border-radius: 0 12px 12px 0; \n        padding: 25px; \n        margin-bottom: 40px; \n        box-shadow: 0 4px 12px rgba(0,0,0,0.05); \n    }\n    \n    .sb-card-quick h3 { \n        color: var(--sb-green); \n        font-size: 1.2rem; \n        font-weight: 900; \n        margin: 0 0 10px 0; \n        font-family: 'Roboto Condensed', sans-serif; \n        text-transform: none; \/* Ajustado a tipo oraci\u00f3n *\/\n    }\n    \n    .sb-card-quick p { \n        font-size: 1rem; \n        margin: 0; \n        color: #444; \n        line-height: 1.5;\n    }\n    .sb-card-quick strong { font-weight: 700; color: var(--sb-green); }\n\n    \/* Card: Lo que aprender\u00e1s *\/\n    .sb-card-learn { \n        background-color: #fff; \n        border: 1px solid #eee; \n        border-radius: var(--sb-radius); \n        padding: 30px; \n        margin-bottom: 40px; \n        box-shadow: var(--sb-shadow); \n    }\n\n    .sb-learn-header { \n        display: flex; \n        align-items: center; \n        gap: 15px; \n        margin-bottom: 20px; \n        border-bottom: 2px solid var(--sb-yellow); \n        padding-bottom: 15px; \n    }\n\n    .sb-learn-icon-svg { width: 32px; height: 32px; fill: var(--sb-green); }\n    \n    .sb-learn-header h3 { \n        color: var(--sb-green); \n        font-size: 1.4rem; \n        font-weight: 900; \n        margin: 0; \n        font-family: 'Roboto Condensed', sans-serif; \n        text-transform: none; \/* Ajustado a tipo oraci\u00f3n *\/\n    }\n    \n    .sb-learn-list { padding: 0; margin: 0; list-style: none; }\n    \n    .sb-learn-list li { \n        margin-bottom: 12px; \n        font-size: 1rem; \n        color: #555; \n        padding-left: 20px; \n        position: relative; \n        line-height: 1.5;\n    }\n    \n    .sb-learn-list li::before { \n        content: '\u2713'; \n        color: var(--sb-green); \n        font-weight: 900; \n        position: absolute; \n        left: 0; \n    }\n\n    .sb-meta-box { \n        background-color: var(--sb-bg-light); \n        border-radius: 8px; \n        padding: 15px; \n        margin-top: 20px; \n        display: flex; \n        gap: 20px; \n        flex-wrap: wrap; \n        font-size: 0.9rem; \n        font-weight: 500; \n        color: var(--sb-green); \n    }\n<\/style>\n\n\n<\/head>\n<body>\n\n\n<div class=\"sb-card-quick\">\n    <h3>Respuesta r\u00e1pida<\/h3>\n    <p>\n        Afrontar un despido laboral es un <strong>proceso de adaptaci\u00f3n<\/strong> que requiere tiempo y cuidado personal. Para gestionarlo con serenidad, es fundamental <strong>reconocer sus emociones<\/strong> sin juzgarse, mantener <strong>h\u00e1bitos saludables<\/strong> y organizar sus <strong>finanzas con calma<\/strong>. Al actualizar su perfil y apoyarse en sus seres queridos, podr\u00e1 transformar este reto en una <strong>nueva oportunidad de crecimiento<\/strong> para su futuro, siempre priorizando su <strong>bienestar integral<\/strong>.\n    <\/p>\n<\/div>\n\n<div class=\"sb-card-learn\">\n    <div class=\"sb-learn-header\">\n        <svg class=\"sb-learn-icon-svg\" viewBox=\"0 0 24 24\"><path d=\"M12 2C6.48 2 2 6.48 2 12s4.48 10 10 10 10-4.48 10-10S17.52 2 12 2zm1 15h-2v-6h2v6zm0-8h-2V7h2v2z\"\/><\/svg>\n        <h3>Lo que aprender\u00e1 en este art\u00edculo<\/h3>\n    <\/div>\n    <p style=\"margin-bottom:20px; line-height: 1.6; color:#333;\">\n        Descubrir\u00e1 herramientas valiosas para manejar la p\u00e9rdida de su empleo con tranquilidad, permiti\u00e9ndole cuidar su salud emocional y f\u00edsica mientras se prepara para dar el siguiente paso en su camino profesional.\n    <\/p>\n    <ul class=\"sb-learn-list\">\n        <li><strong>Gesti\u00f3n emocional:<\/strong> Entender\u00e1 c\u00f3mo procesar los sentimientos de incertidumbre y convertirlos en resiliencia.<\/li>\n        <li><strong>Acciones pr\u00e1cticas:<\/strong> Conocer\u00e1 los pasos clave para organizar sus gastos y potenciar su perfil profesional de cara a nuevos retos.<\/li>\n        <li><strong>Importancia del apoyo:<\/strong> Aprender\u00e1 el valor de fortalecer su red de contactos y contar con un respaldo en salud para proteger su futuro.<\/li>\n    <\/ul>\n    <div class=\"sb-meta-box\">\n        <div>\u23f1\ufe0f <strong>Tiempo:<\/strong> 4 min<\/div>\n        <div>\ud83d\udcca <strong>Nivel:<\/strong> B\u00e1sico<\/div>\n        <div>\ud83d\udcbc <strong>Para:<\/strong> Profesionales y Empleados<\/div>\n    <\/div>\n<\/div>\n\n\n<\/body>\n<\/html>\t\t\t\t<\/div>\n\t\t\t\t<\/div>\n\t\t\t\t\t<\/div>\n\t\t\t\t<\/div>\n\t\t<div data-particle_enable=\"false\" data-particle-mobile-disabled=\"false\" class=\"elementor-element elementor-element-5ad1e800 e-flex e-con-boxed e-con e-parent\" data-id=\"5ad1e800\" data-element_type=\"container\">\n\t\t\t\t\t<div class=\"e-con-inner\">\n\t\t\t\t<div class=\"elementor-element elementor-element-552b236c elementor-widget elementor-widget-text-editor\" data-id=\"552b236c\" data-element_type=\"widget\" data-widget_type=\"text-editor.default\">\n\t\t\t\t<div class=\"elementor-widget-container\">\n\t\t\t\t\t\t\t\t\t<p><span style=\"font-weight: 400;\">Un despido laboral puede sentirse como un giro inesperado en el camino. Un d\u00eda todo parece transcurrir con normalidad y, al siguiente, llega una noticia que cambia el panorama. As\u00ed le ocurri\u00f3 a Valentina*, quien recibi\u00f3 una llamada que pens\u00f3 ser\u00eda una reuni\u00f3n rutinaria y termin\u00f3 siendo la notificaci\u00f3n de la terminaci\u00f3n de su contrato sin justa causa. No estaba preparada. Y, como muchas personas, tampoco sab\u00eda c\u00f3mo afrontar ese momento.<\/span><\/p><p><span style=\"font-weight: 400;\">Perder el empleo no solo implica un cambio en la rutina diaria<strong>. Tambi\u00e9n puede generar incertidumbre, preocupaci\u00f3n y una sensaci\u00f3n de inestabilidad. Es natural que aparezcan emociones intensas.<\/strong> Desde la psicolog\u00eda, esta experiencia se entiende como un proceso de duelo: una reacci\u00f3n emocional ante la p\u00e9rdida de algo significativo, en este caso, el trabajo y la estabilidad financiera.<\/span><\/p><p><span style=\"font-weight: 400;\">Toda p\u00e9rdida \u2014ya sea la muerte de una mascota, una mudanza, una ruptura, la jubilaci\u00f3n o un cambio importante en la salud\u2014 requiere un proceso de adaptaci\u00f3n. El despido laboral no es la excepci\u00f3n. Reconocerlo como tal es el primer paso para afrontarlo con mayor claridad y serenidad.<\/span><\/p><h2><b>\u00bfC\u00f3mo se manifiesta el duelo tras un despido laboral?<\/b><\/h2><p><span style=\"font-weight: 400;\">Cada persona vive este proceso de manera diferente. Sin embargo, algunas reacciones frecuentes incluyen:<\/span><\/p><ul><li style=\"font-weight: 400;\" aria-level=\"1\"><span style=\"font-weight: 400;\">Sensaci\u00f3n de desconexi\u00f3n o dificultad para concentrarse en las actividades cotidianas.<\/span><\/li><li style=\"font-weight: 400;\" aria-level=\"1\"><span style=\"font-weight: 400;\">Problemas para dormir o cambios en el apetito.<\/span><\/li><li style=\"font-weight: 400;\" aria-level=\"1\"><span style=\"font-weight: 400;\">Emociones como tristeza, enojo, incredulidad, culpa o ansiedad.<\/span><\/li><li style=\"font-weight: 400;\" aria-level=\"1\"><span style=\"font-weight: 400;\">Dificultad para proyectarse hacia el futuro en los primeros d\u00edas.<\/span><\/li><\/ul><p><span style=\"font-weight: 400;\">Si estas emociones no se gestionan adecuadamente, pueden afectar tanto la salud emocional como la f\u00edsica. Por eso es importante atenderlas con responsabilidad y, si es necesario, buscar apoyo profesional. Pedir ayuda tambi\u00e9n es una forma de cuidarse.<\/span><\/p><h2><b>C\u00f3mo gestionar y procesar las emociones<\/b><\/h2><p><span style=\"font-weight: 400;\">Ante un despido laboral, lo m\u00e1s importante es reconocer la realidad. Es com\u00fan que, en un primer momento, la mente busque explicaciones o imagine escenarios distintos. Sin embargo, quedarse en el \u201cqu\u00e9 hubiera pasado si\u2026\u201d puede aumentar la tensi\u00f3n.<\/span><\/p><p><span style=\"font-weight: 400;\">Aceptar no significa estar de acuerdo con lo sucedido, sino reconocerlo como un hecho para poder avanzar. Practicar t\u00e9cnicas de atenci\u00f3n plena o respiraci\u00f3n consciente puede ayudarle a centrarse en el presente y disminuir la ansiedad.<\/span><\/p><p><span style=\"font-weight: 400;\">Tambi\u00e9n es clave evitar el juicio excesivo hacia usted mismo o hacia otros. Culparse constantemente o alimentar el resentimiento dificulta el proceso de adaptaci\u00f3n. En cambio, adoptar una mirada compasiva y objetiva facilita construir nuevas oportunidades.<\/span><\/p><p><a href=\"https:\/\/digital.experienciasbolivar.segurosbolivar.com\/seguro-salud-a-su-medida?utm_source=Autopauta&amp;utm_medium=Blog_banner_interno&amp;utm_campaign=BG_salud_47944&amp;utm_term=_seguros_bolivar\" target=\"_blank\" rel=\"noopener\"><img fetchpriority=\"high\" decoding=\"async\" class=\"aligncenter size-full wp-image-41587\" src=\"https:\/\/d9b6rardqz97a.cloudfront.net\/blog\/wp-content\/uploads\/2025\/11\/03200403\/Seguro-salud-a-su-medida-700x200-1.jpg\" alt=\"Seguro-salud-a-su-medida-700x200\" width=\"700\" height=\"200\" srcset=\"https:\/\/d9b6rardqz97a.cloudfront.net\/blog\/wp-content\/uploads\/2025\/11\/03200403\/Seguro-salud-a-su-medida-700x200-1.jpg 700w, https:\/\/d9b6rardqz97a.cloudfront.net\/blog\/wp-content\/uploads\/2025\/11\/03200403\/Seguro-salud-a-su-medida-700x200-1-300x86.jpg 300w\" sizes=\"(max-width: 700px) 100vw, 700px\" \/><\/a><\/p><h2><b>Recomendaciones para actuar ante un despido laboral<\/b><\/h2><h3><b>1. Perm\u00edtase sentir<\/b><\/h3><p><span style=\"font-weight: 400;\">Es normal experimentar tristeza, frustraci\u00f3n o preocupaci\u00f3n. Permitirse sentir estas emociones, sin reprimirlas, le ayudar\u00e1 a procesarlas de forma saludable. Hablar con alguien de confianza o escribir lo que siente puede ser un buen inicio<\/span><\/p><h3><b>2. Cuide su salud f\u00edsica<\/b><\/h3><p><span style=\"font-weight: 400;\">La salud f\u00edsica y la salud emocional est\u00e1n profundamente conectadas. Mantener h\u00e1bitos saludables \u2014alimentaci\u00f3n balanceada, actividad f\u00edsica regular y descanso suficiente\u2014 contribuye a mejorar el estado de \u00e1nimo y reducir el estr\u00e9s.<\/span><\/p><p style=\"text-align: center;\"><em style=\"text-align: center;\"><strong>Actividades como caminar, practicar yoga o realizar ejercicios de respiraci\u00f3n pueden brindarle mayor claridad mental en esta etapa.<\/strong><\/em><\/p><h3 style=\"text-align: left;\"><b>3. Organice sus finanzas con calma<\/b><\/h3><p><span style=\"font-weight: 400;\">Uno de los mayores temores tras un despido laboral es la estabilidad econ\u00f3mica. Revisar sus gastos, establecer prioridades y crear un plan financiero temporal le dar\u00e1 mayor sensaci\u00f3n de control. Tener claridad sobre su situaci\u00f3n actual le permitir\u00e1 tomar decisiones con mayor tranquilidad.<\/span><\/p><h3><b>4. Enfoque su energ\u00eda en el aprendizaje<\/b><\/h3><p><span style=\"font-weight: 400;\">Toda experiencia deja aprendizajes. Puede ser \u00fatil escribir qu\u00e9 habilidades fortaleci\u00f3, qu\u00e9 logros alcanz\u00f3 y qu\u00e9 aspectos desea mejorar en su pr\u00f3xima etapa profesional. Este ejercicio le ayudar\u00e1 a transformar la experiencia en crecimiento. <\/span><span style=\"font-weight: 400;\">M\u00e1s que verse como v\u00edctima de la situaci\u00f3n, puede asumir un rol activo como constructor de su nuevo camino laboral.<\/span><\/p><h3><b>5. Practique la gratitud<\/b><\/h3><p><span style=\"font-weight: 400;\">Conectar con lo aprendido, incluso en los momentos dif\u00edciles, ampl\u00eda la perspectiva. Agradecer las oportunidades vividas, los conocimientos adquiridos y las relaciones construidas no minimiza la dificultad del momento, pero s\u00ed le permite avanzar sin cargar resentimientos. \u00a1<\/span><span style=\"font-weight: 400;\">La gratitud fortalece la resiliencia y facilita adaptarse a los cambios!<\/span><\/p><h3><b>6. Actualice su perfil profesional<\/b><\/h3><p><span style=\"font-weight: 400;\">Aproveche este tiempo para revisar y actualizar su hoja de vida. Destaque sus logros, resultados y aprendizajes. Tambi\u00e9n puede considerar realizar cursos o capacitaciones que fortalezcan sus competencias y aumenten sus oportunidades laborales. <\/span><span style=\"font-weight: 400;\">Invertir en usted mismo siempre ser\u00e1 una decisi\u00f3n acertada.<\/span><\/p><h3><b>7. Construya y fortalezca su red de apoyo<\/b><\/h3><p><span style=\"font-weight: 400;\">Compartir lo que siente con familiares, amigos o colegas de confianza puede brindarle nuevas perspectivas y apoyo emocional. Sentirse acompa\u00f1ado reduce la sensaci\u00f3n de incertidumbre. <\/span><span style=\"font-weight: 400;\">Si considera que el proceso est\u00e1 siendo dif\u00edcil de manejar, acudir a un profesional en salud mental puede ser de gran ayuda. Buscar orientaci\u00f3n es una muestra de responsabilidad con su bienestar.<\/span><\/p><p><span style=\"font-weight: 400;\">Un despido laboral puede marcar el cierre de una etapa, pero tambi\u00e9n puede abrir la puerta a nuevas oportunidades. Aunque en el momento parezca incierto, con acompa\u00f1amiento, organizaci\u00f3n y una actitud consciente es posible transformar esta experiencia en un nuevo comienzo.<\/span><\/p><p><em><strong>Tambi\u00e9n puede leer: <\/strong><\/em><strong><a href=\"https:\/\/www.segurosbolivar.com\/blog\/bienestar-y-salud\/salud-mental-11-claves-para-cuidar-su-bienestar\/\" target=\"_blank\" rel=\"noopener\">11 claves para cuidar su salud mental<\/a><\/strong><\/p><p><span style=\"font-weight: 400;\">En <\/span><b><a href=\"https:\/\/www.segurosbolivar.com\/?utm_source=Autopauta&amp;utm_medium=Blog_enlace&amp;utm_campaign=BG_bolivar_47944&amp;utm_term=_seguros_bolivar\" target=\"_blank\" rel=\"noopener\">Seguros Bol\u00edvar<\/a> <\/b><span style=\"font-weight: 400;\">creemos que la tranquilidad tambi\u00e9n se construye cuidando su bienestar integral. Contar con un respaldo en salud le permite afrontar momentos de cambio con mayor confianza, sabiendo que usted y su familia est\u00e1n protegidos. <\/span><b>Nuestro <\/b><a href=\"https:\/\/digital.experienciasbolivar.segurosbolivar.com\/seguro-salud-a-su-medida?utm_source=Autopauta&amp;utm_medium=Blog_enlace&amp;utm_campaign=BG_salud_47944&amp;utm_term=_seguros_salud\" target=\"_blank\" rel=\"noopener\"><b>Seguro de Salud <\/b><\/a><b>est\u00e1 dise\u00f1ado para acompa\u00f1arlo cuando m\u00e1s lo necesita, con soluciones simples y atenci\u00f3n oportuna, <\/b><span style=\"font-weight: 400;\">para que pueda concentrarse en lo m\u00e1s importante: seguir avanzando con tranquilidad.<\/span><\/p><p><em><strong>*Nombre cambiado a solicitud de la fuente.<\/strong><\/em><\/p><p><b><i>*Este contenido fue ajustado con el apoyo de herramientas de Inteligencia Artificial y cuidadosamente revisado por nuestro equipo editorial.<\/i><\/b><\/p>\t\t\t\t\t\t\t\t<\/div>\n\t\t\t\t<\/div>\n\t\t\t\t\t<\/div>\n\t\t\t\t<\/div>\n\t\t<div data-particle_enable=\"false\" data-particle-mobile-disabled=\"false\" class=\"elementor-element elementor-element-5a5825a e-flex e-con-boxed e-con e-parent\" data-id=\"5a5825a\" data-element_type=\"container\">\n\t\t\t\t\t<div class=\"e-con-inner\">\n\t\t\t\t<div class=\"elementor-element elementor-element-a3b4d1d elementor-widget elementor-widget-html\" data-id=\"a3b4d1d\" data-element_type=\"widget\" data-widget_type=\"html.default\">\n\t\t\t\t<div class=\"elementor-widget-container\">\n\t\t\t\t\t<style>\n  \/* TOKENS RELUX *\/\n  :root { --sb-green: #005F39; --sb-yellow: #FFE16F; --sb-text: #1B1B1B; }\n  \n  \/* CONTAINER *\/\n  .sb-faq-container {\n    margin-top: 40px; border-top: 4px solid var(--sb-yellow);\n    padding-top: 30px; margin-bottom: 50px; font-family: 'Roboto', sans-serif;\n  }\n  .sb-faq-title {\n    font-family: 'Roboto Condensed', sans-serif; font-size: 1.6rem; \n    color: var(--sb-green); font-weight: 900; margin-bottom: 25px; text-transform: none;\n  }\n\n  \/* ITEM ACORDEON *\/\n  .sb-faq-item { border-bottom: 1px solid #eee; }\n  .sb-faq-btn {\n    background: none; border: none; width: 100%; text-align: left;\n    padding: 18px 0; font-family: 'Roboto Condensed', sans-serif;\n    font-size: 1.1rem; font-weight: 700; color: var(--sb-text);\n    cursor: pointer; display: flex; justify-content: space-between;\n    align-items: center; transition: all 0.2s ease;\n  }\n  .sb-faq-btn:hover, .sb-faq-btn.active { color: var(--sb-green); }\n  \n  \/* ICONO *\/\n  .sb-faq-icon { \n    font-size: 1.5rem; color: #FFDA55; font-weight: 400; \n    transition: transform 0.3s ease; line-height: 1; margin-left: 15px;\n  }\n  .sb-faq-btn.active .sb-faq-icon { transform: rotate(45deg); color: var(--sb-green); }\n\n  \/* PANEL CONTENIDO *\/\n  .sb-faq-panel { \n    max-height: 0; overflow: hidden; transition: max-height 0.3s ease-out; \n  }\n  .sb-faq-panel p { \n    padding: 0 5px 20px 5px; margin: 0; font-size: 1rem; color: #555; line-height: 1.6; \n  }\n\n  \/* GRUPO OCULTO Y BOT\u00d3N *\/\n  .sb-hidden-group { display: none; }\n  .sb-hidden-group.show { display: block; animation: sbFadeIn 0.5s ease; }\n  \n  .sb-load-more-container { text-align: center; margin-top: 25px; }\n  \n  .sb-load-more-btn {\n    background: transparent; color: var(--sb-green); border: 2px solid var(--sb-green);\n    padding: 10px 25px; border-radius: 50px; font-family: 'Roboto Condensed', sans-serif;\n    font-weight: 700; font-size: 0.9rem; cursor: pointer; transition: 0.3s;\n    text-transform: none;\n  }\n  .sb-load-more-btn:hover { background: var(--sb-green); color: white; }\n\n  @keyframes sbFadeIn { from { opacity: 0; } to { opacity: 1; } }\n<\/style>\n\n<div class=\"sb-faq-container\">\n  <div class=\"sb-faq-title\">Preguntas frecuentes<\/div>\n\n  <div class=\"sb-faq-item\">\n    <button class=\"sb-faq-btn\">\n      \u00bfPor qu\u00e9 un despido laboral se considera un proceso de duelo?\n      <span class=\"sb-faq-icon\">+<\/span>\n    <\/button>\n    <div class=\"sb-faq-panel\"><p>Desde la psicolog\u00eda, perder el empleo se entiende como un proceso de duelo porque es una reacci\u00f3n emocional ante la p\u00e9rdida de algo significativo, que en este caso es el trabajo y la estabilidad financiera. Requiere un proceso de adaptaci\u00f3n al igual que otras p\u00e9rdidas importantes en la vida.<\/p><\/div>\n  <\/div>\n\n  <div class=\"sb-faq-item\">\n    <button class=\"sb-faq-btn\">\n      \u00bfCu\u00e1les son las reacciones o s\u00edntomas m\u00e1s comunes tras perder el empleo?\n      <span class=\"sb-faq-icon\">+<\/span>\n    <\/button>\n    <div class=\"sb-faq-panel\"><p>Cada persona lo vive de manera diferente, pero las reacciones frecuentes incluyen sensaci\u00f3n de desconexi\u00f3n, dificultad para concentrarse, problemas para dormir o cambios en el apetito. Tambi\u00e9n es com\u00fan experimentar emociones como tristeza, enojo, incredulidad, culpa, ansiedad y dificultad para proyectarse hacia el futuro.<\/p><\/div>\n  <\/div>\n\n  <div class=\"sb-faq-item\">\n    <button class=\"sb-faq-btn\">\n      \u00bfQu\u00e9 pasos se recomiendan para gestionar las emociones despu\u00e9s de un despido?\n      <span class=\"sb-faq-icon\">+<\/span>\n    <\/button>\n    <div class=\"sb-faq-panel\"><p>Lo m\u00e1s importante es <strong>reconocer la realidad<\/strong> y permitirse sentir sin reprimir las emociones. Se recomienda evitar el juicio excesivo y la culpa, practicando t\u00e9cnicas de atenci\u00f3n plena o respiraci\u00f3n consciente para centrarse en el presente. Adoptar una mirada compasiva facilitar\u00e1 la construcci\u00f3n de nuevas oportunidades.<\/p><\/div>\n  <\/div>\n\n  <div id=\"sb-hidden-group\" class=\"sb-hidden-group\">\n    \n    <div class=\"sb-faq-item\">\n      <button class=\"sb-faq-btn\">\n        \u00bfQu\u00e9 acciones pr\u00e1cticas puedo tomar para afrontar esta situaci\u00f3n de forma positiva?\n        <span class=\"sb-faq-icon\">+<\/span>\n      <\/button>\n      <div class=\"sb-faq-panel\"><p>Para afrontar un despido laboral se aconseja: cuidar su salud f\u00edsica (alimentaci\u00f3n, ejercicio y descanso), organizar sus finanzas creando un plan temporal, enfocar su energ\u00eda en el aprendizaje reconociendo sus logros, actualizar su hoja de vida y fortalecer su red de apoyo compartiendo sus sentimientos con personas de confianza.<\/p><\/div>\n    <\/div>\n\n    <div class=\"sb-faq-item\">\n      <button class=\"sb-faq-btn\">\n        \u00bfC\u00f3mo puede ayudar contar con un seguro de salud en tiempos de inestabilidad laboral?\n        <span class=\"sb-faq-icon\">+<\/span>\n      <\/button>\n      <div class=\"sb-faq-panel\"><p>Contar con un respaldo como el <strong>Seguro de Salud de Seguros Bol\u00edvar<\/strong> le permite afrontar momentos de cambio e incertidumbre con mayor confianza. Le garantiza que usted y su familia est\u00e1n protegidos, brind\u00e1ndole soluciones simples y atenci\u00f3n oportuna para que pueda enfocarse en avanzar con tranquilidad.<\/p><\/div>\n    <\/div>\n\n  <\/div>\n\n  <div class=\"sb-load-more-container\" id=\"sb-load-more-container\">\n    <button class=\"sb-load-more-btn\" onclick=\"toggleHiddenFaqs(this)\">Ver m\u00e1s preguntas \u25bc<\/button>\n  <\/div>\n\n<\/div>\n\n<script>\n  \/* 1. Acorde\u00f3n *\/\n  var acc = document.getElementsByClassName(\"sb-faq-btn\");\n  for (var i = 0; i < acc.length; i++) {\n    acc[i].addEventListener(\"click\", function() {\n      this.classList.toggle(\"active\");\n      var panel = this.nextElementSibling;\n      var icon = this.querySelector('.sb-faq-icon');\n      if (panel.style.maxHeight) {\n        panel.style.maxHeight = null;\n        icon.innerText = \"+\";\n      } else {\n        panel.style.maxHeight = panel.scrollHeight + \"px\";\n        icon.innerText = \"-\"; \n      }\n    });\n  }\n\n  \/* 2. Ver M\u00e1s *\/\n  function toggleHiddenFaqs(btn) {\n    var hiddenGroup = document.getElementById(\"sb-hidden-group\");\n    if (hiddenGroup) {\n      hiddenGroup.classList.add(\"show\");\n      btn.style.display = 'none'; \/\/ Se oculta tras el clic\n    }\n  }\n<\/script>\n\n<script type=\"application\/ld+json\">\n{\n  \"@context\": \"https:\/\/schema.org\",\n  \"@type\": \"FAQPage\",\n  \"mainEntity\": [\n    {\n      \"@type\": \"Question\",\n      \"name\": \"\u00bfPor qu\u00e9 un despido laboral se considera un proceso de duelo?\",\n      \"acceptedAnswer\": {\n        \"@type\": \"Answer\",\n        \"text\": \"Desde la psicolog\u00eda, perder el empleo se entiende como un proceso de duelo porque es una reacci\u00f3n emocional ante la p\u00e9rdida de algo significativo, que en este caso es el trabajo y la estabilidad financiera. Requiere un proceso de adaptaci\u00f3n al igual que otras p\u00e9rdidas importantes en la vida.\"\n      }\n    },\n    {\n      \"@type\": \"Question\",\n      \"name\": \"\u00bfCu\u00e1les son las reacciones o s\u00edntomas m\u00e1s comunes tras perder el empleo?\",\n      \"acceptedAnswer\": {\n        \"@type\": \"Answer\",\n        \"text\": \"Cada persona lo vive de manera diferente, pero las reacciones frecuentes incluyen sensaci\u00f3n de desconexi\u00f3n, dificultad para concentrarse, problemas para dormir o cambios en el apetito. Tambi\u00e9n es com\u00fan experimentar emociones como tristeza, enojo, incredulidad, culpa, ansiedad y dificultad para proyectarse hacia el futuro.\"\n      }\n    },\n    {\n      \"@type\": \"Question\",\n      \"name\": \"\u00bfQu\u00e9 pasos se recomiendan para gestionar las emociones despu\u00e9s de un despido?\",\n      \"acceptedAnswer\": {\n        \"@type\": \"Answer\",\n        \"text\": \"Lo m\u00e1s importante es reconocer la realidad y permitirse sentir sin reprimir las emociones. Se recomienda evitar el juicio excesivo y la culpa, practicando t\u00e9cnicas de atenci\u00f3n plena o respiraci\u00f3n consciente para centrarse en el presente. Adoptar una mirada compasiva facilitar\u00e1 la construcci\u00f3n de nuevas oportunidades.\"\n      }\n    },\n    {\n      \"@type\": \"Question\",\n      \"name\": \"\u00bfQu\u00e9 acciones pr\u00e1cticas puedo tomar para afrontar esta situaci\u00f3n de forma positiva?\",\n      \"acceptedAnswer\": {\n        \"@type\": \"Answer\",\n        \"text\": \"Para afrontar un despido laboral se aconseja: cuidar su salud f\u00edsica (alimentaci\u00f3n, ejercicio y descanso), organizar sus finanzas creando un plan temporal, enfocar su energ\u00eda en el aprendizaje reconociendo sus logros, actualizar su hoja de vida y fortalecer su red de apoyo compartiendo sus sentimientos con personas de confianza.\"\n      }\n    },\n    {\n      \"@type\": \"Question\",\n      \"name\": \"\u00bfC\u00f3mo puede ayudar contar con un seguro de salud en tiempos de inestabilidad laboral?\",\n      \"acceptedAnswer\": {\n        \"@type\": \"Answer\",\n        \"text\": \"Contar con un respaldo como el Seguro de Salud de Seguros Bol\u00edvar le permite afrontar momentos de cambio e incertidumbre con mayor confianza. Le garantiza que usted y su familia est\u00e1n protegidos, brind\u00e1ndole soluciones simples y atenci\u00f3n oportuna para que pueda enfocarse en avanzar con tranquilidad.\"\n      }\n    }\n  ]\n}\n<\/script>\n\t\t\t\t<\/div>\n\t\t\t\t<\/div>\n\t\t\t\t\t<\/div>\n\t\t\t\t<\/div>\n\t\t<div data-particle_enable=\"false\" data-particle-mobile-disabled=\"false\" class=\"elementor-element elementor-element-98094d3 e-flex e-con-boxed e-con e-parent\" data-id=\"98094d3\" data-element_type=\"container\">\n\t\t\t\t\t<div class=\"e-con-inner\">\n\t\t\t\t<div class=\"elementor-element elementor-element-1053b7e elementor-widget elementor-widget-html\" data-id=\"1053b7e\" data-element_type=\"widget\" data-widget_type=\"html.default\">\n\t\t\t\t<div class=\"elementor-widget-container\">\n\t\t\t\t\t<table cellpadding='0' cellspacing='0' align='center' style='width: 100%'><tr style='text-align: center; font-family: Open Sans, sans-serif;'><td style='padding-bottom: 24px; color: #29292a; font-size: 18px; font-weight: 600'>\u00bfQu\u00e9 tan \u00fatil le pareci\u00f3 este contenido?<\/td><\/tr><tr style='text-align: center;'><td><table cellpadding='0' cellspacing='0' style='width: 100%; max-width: 400px; margin: auto'><tr><td><a style=\"text-decoration: none\" href=\"https:\/\/survey.survicate.com\/1aa256dae6362312\/?pieza=47917_dia_del_nino_5_ideas_para_celebrarlo_en_casa||&amp;aid=2510313\" target=\"_blank\" rel=\"nofollow noopener\"> <img style='width: 32px; height: 32px' src='https:\/\/image.experienciasbolivar.segurosbolivar.com\/lib\/fe3511747364047b751475\/m\/1\/7d675113-0e03-409d-944b-3b06b10fb55e.png' > <\/a><\/td><td><a style=\"text-decoration: none\" href=\"https:\/\/survey.survicate.com\/1aa256dae6362312\/?pieza=47917_dia_del_nino_5_ideas_para_celebrarlo_en_casa||&amp;aid=2510314\" target=\"_blank\" rel=\"nofollow noopener\"> <img style='width: 32px; height: 32px' src='https:\/\/image.experienciasbolivar.segurosbolivar.com\/lib\/fe3511747364047b751475\/m\/1\/2cceee11-e12d-4873-bb48-569d2d4afe2d.png' > <\/a><\/td><td><a style=\"text-decoration: none\" href=\"https:\/\/survey.survicate.com\/1aa256dae6362312\/?pieza=47917_dia_del_nino_5_ideas_para_celebrarlo_en_casa||&amp;aid=2510315\" target=\"_blank\" rel=\"nofollow noopener\"> <img style='width: 32px; height: 32px' src='https:\/\/image.experienciasbolivar.segurosbolivar.com\/lib\/fe3511747364047b751475\/m\/1\/7553bd02-b4da-452e-9446-d80f342e8662.png' > <\/a><\/td><td><a style=\"text-decoration: none\" href=\"https:\/\/survey.survicate.com\/1aa256dae6362312\/?pieza=47917_dia_del_nino_5_ideas_para_celebrarlo_en_casa||&amp;aid=2510316\" target=\"_blank\" rel=\"nofollow noopener\"> <img style='width: 32px; height: 32px' src='https:\/\/image.experienciasbolivar.segurosbolivar.com\/lib\/fe3511747364047b751475\/m\/1\/1aa041a1-6fa1-4da5-8ce4-099bda589a6d.png' > <\/a><\/td><td><a style=\"text-decoration: none\" href=\"https:\/\/survey.survicate.com\/1aa256dae6362312\/?pieza=47917_dia_del_nino_5_ideas_para_celebrarlo_en_casa||&amp;aid=2510317\" target=\"_blank\" rel=\"nofollow noopener\"> <img style='width: 32px; height: 32px' src='https:\/\/image.experienciasbolivar.segurosbolivar.com\/lib\/fe3511747364047b751475\/m\/1\/237d20e9-0b59-4c8a-8a44-8733a91bb3e1.png' > <\/a><\/td><\/tr><\/table><\/td><\/tr><\/table>\t\t\t\t<\/div>\n\t\t\t\t<\/div>\n\t\t\t\t\t<\/div>\n\t\t\t\t<\/div>\n\t\t\t\t<\/div>\n\t\t","protected":false},"excerpt":{"rendered":"<p>\u00bfC\u00f3mo afrontar un despido laboral? Conozca recomendaciones pr\u00e1cticas para gestionar sus emociones, organizar sus finanzas y recuperar la tranquilidad.<\/p>\n","protected":false},"author":14,"featured_media":48219,"comment_status":"closed","ping_status":"closed","sticky":false,"template":"","format":"standard","meta":{"footnotes":""},"categories":[84],"tags":[40,192],"class_list":["post-47944","post","type-post","status-publish","format-standard","has-post-thumbnail","hentry","category-bienestar-y-salud","tag-salud-laboral","tag-seguro-de-salud-a-su-medida"],"_links":{"self":[{"href":"https:\/\/www.segurosbolivar.com\/blog\/wp-json\/wp\/v2\/posts\/47944","targetHints":{"allow":["GET"]}}],"collection":[{"href":"https:\/\/www.segurosbolivar.com\/blog\/wp-json\/wp\/v2\/posts"}],"about":[{"href":"https:\/\/www.segurosbolivar.com\/blog\/wp-json\/wp\/v2\/types\/post"}],"author":[{"embeddable":true,"href":"https:\/\/www.segurosbolivar.com\/blog\/wp-json\/wp\/v2\/users\/14"}],"replies":[{"embeddable":true,"href":"https:\/\/www.segurosbolivar.com\/blog\/wp-json\/wp\/v2\/comments?post=47944"}],"version-history":[{"count":8,"href":"https:\/\/www.segurosbolivar.com\/blog\/wp-json\/wp\/v2\/posts\/47944\/revisions"}],"predecessor-version":[{"id":48276,"href":"https:\/\/www.segurosbolivar.com\/blog\/wp-json\/wp\/v2\/posts\/47944\/revisions\/48276"}],"wp:featuredmedia":[{"embeddable":true,"href":"https:\/\/www.segurosbolivar.com\/blog\/wp-json\/wp\/v2\/media\/48219"}],"wp:attachment":[{"href":"https:\/\/www.segurosbolivar.com\/blog\/wp-json\/wp\/v2\/media?parent=47944"}],"wp:term":[{"taxonomy":"category","embeddable":true,"href":"https:\/\/www.segurosbolivar.com\/blog\/wp-json\/wp\/v2\/categories?post=47944"},{"taxonomy":"post_tag","embeddable":true,"href":"https:\/\/www.segurosbolivar.com\/blog\/wp-json\/wp\/v2\/tags?post=47944"}],"curies":[{"name":"wp","href":"https:\/\/api.w.org\/{rel}","templated":true}]}}