{"id":47942,"date":"2026-03-09T12:43:05","date_gmt":"2026-03-09T17:43:05","guid":{"rendered":"https:\/\/www.segurosbolivar.com\/blog\/?p=47942"},"modified":"2026-03-09T15:54:36","modified_gmt":"2026-03-09T20:54:36","slug":"pubertad-femenina-cambios-y-como-afecta-la-salud-fisica-y-mental","status":"publish","type":"post","link":"https:\/\/www.segurosbolivar.com\/blog\/bienestar-y-salud\/pubertad-femenina-cambios-y-como-afecta-la-salud-fisica-y-mental\/","title":{"rendered":"De ni\u00f1a a mujer: cambios f\u00edsicos y emocionales en la pubertad"},"content":{"rendered":"\t\t<div data-elementor-type=\"wp-post\" data-elementor-id=\"47942\" class=\"elementor elementor-47942\" data-elementor-post-type=\"post\">\n\t\t\t\t<div data-particle_enable=\"false\" data-particle-mobile-disabled=\"false\" class=\"elementor-element elementor-element-a453d21 e-flex e-con-boxed e-con e-parent\" data-id=\"a453d21\" data-element_type=\"container\">\n\t\t\t\t\t<div class=\"e-con-inner\">\n\t\t\t\t<div class=\"elementor-element elementor-element-98b3f87 elementor-widget elementor-widget-html\" data-id=\"98b3f87\" data-element_type=\"widget\" data-widget_type=\"html.default\">\n\t\t\t\t<div class=\"elementor-widget-container\">\n\t\t\t\t\t<!DOCTYPE html>\n\n<html lang=\"es\">\n<head>\n<meta charset=\"UTF-8\">\n<meta name=\"viewport\" content=\"width=device-width, initial-scale=1.0\">\n<link href=\"[https:\/\/fonts.googleapis.com\/css2?family=Roboto+Condensed:wght@400;700;900&family=Roboto:wght@300;400;500;700;900&display=swap](https:\/\/fonts.googleapis.com\/css2?family=Roboto+Condensed:wght@400;700;900&family=Roboto:wght@300;400;500;700;900&display=swap)\" rel=\"stylesheet\">\n<style>\n    \/* --- ESTILOS LOCALES PARA ESTE BLOQUE --- *\/\n    :root {\n        --sb-green: #005F39;\n        --sb-green-dark: #004529;\n        --sb-yellow: #FFE16F;\n        --sb-text: #1B1B1B;\n        --sb-bg-light: #F2F9F6;\n        --sb-white: #FFFFFF;\n        --sb-radius: 16px;\n        --sb-shadow: 0 10px 30px rgba(0,0,0,0.08);\n    }\n\n    body { font-family: 'Roboto', sans-serif; color: var(--sb-text); margin: 20px; }\n\n    \/* Card: Respuesta R\u00e1pida *\/\n    .sb-card-quick { \n        background-color: var(--sb-bg-light); \n        border-left: 6px solid var(--sb-green); \n        border-radius: 0 12px 12px 0; \n        padding: 25px; \n        margin-bottom: 40px; \n        box-shadow: 0 4px 12px rgba(0,0,0,0.05); \n    }\n    \n    .sb-card-quick h3 { \n        color: var(--sb-green); \n        font-size: 1.2rem; \n        font-weight: 900; \n        margin: 0 0 10px 0; \n        font-family: 'Roboto Condensed', sans-serif; \n        text-transform: none; \/* Ajustado a tipo oraci\u00f3n *\/\n    }\n    \n    .sb-card-quick p { \n        font-size: 1rem; \n        margin: 0; \n        color: #444; \n        line-height: 1.5;\n    }\n    .sb-card-quick strong { font-weight: 700; color: var(--sb-green); }\n\n    \/* Card: Lo que aprender\u00e1s *\/\n    .sb-card-learn { \n        background-color: #fff; \n        border: 1px solid #eee; \n        border-radius: var(--sb-radius); \n        padding: 30px; \n        margin-bottom: 40px; \n        box-shadow: var(--sb-shadow); \n    }\n\n    .sb-learn-header { \n        display: flex; \n        align-items: center; \n        gap: 15px; \n        margin-bottom: 20px; \n        border-bottom: 2px solid var(--sb-yellow); \n        padding-bottom: 15px; \n    }\n\n    .sb-learn-icon-svg { width: 32px; height: 32px; fill: var(--sb-green); }\n    \n    .sb-learn-header h3 { \n        color: var(--sb-green); \n        font-size: 1.4rem; \n        font-weight: 900; \n        margin: 0; \n        font-family: 'Roboto Condensed', sans-serif; \n        text-transform: none; \/* Ajustado a tipo oraci\u00f3n *\/\n    }\n    \n    .sb-learn-list { padding: 0; margin: 0; list-style: none; }\n    \n    .sb-learn-list li { \n        margin-bottom: 12px; \n        font-size: 1rem; \n        color: #555; \n        padding-left: 20px; \n        position: relative; \n        line-height: 1.5;\n    }\n    \n    .sb-learn-list li::before { \n        content: '\u2713'; \n        color: var(--sb-green); \n        font-weight: 900; \n        position: absolute; \n        left: 0; \n    }\n\n    .sb-meta-box { \n        background-color: var(--sb-bg-light); \n        border-radius: 8px; \n        padding: 15px; \n        margin-top: 20px; \n        display: flex; \n        gap: 20px; \n        flex-wrap: wrap; \n        font-size: 0.9rem; \n        font-weight: 500; \n        color: var(--sb-green); \n    }\n<\/style>\n\n\n<\/head>\n<body>\n\n<div class=\"sb-card-quick\">\n    <h3>Respuesta r\u00e1pida<\/h3>\n    <p>\n        La pubertad en las ni\u00f1as es una <strong>etapa natural y decisiva<\/strong> que puede iniciar entre los <strong>7 y 8 a\u00f1os<\/strong>. Durante este proceso, su hija experimentar\u00e1 <strong>cambios f\u00edsicos y emocionales<\/strong>, como el desarrollo corporal y la llegada de la menstruaci\u00f3n. Acompa\u00f1arla con <strong>empat\u00eda, comunicaci\u00f3n abierta y control m\u00e9dico oportuno<\/strong> le permitir\u00e1 vivir esta transici\u00f3n hacia el futuro con mayor <strong>tranquilidad y seguridad<\/strong>.\n    <\/p>\n<\/div>\n\n<div class=\"sb-card-learn\">\n    <div class=\"sb-learn-header\">\n        <svg class=\"sb-learn-icon-svg\" viewBox=\"0 0 24 24\"><path d=\"M12 2C6.48 2 2 6.48 2 12s4.48 10 10 10 10-4.48 10-10S17.52 2 12 2zm1 15h-2v-6h2v6zm0-8h-2V7h2v2z\"\/><\/svg>\n        <h3>Lo que aprender\u00e1 en este art\u00edculo<\/h3>\n    <\/div>\n    <p style=\"margin-bottom:20px; line-height: 1.6; color:#333;\">\n        Descubrir\u00e1 c\u00f3mo acompa\u00f1ar a su hija durante su desarrollo en la pubertad, brind\u00e1ndole el apoyo y el bienestar que necesita en esta nueva y hermosa etapa de la vida.\n    <\/p>\n    <ul class=\"sb-learn-list\">\n        <li><strong>Se\u00f1ales f\u00edsicas y emocionales:<\/strong> Comprender\u00e1 los cambios en su cuerpo y en su estado de \u00e1nimo para apoyarla de forma positiva.<\/li>\n        <li><strong>Comunicaci\u00f3n y confianza:<\/strong> Aprender\u00e1 pautas clave para dialogar con naturalidad, escuchar con respeto y fortalecer el v\u00ednculo familiar.<\/li>\n        <li><strong>Acompa\u00f1amiento m\u00e9dico:<\/strong> Conocer\u00e1 cu\u00e1ndo es vital acudir al especialista y c\u00f3mo un Seguro de Salud protege su bienestar integral.<\/li>\n    <\/ul>\n    <div class=\"sb-meta-box\">\n        <div>\u23f1\ufe0f <strong>Tiempo:<\/strong> 4 min<\/div>\n        <div>\ud83d\udcca <strong>Nivel:<\/strong> B\u00e1sico<\/div>\n        <div>\ud83d\udc68\u200d\ud83d\udc69\u200d\ud83d\udc67 <strong>Para:<\/strong> Padres y Familiares<\/div>\n    <\/div>\n<\/div>\n\n\n<\/body>\n<\/html>\t\t\t\t<\/div>\n\t\t\t\t<\/div>\n\t\t\t\t\t<\/div>\n\t\t\t\t<\/div>\n\t\t<div data-particle_enable=\"false\" data-particle-mobile-disabled=\"false\" class=\"elementor-element elementor-element-48e54a94 e-flex e-con-boxed e-con e-parent\" data-id=\"48e54a94\" data-element_type=\"container\">\n\t\t\t\t\t<div class=\"e-con-inner\">\n\t\t\t\t<div class=\"elementor-element elementor-element-15d94375 elementor-widget elementor-widget-text-editor\" data-id=\"15d94375\" data-element_type=\"widget\" data-widget_type=\"text-editor.default\">\n\t\t\t\t<div class=\"elementor-widget-container\">\n\t\t\t\t\t\t\t\t\t<p><span style=\"font-weight: 400;\">La pubertad es una etapa natural y decisiva en el desarrollo de las ni\u00f1as. Aunque puede tomar por sorpresa a muchas familias, comprender este proceso con anticipaci\u00f3n permite acompa\u00f1arlo con mayor tranquilidad y seguridad.<\/span><\/p><p><span style=\"font-weight: 400;\">Cuando comienzan a notarse los primeros cambios f\u00edsicos y emocionales, es importante que usted est\u00e9 atento y dispuesto a brindar apoyo. Escuchar con respeto, responder preguntas con claridad y crear un ambiente de confianza facilitar\u00e1 que su hija viva esta transici\u00f3n de forma positiva.<\/span><\/p><p><span style=\"font-weight: 400;\">La pubertad puede iniciar entre los 7 y 8 a\u00f1os, aunque en algunas ni\u00f1as comienza un poco m\u00e1s tarde. Cada cuerpo tiene su propio ritmo. Comparar su desarrollo con el de otras ni\u00f1as no es recomendable, ya que cada proceso es \u00fanico.<\/span><\/p><p><span style=\"font-weight: 400;\">Uno de los momentos m\u00e1s representativos de esta etapa es la llegada de la menstruaci\u00f3n. Esta indica que el cuerpo est\u00e1 madurando y que, biol\u00f3gicamente, existe la posibilidad de concebir. Sin embargo, esto no significa que exista madurez emocional. Por eso, el acompa\u00f1amiento familiar sigue siendo fundamental.<\/span><\/p><p><span style=\"font-weight: 400;\">Si a los 12 a\u00f1os no ha iniciado el desarrollo de los senos o a los 15 no ha presentado su primera menstruaci\u00f3n, es recomendable consultar con un profesional de la salud para evaluar la situaci\u00f3n.<\/span><\/p><h2><b>Cambios f\u00edsicos en la pubertad<\/b><\/h2><p><span style=\"font-weight: 400;\">Durante la pubertad se presentan transformaciones visibles que pueden generar dudas o inseguridades. Explicar estos cambios con naturalidad ayudar\u00e1 a que la ni\u00f1a los asimile con mayor confianza.<\/span><\/p><h3><b>Crecimiento corporal<\/b><\/h3><p><span style=\"font-weight: 400;\">Uno de los primeros cambios que pueden notarse es el crecimiento de manos y pies. Posteriormente, el resto del cuerpo comienza a desarrollarse. En esta etapa es posible que la ni\u00f1a se sienta un poco torpe mientras su cuerpo se adapta a las nuevas proporciones.<\/span><\/p><p><span style=\"font-weight: 400;\">El crecimiento suele acelerarse durante los primeros dos a\u00f1os de la pubertad. Despu\u00e9s de ese per\u00edodo, puede crecer entre 5 y 7 cent\u00edmetros adicionales.<\/span><\/p><blockquote><p><strong>Tambi\u00e9n es normal que aumente de peso, especialmente en caderas y pecho. Estos cambios son parte del desarrollo saludable del cuerpo femenino.<\/strong><\/p><\/blockquote><h3><b>Desarrollo de los senos<\/b><\/h3><p><span style=\"font-weight: 400;\">El crecimiento de los senos suele ser uno de los primeros signos de la pubertad. Este proceso puede generar incomodidad f\u00edsica y emocional, sobre todo si se compara con amigas o figuras p\u00fablicas. <\/span><span style=\"font-weight: 400;\">Es importante recordar que el desarrollo ocurre a ritmos distintos. Los senos pueden crecer de manera desigual al inicio, lo cual es completamente normal. Generalmente contin\u00faan desarroll\u00e1ndose hasta los 16 o 17 a\u00f1os.<\/span><\/p><p><span style=\"font-weight: 400;\">El tama\u00f1o y la forma pueden estar influenciados por factores familiares y por el peso corporal.<\/span><\/p><h3><b>Aparici\u00f3n de vello corporal<\/b><\/h3><p><span style=\"font-weight: 400;\">Durante la pubertad comienza a crecer vello en nuevas zonas como axilas, piernas y \u00e1rea p\u00fabica. Inicialmente es fino, pero con el tiempo puede volverse m\u00e1s grueso.<\/span><\/p><p><span style=\"font-weight: 400;\">Hablar de estos cambios con naturalidad permite que la ni\u00f1a entienda que forman parte del desarrollo y no representan algo negativo.<\/span><\/p><p><em><strong>Tambi\u00e9n puede leer: <\/strong><\/em><strong><a href=\"https:\/\/www.segurosbolivar.com\/blog\/bienestar-y-salud\/educacion-sexual-para-ninos-hable-con-confianza\/\" target=\"_blank\" rel=\"noopener\">\u00bfC\u00f3mo hablar sobre sexualidad con los ni\u00f1os peque\u00f1os?<\/a><\/strong><\/p><h3><b>Menstruaci\u00f3n<\/b><\/h3><p><span style=\"font-weight: 400;\">La primera menstruaci\u00f3n puede generar inquietudes. Al inicio, los ciclos pueden ser irregulares y el flujo puede variar en cantidad y color, desde rojo brillante hasta tonos m\u00e1s oscuros. Esto es completamente normal.<\/span><\/p><p><span style=\"font-weight: 400;\">Los per\u00edodos pueden durar hasta siete d\u00edas. Durante los primeros tres a\u00f1os es com\u00fan que los ciclos no sean totalmente regulares.<\/span><\/p><p><span style=\"font-weight: 400;\">Sin embargo, si transcurren m\u00e1s de tres meses entre una menstruaci\u00f3n y otra, es recomendable consultar con un m\u00e9dico para descartar posibles alteraciones hormonales u otras condiciones.<\/span><\/p><p><a href=\"https:\/\/digital.experienciasbolivar.segurosbolivar.com\/seguro-salud-a-su-medida?utm_source=Autopauta&amp;utm_medium=Blog_banner_interno&amp;utm_campaign=BG_salud_47942&amp;utm_term=_seguros_bolivar\" target=\"_blank\" rel=\"noopener\"><img fetchpriority=\"high\" decoding=\"async\" class=\"aligncenter size-full wp-image-41587\" src=\"https:\/\/d9b6rardqz97a.cloudfront.net\/blog\/wp-content\/uploads\/2025\/11\/03200403\/Seguro-salud-a-su-medida-700x200-1.jpg\" alt=\"Seguro-salud-a-su-medida-700x200\" width=\"700\" height=\"200\" srcset=\"https:\/\/d9b6rardqz97a.cloudfront.net\/blog\/wp-content\/uploads\/2025\/11\/03200403\/Seguro-salud-a-su-medida-700x200-1.jpg 700w, https:\/\/d9b6rardqz97a.cloudfront.net\/blog\/wp-content\/uploads\/2025\/11\/03200403\/Seguro-salud-a-su-medida-700x200-1-300x86.jpg 300w\" sizes=\"(max-width: 700px) 100vw, 700px\" \/><\/a><\/p><h2><b>Cambios emocionales en la pubertad<\/b><\/h2><p><span style=\"font-weight: 400;\">Adem\u00e1s de los cambios f\u00edsicos, la pubertad trae consigo transformaciones emocionales importantes.<\/span><\/p><p><span style=\"font-weight: 400;\">Las variaciones hormonales pueden influir en el estado de \u00e1nimo. Es posible que la ni\u00f1a experimente momentos de alegr\u00eda intensa, sensibilidad, irritabilidad o tristeza sin una causa aparente. Estas reacciones forman parte del proceso de adaptaci\u00f3n.<\/span><\/p><p><span style=\"font-weight: 400;\">Tambi\u00e9n pueden surgir inseguridades relacionadas con la imagen corporal, el acn\u00e9, la sudoraci\u00f3n o el crecimiento f\u00edsico. Algunas ni\u00f1as pueden mostrar dificultad para tomar decisiones o cambios en su forma de relacionarse.<\/span><\/p><p><span style=\"font-weight: 400;\">Comprender que estas emociones son normales ayudar\u00e1 a que usted acompa\u00f1e con empat\u00eda y paciencia. La clave est\u00e1 en validar lo que siente, sin minimizar sus preocupaciones.<\/span><\/p><h2><b>Recomendaciones para acompa\u00f1ar esta etapa<\/b><\/h2><p><span style=\"font-weight: 400;\">La pubertad no solo representa un cambio para la ni\u00f1a, sino tambi\u00e9n para la familia. Adaptarse a esta nueva etapa requiere comunicaci\u00f3n, respeto y equilibrio.<\/span><\/p><p><span style=\"font-weight: 400;\">Algunas recomendaciones importantes:<\/span><\/p><ul><li style=\"font-weight: 400;\" aria-level=\"1\"><span style=\"font-weight: 400;\">Fomente una comunicaci\u00f3n abierta y sin juicios.<\/span><\/li><li style=\"font-weight: 400;\" aria-level=\"1\"><span style=\"font-weight: 400;\">Escuche activamente sus inquietudes.<\/span><\/li><li style=\"font-weight: 400;\" aria-level=\"1\"><span style=\"font-weight: 400;\">Respete sus opiniones, incluso si no siempre coincide con ellas.<\/span><\/li><li style=\"font-weight: 400;\" aria-level=\"1\"><span style=\"font-weight: 400;\">Brinde orientaci\u00f3n clara y acorde a su edad.<\/span><\/li><li style=\"font-weight: 400;\" aria-level=\"1\"><span style=\"font-weight: 400;\">Mantenga l\u00edmites saludables que le ofrezcan seguridad.<\/span><\/li><\/ul><p style=\"text-align: center;\"><em><strong>El equilibrio entre orientaci\u00f3n y autonom\u00eda fortalece la confianza. Cuando la ni\u00f1a siente que puede hablar con tranquilidad, es m\u00e1s probable que busque apoyo ante cualquier duda.<\/strong><\/em><\/p><h2><b>La importancia del acompa\u00f1amiento m\u00e9dico<\/b><\/h2><p><span style=\"font-weight: 400;\">Los controles m\u00e9dicos durante la pubertad permiten hacer seguimiento al desarrollo f\u00edsico y resolver inquietudes sobre menstruaci\u00f3n, crecimiento o cambios emocionales.<\/span><\/p><p><span style=\"font-weight: 400;\">Contar con el respaldo de un seguro de salud facilita el acceso oportuno a pediatr\u00eda, ginecolog\u00eda y apoyo psicol\u00f3gico cuando sea necesario. La prevenci\u00f3n y el acompa\u00f1amiento profesional brindan tranquilidad tanto a usted como a su hija.<\/span><\/p><p><span style=\"font-weight: 400;\">En <a href=\"https:\/\/www.segurosbolivar.com\/?utm_source=Autopauta&amp;utm_medium=Blog_enlace&amp;utm_campaign=BG_bolivar_47942&amp;utm_term=_seguros_bolivar\" target=\"_blank\" rel=\"noopener\"><strong>Seguros Bol\u00edvar<\/strong> <\/a>entendemos que cada etapa del crecimiento es importante. Por eso, nuestro portafolio de <a href=\"https:\/\/digital.experienciasbolivar.segurosbolivar.com\/seguro-salud-a-su-medida?utm_source=Autopauta&amp;utm_medium=Blog_enlace&amp;utm_campaign=BG_salud_47942&amp;utm_term=_seguros_bolivar\" target=\"_blank\" rel=\"noopener\"><strong>Seguro de Salud<\/strong> <\/a>est\u00e1 dise\u00f1ados para acompa\u00f1ar el bienestar f\u00edsico y emocional de su familia, ofreci\u00e9ndole respaldo cuando m\u00e1s lo necesite. <\/span><span style=\"font-weight: 400;\">La pubertad es una transici\u00f3n natural hacia la adultez. Con informaci\u00f3n clara, comunicaci\u00f3n abierta y apoyo profesional, puede convertirse en una etapa de aprendizaje, crecimiento y fortalecimiento familiar.<\/span><\/p><p><b><i>*Este contenido fue ajustado con el apoyo de herramientas de Inteligencia Artificial y cuidadosamente revisado por nuestro equipo editorial.<\/i><\/b><\/p>\t\t\t\t\t\t\t\t<\/div>\n\t\t\t\t<\/div>\n\t\t\t\t\t<\/div>\n\t\t\t\t<\/div>\n\t\t<div data-particle_enable=\"false\" data-particle-mobile-disabled=\"false\" class=\"elementor-element elementor-element-e32a7fd e-flex e-con-boxed e-con e-parent\" data-id=\"e32a7fd\" data-element_type=\"container\">\n\t\t\t\t\t<div class=\"e-con-inner\">\n\t\t\t\t<div class=\"elementor-element elementor-element-91bbf96 elementor-widget elementor-widget-html\" data-id=\"91bbf96\" data-element_type=\"widget\" data-widget_type=\"html.default\">\n\t\t\t\t<div class=\"elementor-widget-container\">\n\t\t\t\t\t\n<style>\n  \/* TOKENS RELUX *\/\n  :root { --sb-green: #005F39; --sb-yellow: #FFE16F; --sb-text: #1B1B1B; }\n  \n  \/* CONTAINER *\/\n  .sb-faq-container {\n    margin-top: 40px; border-top: 4px solid var(--sb-yellow);\n    padding-top: 30px; margin-bottom: 50px; font-family: 'Roboto', sans-serif;\n  }\n  .sb-faq-title {\n    font-family: 'Roboto Condensed', sans-serif; font-size: 1.6rem; \n    color: var(--sb-green); font-weight: 900; margin-bottom: 25px; text-transform: none;\n  }\n\n  \/* ITEM ACORDEON *\/\n  .sb-faq-item { border-bottom: 1px solid #eee; }\n  .sb-faq-btn {\n    background: none; border: none; width: 100%; text-align: left;\n    padding: 18px 0; font-family: 'Roboto Condensed', sans-serif;\n    font-size: 1.1rem; font-weight: 700; color: var(--sb-text);\n    cursor: pointer; display: flex; justify-content: space-between;\n    align-items: center; transition: all 0.2s ease;\n  }\n  .sb-faq-btn:hover, .sb-faq-btn.active { color: var(--sb-green); }\n  \n  \/* ICONO *\/\n  .sb-faq-icon { \n    font-size: 1.5rem; color: #FFDA55; font-weight: 400; \n    transition: transform 0.3s ease; line-height: 1; margin-left: 15px;\n  }\n  .sb-faq-btn.active .sb-faq-icon { transform: rotate(45deg); color: var(--sb-green); }\n\n  \/* PANEL CONTENIDO *\/\n  .sb-faq-panel { \n    max-height: 0; overflow: hidden; transition: max-height 0.3s ease-out; \n  }\n  .sb-faq-panel p { \n    padding: 0 5px 20px 5px; margin: 0; font-size: 1rem; color: #555; line-height: 1.6; \n  }\n\n  \/* GRUPO OCULTO Y BOT\u00d3N *\/\n  .sb-hidden-group { display: none; }\n  .sb-hidden-group.show { display: block; animation: sbFadeIn 0.5s ease; }\n  \n  .sb-load-more-container { text-align: center; margin-top: 25px; }\n  \n  .sb-load-more-btn {\n    background: transparent; color: var(--sb-green); border: 2px solid var(--sb-green);\n    padding: 10px 25px; border-radius: 50px; font-family: 'Roboto Condensed', sans-serif;\n    font-weight: 700; font-size: 0.9rem; cursor: pointer; transition: 0.3s;\n    text-transform: none;\n  }\n  .sb-load-more-btn:hover { background: var(--sb-green); color: white; }\n\n  @keyframes sbFadeIn { from { opacity: 0; } to { opacity: 1; } }\n<\/style>\n\n<div class=\"sb-faq-container\">\n  <div class=\"sb-faq-title\">Preguntas frecuentes<\/div>\n\n  <div class=\"sb-faq-item\">\n    <button class=\"sb-faq-btn\">\n      \u00bfA qu\u00e9 edad es normal que comience la pubertad en las ni\u00f1as?\n      <span class=\"sb-faq-icon\">+<\/span>\n    <\/button>\n    <div class=\"sb-faq-panel\"><p>La pubertad generalmente puede iniciar entre los 7 y 8 a\u00f1os, aunque en algunas ni\u00f1as se presenta un poco m\u00e1s tarde. Tenga en cuenta que cada cuerpo tiene su propio ritmo, por lo que no es recomendable comparar su desarrollo con el de otras ni\u00f1as. Si a los 12 a\u00f1os no nota el desarrollo de los senos o a los 15 no ha tenido su primera menstruaci\u00f3n, le sugerimos consultar con un profesional de la salud.<\/p><\/div>\n  <\/div>\n\n  <div class=\"sb-faq-item\">\n    <button class=\"sb-faq-btn\">\n      \u00bfCu\u00e1les son los primeros cambios f\u00edsicos que se notan en esta etapa?\n      <span class=\"sb-faq-icon\">+<\/span>\n    <\/button>\n    <div class=\"sb-faq-panel\"><p>Uno de los primeros cambios es el crecimiento de las manos y los pies, seguido por el resto del cuerpo. Durante los primeros dos a\u00f1os, el crecimiento se acelera y es normal que aumente de peso en zonas como las caderas y el pecho. Adem\u00e1s, inicia el desarrollo de los senos (que puede ser desigual al principio) y la aparici\u00f3n de vello corporal en nuevas zonas.<\/p><\/div>\n  <\/div>\n\n  <div class=\"sb-faq-item\">\n    <button class=\"sb-faq-btn\">\n      \u00bfEs normal que el ciclo menstrual de mi hija sea irregular al principio?\n      <span class=\"sb-faq-icon\">+<\/span>\n    <\/button>\n    <div class=\"sb-faq-panel\"><p>S\u00ed, es completamente normal. Al inicio, los ciclos pueden ser irregulares y el flujo puede variar tanto en cantidad como en color. Durante los primeros tres a\u00f1os, es com\u00fan que la menstruaci\u00f3n no sea totalmente exacta. Sin embargo, si pasan m\u00e1s de tres meses entre un ciclo y otro, le recomendamos consultar con un m\u00e9dico para su tranquilidad.<\/p><\/div>\n  <\/div>\n\n  <div id=\"sb-hidden-group\" class=\"sb-hidden-group\">\n    \n    <div class=\"sb-faq-item\">\n      <button class=\"sb-faq-btn\">\n        \u00bfQu\u00e9 cambios emocionales puede experimentar y c\u00f3mo puedo ayudarla?\n        <span class=\"sb-faq-icon\">+<\/span>\n      <\/button>\n      <div class=\"sb-faq-panel\"><p>Las variaciones hormonales pueden influir en su estado de \u00e1nimo, provocando momentos de alegr\u00eda intensa, sensibilidad, irritabilidad o tristeza. Tambi\u00e9n pueden surgir inseguridades sobre su imagen corporal. Para apoyarla, fomente una comunicaci\u00f3n abierta, escuche activamente sus inquietudes, valide sus emociones sin juzgarlas y br\u00edndele orientaci\u00f3n clara con l\u00edmites saludables.<\/p><\/div>\n    <\/div>\n\n    <div class=\"sb-faq-item\">\n      <button class=\"sb-faq-btn\">\n        \u00bfPor qu\u00e9 es importante el acompa\u00f1amiento m\u00e9dico durante la pubertad?\n        <span class=\"sb-faq-icon\">+<\/span>\n      <\/button>\n      <div class=\"sb-faq-panel\"><p>Los controles m\u00e9dicos permiten hacer un seguimiento constante al desarrollo f\u00edsico y resolver cualquier duda sobre el crecimiento o los cambios emocionales. Contar con el respaldo de un <strong>Seguro de Salud Integral<\/strong> de Seguros Bol\u00edvar le facilita el acceso oportuno a especialistas como pediatras y ginec\u00f3logos, brind\u00e1ndole mayor protecci\u00f3n y tranquilidad a su familia.<\/p><\/div>\n    <\/div>\n\n  <\/div>\n\n  <div class=\"sb-load-more-container\" id=\"sb-load-more-container\">\n    <button class=\"sb-load-more-btn\" onclick=\"toggleHiddenFaqs(this)\">Ver m\u00e1s preguntas \u25bc<\/button>\n  <\/div>\n\n<\/div>\n\n<script>\n  \/* 1. Acorde\u00f3n *\/\n  var acc = document.getElementsByClassName(\"sb-faq-btn\");\n  for (var i = 0; i < acc.length; i++) {\n    acc[i].addEventListener(\"click\", function() {\n      this.classList.toggle(\"active\");\n      var panel = this.nextElementSibling;\n      var icon = this.querySelector('.sb-faq-icon');\n      if (panel.style.maxHeight) {\n        panel.style.maxHeight = null;\n        icon.innerText = \"+\";\n      } else {\n        panel.style.maxHeight = panel.scrollHeight + \"px\";\n        icon.innerText = \"-\"; \n      }\n    });\n  }\n\n  \/* 2. Ver M\u00e1s *\/\n  function toggleHiddenFaqs(btn) {\n    var hiddenGroup = document.getElementById(\"sb-hidden-group\");\n    if (hiddenGroup) {\n      hiddenGroup.classList.add(\"show\");\n      btn.style.display = 'none'; \/\/ Se oculta tras el clic\n    }\n  }\n<\/script>\n\n<script type=\"application\/ld+json\">\n{\n  \"@context\": \"https:\/\/schema.org\",\n  \"@type\": \"FAQPage\",\n  \"mainEntity\": [\n    {\n      \"@type\": \"Question\",\n      \"name\": \"\u00bfA qu\u00e9 edad es normal que comience la pubertad en las ni\u00f1as?\",\n      \"acceptedAnswer\": {\n        \"@type\": \"Answer\",\n        \"text\": \"La pubertad generalmente puede iniciar entre los 7 y 8 a\u00f1os, aunque en algunas ni\u00f1as se presenta un poco m\u00e1s tarde. Tenga en cuenta que cada cuerpo tiene su propio ritmo, por lo que no es recomendable comparar su desarrollo con el de otras ni\u00f1as. Si a los 12 a\u00f1os no nota el desarrollo de los senos o a los 15 no ha tenido su primera menstruaci\u00f3n, le sugerimos consultar con un profesional de la salud.\"\n      }\n    },\n    {\n      \"@type\": \"Question\",\n      \"name\": \"\u00bfCu\u00e1les son los primeros cambios f\u00edsicos que se notan en esta etapa?\",\n      \"acceptedAnswer\": {\n        \"@type\": \"Answer\",\n        \"text\": \"Uno de los primeros cambios es el crecimiento de las manos y los pies, seguido por el resto del cuerpo. Durante los primeros dos a\u00f1os, el crecimiento se acelera y es normal que aumente de peso en zonas como las caderas y el pecho. Adem\u00e1s, inicia el desarrollo de los senos (que puede ser desigual al principio) y la aparici\u00f3n de vello corporal en nuevas zonas.\"\n      }\n    },\n    {\n      \"@type\": \"Question\",\n      \"name\": \"\u00bfEs normal que el ciclo menstrual de mi hija sea irregular al principio?\",\n      \"acceptedAnswer\": {\n        \"@type\": \"Answer\",\n        \"text\": \"S\u00ed, es completamente normal. Al inicio, los ciclos pueden ser irregulares y el flujo puede variar tanto en cantidad como en color. Durante los primeros tres a\u00f1os, es com\u00fan que la menstruaci\u00f3n no sea totalmente exacta. Sin embargo, si pasan m\u00e1s de tres meses entre un ciclo y otro, le recomendamos consultar con un m\u00e9dico para su tranquilidad.\"\n      }\n    },\n    {\n      \"@type\": \"Question\",\n      \"name\": \"\u00bfQu\u00e9 cambios emocionales puede experimentar y c\u00f3mo puedo ayudarla?\",\n      \"acceptedAnswer\": {\n        \"@type\": \"Answer\",\n        \"text\": \"Las variaciones hormonales pueden influir en su estado de \u00e1nimo, provocando momentos de alegr\u00eda intensa, sensibilidad, irritabilidad o tristeza. Tambi\u00e9n pueden surgir inseguridades sobre su imagen corporal. Para apoyarla, fomente una comunicaci\u00f3n abierta, escuche activamente sus inquietudes, valide sus emociones sin juzgarlas y br\u00edndele orientaci\u00f3n clara con l\u00edmites saludables.\"\n      }\n    },\n    {\n      \"@type\": \"Question\",\n      \"name\": \"\u00bfPor qu\u00e9 es importante el acompa\u00f1amiento m\u00e9dico durante la pubertad?\",\n      \"acceptedAnswer\": {\n        \"@type\": \"Answer\",\n        \"text\": \"Los controles m\u00e9dicos permiten hacer un seguimiento constante al desarrollo f\u00edsico y resolver cualquier duda sobre el crecimiento o los cambios emocionales. Contar con el respaldo de un Seguro de Salud Integral de Seguros Bol\u00edvar le facilita el acceso oportuno a especialistas como pediatras y ginec\u00f3logos, brind\u00e1ndole mayor protecci\u00f3n y tranquilidad a su familia.\"\n      }\n    }\n  ]\n}\n<\/script>\n\t\t\t\t<\/div>\n\t\t\t\t<\/div>\n\t\t\t\t\t<\/div>\n\t\t\t\t<\/div>\n\t\t<div data-particle_enable=\"false\" data-particle-mobile-disabled=\"false\" class=\"elementor-element elementor-element-d794730 e-flex e-con-boxed e-con e-parent\" data-id=\"d794730\" data-element_type=\"container\">\n\t\t\t\t\t<div class=\"e-con-inner\">\n\t\t\t\t<div class=\"elementor-element elementor-element-df18859 elementor-widget elementor-widget-html\" data-id=\"df18859\" data-element_type=\"widget\" data-widget_type=\"html.default\">\n\t\t\t\t<div class=\"elementor-widget-container\">\n\t\t\t\t\t<table cellpadding='0' cellspacing='0' align='center' style='width: 100%'><tr style='text-align: center; font-family: Open Sans, sans-serif;'><td style='padding-bottom: 24px; color: #29292a; font-size: 18px; font-weight: 600'>\u00bfQu\u00e9 tan \u00fatil le pareci\u00f3 este contenido?<\/td><\/tr><tr style='text-align: center;'><td><table cellpadding='0' cellspacing='0' style='width: 100%; max-width: 400px; margin: auto'><tr><td><a style=\"text-decoration: none\" href=\"https:\/\/survey.survicate.com\/1aa256dae6362312\/?pieza=47917_dia_del_nino_5_ideas_para_celebrarlo_en_casa||&amp;aid=2510313\" target=\"_blank\" rel=\"nofollow noopener\"> <img style='width: 32px; height: 32px' src='https:\/\/image.experienciasbolivar.segurosbolivar.com\/lib\/fe3511747364047b751475\/m\/1\/7d675113-0e03-409d-944b-3b06b10fb55e.png' > <\/a><\/td><td><a style=\"text-decoration: none\" href=\"https:\/\/survey.survicate.com\/1aa256dae6362312\/?pieza=47917_dia_del_nino_5_ideas_para_celebrarlo_en_casa||&amp;aid=2510314\" target=\"_blank\" rel=\"nofollow noopener\"> <img style='width: 32px; height: 32px' src='https:\/\/image.experienciasbolivar.segurosbolivar.com\/lib\/fe3511747364047b751475\/m\/1\/2cceee11-e12d-4873-bb48-569d2d4afe2d.png' > <\/a><\/td><td><a style=\"text-decoration: none\" href=\"https:\/\/survey.survicate.com\/1aa256dae6362312\/?pieza=47917_dia_del_nino_5_ideas_para_celebrarlo_en_casa||&amp;aid=2510315\" target=\"_blank\" rel=\"nofollow noopener\"> <img style='width: 32px; height: 32px' src='https:\/\/image.experienciasbolivar.segurosbolivar.com\/lib\/fe3511747364047b751475\/m\/1\/7553bd02-b4da-452e-9446-d80f342e8662.png' > <\/a><\/td><td><a style=\"text-decoration: none\" href=\"https:\/\/survey.survicate.com\/1aa256dae6362312\/?pieza=47917_dia_del_nino_5_ideas_para_celebrarlo_en_casa||&amp;aid=2510316\" target=\"_blank\" rel=\"nofollow noopener\"> <img style='width: 32px; height: 32px' src='https:\/\/image.experienciasbolivar.segurosbolivar.com\/lib\/fe3511747364047b751475\/m\/1\/1aa041a1-6fa1-4da5-8ce4-099bda589a6d.png' > <\/a><\/td><td><a style=\"text-decoration: none\" href=\"https:\/\/survey.survicate.com\/1aa256dae6362312\/?pieza=47917_dia_del_nino_5_ideas_para_celebrarlo_en_casa||&amp;aid=2510317\" target=\"_blank\" rel=\"nofollow noopener\"> <img style='width: 32px; height: 32px' src='https:\/\/image.experienciasbolivar.segurosbolivar.com\/lib\/fe3511747364047b751475\/m\/1\/237d20e9-0b59-4c8a-8a44-8733a91bb3e1.png' > <\/a><\/td><\/tr><\/table><\/td><\/tr><\/table>\t\t\t\t<\/div>\n\t\t\t\t<\/div>\n\t\t\t\t\t<\/div>\n\t\t\t\t<\/div>\n\t\t\t\t<\/div>\n\t\t","protected":false},"excerpt":{"rendered":"<p>Aprenda sobre los cambios f\u00edsicos y emocionales en la pubertad y c\u00f3mo el acompa\u00f1amiento familiar y m\u00e9dico favorece el bienestar.<\/p>\n","protected":false},"author":14,"featured_media":48216,"comment_status":"closed","ping_status":"closed","sticky":false,"template":"","format":"standard","meta":{"footnotes":""},"categories":[84],"tags":[34,184,46,192],"class_list":["post-47942","post","type-post","status-publish","format-standard","has-post-thumbnail","hentry","category-bienestar-y-salud","tag-bienestar-de-la-familia","tag-bienestar-fisico","tag-consejos-para-padres","tag-seguro-de-salud-a-su-medida"],"_links":{"self":[{"href":"https:\/\/www.segurosbolivar.com\/blog\/wp-json\/wp\/v2\/posts\/47942","targetHints":{"allow":["GET"]}}],"collection":[{"href":"https:\/\/www.segurosbolivar.com\/blog\/wp-json\/wp\/v2\/posts"}],"about":[{"href":"https:\/\/www.segurosbolivar.com\/blog\/wp-json\/wp\/v2\/types\/post"}],"author":[{"embeddable":true,"href":"https:\/\/www.segurosbolivar.com\/blog\/wp-json\/wp\/v2\/users\/14"}],"replies":[{"embeddable":true,"href":"https:\/\/www.segurosbolivar.com\/blog\/wp-json\/wp\/v2\/comments?post=47942"}],"version-history":[{"count":12,"href":"https:\/\/www.segurosbolivar.com\/blog\/wp-json\/wp\/v2\/posts\/47942\/revisions"}],"predecessor-version":[{"id":48271,"href":"https:\/\/www.segurosbolivar.com\/blog\/wp-json\/wp\/v2\/posts\/47942\/revisions\/48271"}],"wp:featuredmedia":[{"embeddable":true,"href":"https:\/\/www.segurosbolivar.com\/blog\/wp-json\/wp\/v2\/media\/48216"}],"wp:attachment":[{"href":"https:\/\/www.segurosbolivar.com\/blog\/wp-json\/wp\/v2\/media?parent=47942"}],"wp:term":[{"taxonomy":"category","embeddable":true,"href":"https:\/\/www.segurosbolivar.com\/blog\/wp-json\/wp\/v2\/categories?post=47942"},{"taxonomy":"post_tag","embeddable":true,"href":"https:\/\/www.segurosbolivar.com\/blog\/wp-json\/wp\/v2\/tags?post=47942"}],"curies":[{"name":"wp","href":"https:\/\/api.w.org\/{rel}","templated":true}]}}