{"id":4645,"date":"2025-05-05T08:00:10","date_gmt":"2025-05-05T13:00:10","guid":{"rendered":"https:\/\/www.segurosbolivar.com\/blog\/?p=4645"},"modified":"2026-02-17T11:35:33","modified_gmt":"2026-02-17T16:35:33","slug":"etapas-del-embarazo-como-es-el-primer-trimestre","status":"publish","type":"post","link":"https:\/\/www.segurosbolivar.com\/blog\/bienestar-y-salud\/etapas-del-embarazo-como-es-el-primer-trimestre\/","title":{"rendered":"Etapas del embarazo: \u00bfC\u00f3mo es el primer trimestre?"},"content":{"rendered":"\t\t<div data-elementor-type=\"wp-post\" data-elementor-id=\"4645\" class=\"elementor elementor-4645\" data-elementor-post-type=\"post\">\n\t\t\t\t<div data-particle_enable=\"false\" data-particle-mobile-disabled=\"false\" class=\"elementor-element elementor-element-5a80e74 e-flex e-con-boxed e-con e-parent\" data-id=\"5a80e74\" data-element_type=\"container\">\n\t\t\t\t\t<div class=\"e-con-inner\">\n\t\t\t\t<div class=\"elementor-element elementor-element-49dae62 elementor-widget elementor-widget-text-editor\" data-id=\"49dae62\" data-element_type=\"widget\" data-widget_type=\"text-editor.default\">\n\t\t\t\t<div class=\"elementor-widget-container\">\n\t\t\t\t\t\t\t\t\t<p><span style=\"font-weight: 400;\">\u00bfEst\u00e1 viviendo una de las etapas m\u00e1s lindas de su vida? \u00bfLe gustar\u00eda conocer <strong>qu\u00e9 pasa en el cuerpo de una mujer cuando se encuentra en embarazo?<\/strong> \u00bfQuiere saber c\u00f3mo se desarrolla un beb\u00e9, semana por semana? Lleg\u00f3 al blog indicado.\u00a0<\/span><\/p><p><span style=\"font-weight: 400;\">Entender lo que sucede en cada etapa del embarazo permite estar preparados, y no solo la mujer, sino <strong>tambi\u00e9n su familia, sus amigos y las personas allegadas.<\/strong> Por eso, los invitamos a todos a conocer <strong>qu\u00e9 pasa semana tras semana durante el embarazo.\u00a0<\/strong><\/span><\/p><p><span style=\"font-weight: 400;\">Primero que todo, es importante saber que <strong>el seguimiento del embarazo se realiza en tres trimestres.<\/strong> Cuando una mujer en estado de embarazo asiste a los controles prenatales, es la primera vez que empieza a comprender eso de \u201clas semanas de gestaci\u00f3n\u201d.\u00a0<\/span><\/p><p><span style=\"font-weight: 400;\">En dichos controles, el personal de salud se refiere a la edad del beb\u00e9 de esta forma. <strong>Es la gu\u00eda para saber en qu\u00e9 etapa del embarazo se encuentra la mujer y la edad del beb\u00e9.<\/strong> Todo comienza desde la fecha de inicio del \u00faltimo periodo y se cuentan 40 semanas para conocer la fecha probable de parto.\u00a0\u00a0<\/span><\/p><p><span style=\"font-weight: 400;\">A continuaci\u00f3n, les contamos los cambios que se presentan en cada una de las <strong>etapas del embarazo,<\/strong> espec\u00edficamente, durante el primer trimestre. Es decir, podr\u00e1n saber c\u00f3mo crece un beb\u00e9, qu\u00e9 tama\u00f1o tiene y c\u00f3mo se desarrolla en este periodo.\u00a0<\/span><\/p><h2><b>Cambios durante el primer trimestre del embarazo<\/b><\/h2><p><img fetchpriority=\"high\" decoding=\"async\" class=\"wp-image-4657 aligncenter\" src=\"https:\/\/d9b6rardqz97a.cloudfront.net\/blog\/wp-content\/uploads\/2021\/03\/01125517\/Pareja-va-a-control-embarazo-compressed-scaled-e1614621344363.jpg\" alt=\"Pareja va a control embarazo\" width=\"581\" height=\"383\" \/><\/p><p><span style=\"font-weight: 400;\"><strong>Las dos primeras semanas que se cuentan, en realidad la mujer no est\u00e1 embarazada.<\/strong> S\u00ed, as\u00ed es, ha le\u00eddo bien. La <a href=\"https:\/\/www.doctoraki.com\/blog\/bienestar-y-salud\/quiero-quedar-en-embarazo\/?utm_source=Seguros Bolivar&amp;utm_medium=Referral&amp;utm_campaign=Contenido_Blog_Embarazo&amp;utm_content=_concepci\u00f3n_\" target=\"_blank\" rel=\"noopener\"><strong>concepci\u00f3n<\/strong><\/a> inicia dos semanas despu\u00e9s del inicio del \u00faltimo periodo o regla (F.U.R.), pero es la gu\u00eda que se toma para calcular la fecha probable de parto y saber en qu\u00e9 etapa del embarazo se est\u00e1.<\/span><\/p><h3><b>Semana 3 de embarazo<\/b><\/h3><p><span style=\"font-weight: 400;\">Hacia la semana 3, posterior al inicio del \u00faltimo periodo, <strong>se produce la uni\u00f3n del \u00f3vulo con el espermatozoide en una de las trompas de Falopio,<\/strong> formando el cigoto.<\/span><\/p><p><span style=\"font-weight: 400;\">Precisamente, el cigoto contiene la mitad del material gen\u00e9tico de la madre y del <strong><a href=\"https:\/\/www.segurosbolivar.com\/blog\/estilo-de-vida\/padres-presentes-ninos-felices-celebremos-juntos\/\" target=\"_blank\" rel=\"noopener\">padre<\/a><\/strong>, es decir, las caracter\u00edsticas del beb\u00e9. Adem\u00e1s, dicho material <strong>contiene el cromosoma \u201cx\u201d o \u201cy\u201d que determina el sexo del beb\u00e9<\/strong>, siempre aportado por el espermatozoide. Si es \u201cx\u201d ser\u00e1 una ni\u00f1a, si es \u201cy\u201d ser\u00e1 un ni\u00f1o.\u00a0<\/span><\/p><p><span style=\"font-weight: 400;\">En esta semana tambi\u00e9n es el momento donde sucede la posibilidad de tener mellizos, si hay dos \u00f3vulos, y ambos son fecundados.\u00a0<\/span><\/p><p><span style=\"font-weight: 400;\">Poco despu\u00e9s el cigoto se <strong>comienza a dividir y forma una m\u00f3rula, mientras va viajando por la trompa de Falopio hacia el \u00fatero<\/strong>, donde se est\u00e1 formando un c\u00f3modo nido en su interior.<\/span><\/p>\t\t\t\t\t\t\t\t<\/div>\n\t\t\t\t<\/div>\n\t\t\t\t\t<\/div>\n\t\t\t\t<\/div>\n\t\t<div data-particle_enable=\"false\" data-particle-mobile-disabled=\"false\" class=\"elementor-element elementor-element-115c7bf7 e-flex e-con-boxed e-con e-parent\" data-id=\"115c7bf7\" data-element_type=\"container\">\n\t\t\t\t\t<div class=\"e-con-inner\">\n\t\t\t\t<div class=\"elementor-element elementor-element-6bb6928 elementor-widget elementor-widget-text-editor\" data-id=\"6bb6928\" data-element_type=\"widget\" data-widget_type=\"text-editor.default\">\n\t\t\t\t<div class=\"elementor-widget-container\">\n\t\t\t\t\t\t\t\t\t<div class=\"custom-iframe-container\"><p>\u00a0<\/p><\/div><p><strong>\ud83d\udd17 <a href=\"https:\/\/www.segurosbolivar.com\/blog\/bienestar-y-salud\/lactancia-materna-beneficios-y-recomendaciones\/\" target=\"_blank\" rel=\"noopener\">Lactancia materna: beneficios y recomendaciones<\/a><\/strong><\/p><h3><b>Semana 4<\/b><\/h3><p><span style=\"font-weight: 400;\">En la semana 4, la m\u00f3rula contin\u00faa dividi\u00e9ndose r\u00e1pidamente.<strong> Se convierte en blastocisto y llega al \u00fatero donde comienza a anidarse en el endometrio,<\/strong> la capa interna del \u00fatero.\u00a0<\/span><\/p><p><span style=\"font-weight: 400;\">Este proceso de anidamiento se llama \u201cimplantaci\u00f3n\u201d. All\u00ed el blastocisto contin\u00faa su crecimiento, para crear el embri\u00f3n en la parte interna, y la placenta en la parte externa; rica en vasos sangu\u00edneos y de donde se alimentar\u00e1 el beb\u00e9.<\/span><\/p><h3><b>Semana 5 de embarazo<\/b><\/h3><p><span style=\"font-weight: 400;\">En la semana 5, el blastocisto ya implantado <strong>produce la hormona Gonadotropina\u00a0 Cori\u00f3nica y va aumentando su producci\u00f3n a medida que va creciendo.<\/strong> Esta hormona es la que se puede detectar o medir en las pruebas de embarazo, y es la que hace que se aumenten otras dos hormonas que se encuentran en los ovarios: la progesterona y el estr\u00f3geno. As\u00ed el ovario no libera m\u00e1s \u00f3vulos\u00a0 y no hay m\u00e1s periodo menstrual.<\/span><\/p><p><span style=\"font-weight: 400;\">En cuanto a los cambios de la mujer, durante esta semana, <strong>los senos se pueden volver sensibles o dolorosos, se presentan n\u00e1useas con o sin v\u00f3mito a cualquier hora del d\u00eda o la noche;<\/strong> la cantidad de sangre en el cuerpo aumenta, haciendo que los ri\u00f1ones procesen m\u00e1s l\u00edquido extra y se aumente la frecuencia de ir al ba\u00f1o a miccionar (orinar).\u00a0<\/span><\/p><p><a href=\"https:\/\/digital.experienciasbolivar.segurosbolivar.com\/seguro-salud-integral?utm_source=Autopauta&amp;utm_medium=Blog_banner_interno&amp;utm_campaign=BG_salud_4645\" target=\"_blank\" rel=\"noopener\"><img decoding=\"async\" class=\"aligncenter wp-image-14480 size-full\" src=\"https:\/\/d9b6rardqz97a.cloudfront.net\/blog\/wp-content\/uploads\/2021\/10\/27100958\/700x200-Seguro-Salud-Integral.jpg\" alt=\"\" width=\"700\" height=\"200\" srcset=\"https:\/\/d9b6rardqz97a.cloudfront.net\/blog\/wp-content\/uploads\/2021\/10\/27100958\/700x200-Seguro-Salud-Integral.jpg 700w, https:\/\/d9b6rardqz97a.cloudfront.net\/blog\/wp-content\/uploads\/2021\/10\/27100958\/700x200-Seguro-Salud-Integral-300x86.jpg 300w\" sizes=\"(max-width: 700px) 100vw, 700px\" \/><\/a><\/p><p><span style=\"font-weight: 400;\">Tambi\u00e9n se presentan cambios en preferencias alimenticias, se relaja la v\u00e1lvula que hay entre el es\u00f3fago y el est\u00f3mago produci\u00e9ndose un poco de reflujo g\u00e1strico o acidez estomacal; el aumento de los niveles de progesterona puede provocar sue\u00f1o o fatiga, disminuci\u00f3n de los movimientos del intestino produciendo estre\u00f1imiento, y cambios en el estado de \u00e1nimo.\u00a0<\/span><\/p><p><span style=\"font-weight: 400;\">Volviendo al beb\u00e9, contin\u00faa el crecimiento de la placenta y en el embri\u00f3n se desarrollan tres capas el Ectodermo, Mesodermo y Endodermo. Se entienden mejor as\u00ed:\u00a0<\/span><\/p><p><span style=\"font-weight: 400;\">Del Ectodermo se forma la piel, el sistema nervioso, los ojos y el o\u00eddo interno; del Mesodermo se forma el coraz\u00f3n y el sistema circulatorio, los huesos, ligamentos, ri\u00f1ones y gran parte del aparato reproductor. Y, por \u00faltimo, del Endodermo se formar\u00e1n los pulmones y el intestino del beb\u00e9.<\/span><\/p><h2><b>M\u00e1s cambios, semana por semana del embarazo<\/b><\/h2><h3><b>Semana 6<\/b><\/h3><p><span style=\"font-weight: 400;\">En la semana 6, el crecimiento del beb\u00e9 se acelera, empieza a tomar una curvatura en &#8216;forma de c&#8217;; el tubo neural en la espalda del beb\u00e9 se comienza a cerrar, desarroll\u00e1ndose el cerebro\u00a0 y la m\u00e9dula espinal. <strong>As\u00ed mismo se inicia la formaci\u00f3n de diferentes \u00f3rganos,<\/strong> dentro de los cuales est\u00e1 el coraz\u00f3n que tiene sus primeros latidos; se forman estructuras para los ojos, los o\u00eddos, y peque\u00f1as protuberancias que ser\u00e1n los brazos.\u00a0<\/span><\/p><h3><b>Semana 7 de embarazo<\/b><\/h3><p><span style=\"font-weight: 400;\">En la semana 7 se comienza a divisar la cabeza del beb\u00e9 con la formaci\u00f3n del cerebro, la retina, se ve donde estar\u00e1n las fosas nasales <strong>dando un esbozo del rostro del beb\u00e9.<\/strong> Las protuberancias de la semana pasada que van a ser los brazos ya tiene formas de paleta y salen las protuberancias inferiores que ser\u00e1n las piernas.\u00a0<\/span><\/p><h3><b>Semana 8<\/b><\/h3><p><span style=\"font-weight: 400;\">En la semana 8 se forma el labio superior, la nariz y las orejas; ya los ojos se distinguen con claridad, el tronco y el cuello se comienzan a enderezar, <strong>se forman los dedos de los brazos y las piernas est\u00e1n en forma de paletas.<\/strong> A partir de esta semana, el beb\u00e9 (embri\u00f3n) ya comienza a medir entre 11 a 14 mil\u00edmetros, de la cabeza a los gl\u00fateos.<\/span><\/p><h3><b>Semana 9<\/b><\/h3><p><span style=\"font-weight: 400;\">En la semana 9 la cabeza del beb\u00e9 ya es grande. <strong>Se forman los p\u00e1rpados, los dedos de los pies y los brazos son un poco m\u00e1s largos apareciendo los codos;<\/strong> est\u00e1 midiendo de 16 a 18 mil\u00edmetros.<\/span><\/p><h3><b>Semana 10<\/b><\/h3><p><span style=\"font-weight: 400;\">En la semana 10 se alargan los dedos de las manos y los pies, los brazos ya son tan largos como para flexionarlos por sus codos. <strong>Se ve tambi\u00e9n de forma clara el cord\u00f3n umbilical que conecta al beb\u00e9 con la placenta,<\/strong> aliment\u00e1ndose a trav\u00e9s de ella; se contin\u00faan formando los p\u00e1rpados, el o\u00eddo y las orejas.\u00a0\u00a0<\/span><\/p><h3><b>Semana 11 de embarazo<\/b><\/h3><p><span style=\"font-weight: 400;\">En la semana 11 el beb\u00e9 ya es un feto. Con su cara ancha, los ojos muy separados, los p\u00e1rpados cerrados, las orejas bajas, brotes que ser\u00e1n sus futuros dientes; inicia a crecer m\u00e1s su cuerpo, su h\u00edgado empieza a formar gl\u00f3bulos rojos (los carritos que llevan la energ\u00eda y la comida a todo el cuerpo).\u00a0<\/span><\/p><p><span style=\"font-weight: 400;\">En este momento, ya se inicia a desarrollar el pene o el cl\u00edtoris y los labios mayores dependiendo del sexo. Ya mide de la cabeza a los gl\u00fateos 50 mil\u00edmetros y pesa 8 gramos.<\/span><\/p><h3><b>Semana 12<\/b><\/h3><p><span style=\"font-weight: 400;\">En la semana 12 ya hay intestinos en su abdomen, crecen las u\u00f1as, y <strong>su cara se distingue mejor.<\/strong> Puede estar midiendo 16 mil\u00edmetros y pesar casi 14 gramos.<\/span><\/p><p><span style=\"font-weight: 400;\">A medida que pasan las semanas el cuerpo de la mujer se adapta a los cambios f\u00edsicos.<strong> La mejor recomendaci\u00f3n para vivir esta etapa es informarse.<\/strong> El acompa\u00f1amiento durante el embarazo es fundamental, por eso en <\/span><a href=\"https:\/\/www.segurosbolivar.com\/?autopauta=Ambos_Link_4645_Seguros_Bolivar_Cierre_\" target=\"_blank\" rel=\"noopener\"><b>Seguros Bol\u00edvar <\/b><\/a><span style=\"font-weight: 400;\">queremos que viva una maternidad tranquila e informada, junto a nosotros tambi\u00e9n.\u00a0<\/span><\/p><table style=\"width: 100%;\" cellspacing=\"0\" cellpadding=\"0\" align=\"center\"><tbody><tr style=\"text-align: center; font-family: Open Sans, sans-serif;\"><td style=\"padding-bottom: 24px; color: #29292a; font-size: 18px; font-weight: 600;\">\u00bfQu\u00e9 tan \u00fatil le pareci\u00f3 este contenido?<\/td><\/tr><tr style=\"text-align: center;\"><td><table style=\"width: 100%; max-width: 400px; margin: auto;\" cellspacing=\"0\" cellpadding=\"0\"><tbody><tr><td><a style=\"text-decoration: none;\" href=\"https:\/\/survey.survicate.com\/1aa256dae6362312\/?pieza=4645_etapas_del_embarazo_como_es_el_primer_trimestre||Bienestar y Salud&amp;aid=2510313\" target=\"_blank\" rel=\"nofollow noopener\"> <img decoding=\"async\" style=\"width: 32px; height: 32px;\" src=\"https:\/\/image.experienciasbolivar.segurosbolivar.com\/lib\/fe3511747364047b751475\/m\/1\/7d675113-0e03-409d-944b-3b06b10fb55e.png\" \/> <\/a><\/td><td><a style=\"text-decoration: none;\" href=\"https:\/\/survey.survicate.com\/1aa256dae6362312\/?pieza=4645_etapas_del_embarazo_como_es_el_primer_trimestre||Bienestar y Salud&amp;aid=2510314\" target=\"_blank\" rel=\"nofollow noopener\"> <img decoding=\"async\" style=\"width: 32px; height: 32px;\" src=\"https:\/\/image.experienciasbolivar.segurosbolivar.com\/lib\/fe3511747364047b751475\/m\/1\/2cceee11-e12d-4873-bb48-569d2d4afe2d.png\" \/> <\/a><\/td><td><a style=\"text-decoration: none;\" href=\"https:\/\/survey.survicate.com\/1aa256dae6362312\/?pieza=4645_etapas_del_embarazo_como_es_el_primer_trimestre||Bienestar y Salud&amp;aid=2510315\" target=\"_blank\" rel=\"nofollow noopener\"> <img decoding=\"async\" style=\"width: 32px; height: 32px;\" src=\"https:\/\/image.experienciasbolivar.segurosbolivar.com\/lib\/fe3511747364047b751475\/m\/1\/7553bd02-b4da-452e-9446-d80f342e8662.png\" \/> <\/a><\/td><td><a style=\"text-decoration: none;\" href=\"https:\/\/survey.survicate.com\/1aa256dae6362312\/?pieza=4645_etapas_del_embarazo_como_es_el_primer_trimestre||Bienestar y Salud&amp;aid=2510316\" target=\"_blank\" rel=\"nofollow noopener\"> <img decoding=\"async\" style=\"width: 32px; height: 32px;\" src=\"https:\/\/image.experienciasbolivar.segurosbolivar.com\/lib\/fe3511747364047b751475\/m\/1\/1aa041a1-6fa1-4da5-8ce4-099bda589a6d.png\" \/> <\/a><\/td><td><a style=\"text-decoration: none;\" href=\"https:\/\/survey.survicate.com\/1aa256dae6362312\/?pieza=4645_etapas_del_embarazo_como_es_el_primer_trimestre||Bienestar y Salud&amp;aid=2510317\" target=\"_blank\" rel=\"nofollow noopener\"> <img decoding=\"async\" style=\"width: 32px; height: 32px;\" src=\"https:\/\/image.experienciasbolivar.segurosbolivar.com\/lib\/fe3511747364047b751475\/m\/1\/237d20e9-0b59-4c8a-8a44-8733a91bb3e1.png\" \/> <\/a><\/td><\/tr><\/tbody><\/table><\/td><\/tr><\/tbody><\/table>\t\t\t\t\t\t\t\t<\/div>\n\t\t\t\t<\/div>\n\t\t\t\t\t<\/div>\n\t\t\t\t<\/div>\n\t\t\t\t<\/div>\n\t\t","protected":false},"excerpt":{"rendered":"<p>Conozca los cambios que se viven en el primer trimestre del embarazo. As\u00ed podr\u00e1 saber lo que ocurre dentro del cuerpo de la mujer cada semana. <\/p>\n","protected":false},"author":17,"featured_media":13000,"comment_status":"closed","ping_status":"open","sticky":false,"template":"","format":"standard","meta":{"footnotes":""},"categories":[84],"tags":[59,34,46,191],"class_list":["post-4645","post","type-post","status-publish","format-standard","has-post-thumbnail","hentry","category-bienestar-y-salud","tag-bienestar-bolivar","tag-bienestar-de-la-familia","tag-consejos-para-padres","tag-seguro-de-salud-integral"],"_links":{"self":[{"href":"https:\/\/www.segurosbolivar.com\/blog\/wp-json\/wp\/v2\/posts\/4645","targetHints":{"allow":["GET"]}}],"collection":[{"href":"https:\/\/www.segurosbolivar.com\/blog\/wp-json\/wp\/v2\/posts"}],"about":[{"href":"https:\/\/www.segurosbolivar.com\/blog\/wp-json\/wp\/v2\/types\/post"}],"author":[{"embeddable":true,"href":"https:\/\/www.segurosbolivar.com\/blog\/wp-json\/wp\/v2\/users\/17"}],"replies":[{"embeddable":true,"href":"https:\/\/www.segurosbolivar.com\/blog\/wp-json\/wp\/v2\/comments?post=4645"}],"version-history":[{"count":21,"href":"https:\/\/www.segurosbolivar.com\/blog\/wp-json\/wp\/v2\/posts\/4645\/revisions"}],"predecessor-version":[{"id":46843,"href":"https:\/\/www.segurosbolivar.com\/blog\/wp-json\/wp\/v2\/posts\/4645\/revisions\/46843"}],"wp:featuredmedia":[{"embeddable":true,"href":"https:\/\/www.segurosbolivar.com\/blog\/wp-json\/wp\/v2\/media\/13000"}],"wp:attachment":[{"href":"https:\/\/www.segurosbolivar.com\/blog\/wp-json\/wp\/v2\/media?parent=4645"}],"wp:term":[{"taxonomy":"category","embeddable":true,"href":"https:\/\/www.segurosbolivar.com\/blog\/wp-json\/wp\/v2\/categories?post=4645"},{"taxonomy":"post_tag","embeddable":true,"href":"https:\/\/www.segurosbolivar.com\/blog\/wp-json\/wp\/v2\/tags?post=4645"}],"curies":[{"name":"wp","href":"https:\/\/api.w.org\/{rel}","templated":true}]}}