{"id":42704,"date":"2025-12-10T11:17:15","date_gmt":"2025-12-10T16:17:15","guid":{"rendered":"https:\/\/www.segurosbolivar.com\/blog\/?p=42704"},"modified":"2026-02-16T09:04:05","modified_gmt":"2026-02-16T14:04:05","slug":"enfermedades-cronicas-en-la-vejez-cuidado-integral","status":"publish","type":"post","link":"https:\/\/www.segurosbolivar.com\/blog\/bienestar-y-salud\/enfermedades-cronicas-en-la-vejez-cuidado-integral\/","title":{"rendered":"Cuidado del adulto mayor con enfermedades cr\u00f3nicas: C\u00f3mo mejorar su bienestar y prevenir complicaciones"},"content":{"rendered":"<h5><i><span style=\"font-weight: 400;\">Por: Ra\u00fal Guevara Builes*<\/span><\/i><\/h5>\n<p><span style=\"font-weight: 400;\">A medida que una persona envejece, <\/span><b>es m\u00e1s probable que conviva con enfermedades cr\u00f3nicas<\/b><span style=\"font-weight: 400;\"> como hipertensi\u00f3n, diabetes, problemas del coraz\u00f3n, enfermedad pulmonar o dolencias articulares. Es com\u00fan que el adulto mayor tenga dos o m\u00e1s de estas condiciones al mismo tiempo, <\/span><b>una situaci\u00f3n conocida como multimorbilidad<\/b><span style=\"font-weight: 400;\">. Esto hace que su manejo sea m\u00e1s complejo, especialmente cuando requiere varios medicamentos al d\u00eda, lo que se conoce como <\/span><b>polifarmacia <\/b><b><i>(cinco o m\u00e1s)<\/i><\/b><span style=\"font-weight: 400;\">.<\/span><\/p>\n<p><span style=\"font-weight: 400;\">Adem\u00e1s, muchas personas mayores presentan fragilidad, <\/span><b>un estado en el que el cuerpo pierde fuerza y capacidad de reacci\u00f3n<\/b><span style=\"font-weight: 400;\">. Esto significa que un evento peque\u00f1o, como una gripe, una ca\u00edda, un ajuste en un medicamento o una infecci\u00f3n urinaria, <\/span><b>puede desencadenar complicaciones mayores<\/b><span style=\"font-weight: 400;\">, hospitalizaciones y p\u00e9rdida de autonom\u00eda.<\/span><\/p>\n<p><span style=\"font-weight: 400;\">Por eso, el cuidado del adulto mayor con enfermedades cr\u00f3nicas <\/span><b>necesita un enfoque integral<\/b><span style=\"font-weight: 400;\">, m\u00e1s all\u00e1 de tratar cada enfermedad por separado. Este tipo de atenci\u00f3n es liderado con mayor efectividad por profesionales en geriatr\u00eda, quienes <\/span><b>cuentan con herramientas especializadas<\/b><span style=\"font-weight: 400;\"> para evaluar riesgos, anticipar complicaciones y acompa\u00f1ar a las familias.<\/span><\/p>\n<p><strong><em>Tambi\u00e9n puede leer:<\/em> <a href=\"https:\/\/www.segurosbolivar.com\/blog\/bienestar-y-salud\/salud-mental-lo-que-no-se-ve-tambien-necesita-cuidado\/\" target=\"_blank\" rel=\"noopener\">Salud mental: lo que no se ve, tambi\u00e9n necesita cuidado<\/a><\/strong><\/p>\n<h2><b>Beneficios del cuidado con un programa de atenci\u00f3n de pacientes cr\u00f3nicos dirigido por geriatr\u00eda<\/b><\/h2>\n<ul>\n<li aria-level=\"1\">\n<h3><b>Valoraci\u00f3n Geri\u00e1trica Integral (VGI):<\/b><\/h3>\n<\/li>\n<\/ul>\n<p><span style=\"font-weight: 400;\">El geriatra utiliza la valoraci\u00f3n geri\u00e1trica integral, una herramienta estructurada que eval\u00faa no solo las enfermedades, sino tambi\u00e9n <\/span><b>dominios funcionales, cognitivos, nutricionales, emocionales y sociales<\/b><span style=\"font-weight: 400;\"> de las personas.<\/span><\/p>\n<p><span style=\"font-weight: 400;\">Gracias a esta evaluaci\u00f3n multidimensional se pueden <\/span><b>identificar riesgos ocultos<\/b><span style=\"font-weight: 400;\"> o que no se hab\u00edan identificado previamente, como deterioro cognitivo, ca\u00eddas, malnutrici\u00f3n o problemas sociales, que, frecuentemente, pasan desapercibidos en una consulta m\u00e9dica tradicional.<\/span><\/p>\n<ul>\n<li aria-level=\"1\">\n<h3><b>Plan terap\u00e9utico centrado en la persona para su cuidado:<\/b><\/h3>\n<\/li>\n<\/ul>\n<p><span style=\"font-weight: 400;\">Con la informaci\u00f3n recogida mediante la VGI, el geriatra <\/span><b>puede dise\u00f1ar un plan de manejo que priorice los objetivos m\u00e1s importantes para el paciente<\/b><span style=\"font-weight: 400;\">: mantener la autonom\u00eda, reducir el riesgo de ca\u00eddas, minimizar la polifarmacia o mejorar la calidad de vida.\u00a0<\/span><\/p>\n<p><span style=\"font-weight: 400;\">Se busca, cuando es posible, el retiro medicamentos adecuado <\/span><i><span style=\"font-weight: 400;\">(deprescripci\u00f3n)<\/span><\/i><span style=\"font-weight: 400;\">, eliminando f\u00e1rmacos innecesarios o <\/span><b>con mayores riesgos que beneficios<\/b><span style=\"font-weight: 400;\"> para la persona mayor.\u00a0<\/span><\/p>\n<ul>\n<li aria-level=\"1\">\n<h3><b>Reducci\u00f3n de riesgos y eventos adversos:<\/b><\/h3>\n<\/li>\n<\/ul>\n<p><span style=\"font-weight: 400;\">Evaluar la fragilidad y otros s\u00edndromes geri\u00e1tricos <\/span><b>permite anticipar y prevenir complicaciones como ca\u00eddas<\/b><span style=\"font-weight: 400;\">, hospitalizaciones y deterioro funcional. Los programas integrados han demostrado reducir la institucionalizaci\u00f3n, mejorar la funcionalidad y disminuir la mortalidad en personas mayores fr\u00e1giles.\u00a0<\/span><\/p>\n<p><a href=\"https:\/\/digital.experienciasbolivar.segurosbolivar.com\/seguro-salud-integral?utm_source=Autopauta&amp;utm_medium=Blog_banner_interno&amp;utm_campaign=BG_salud_42704\" target=\"_blank\" rel=\"noopener\"><img fetchpriority=\"high\" decoding=\"async\" class=\"aligncenter size-full wp-image-15273\" src=\"https:\/\/d9b6rardqz97a.cloudfront.net\/blog\/wp-content\/uploads\/2022\/07\/15160729\/SeguroDeSalud_700x200.jpg\" alt=\"SeguroDeSalud_700x200\" width=\"700\" height=\"200\" srcset=\"https:\/\/d9b6rardqz97a.cloudfront.net\/blog\/wp-content\/uploads\/2022\/07\/15160729\/SeguroDeSalud_700x200.jpg 700w, https:\/\/d9b6rardqz97a.cloudfront.net\/blog\/wp-content\/uploads\/2022\/07\/15160729\/SeguroDeSalud_700x200-300x86.jpg 300w\" sizes=\"(max-width: 700px) 100vw, 700px\" \/><\/a><\/p>\n<ul>\n<li aria-level=\"1\">\n<h3><b>Atenci\u00f3n coordinada e interdisciplinaria para el cuidado:<\/b><\/h3>\n<\/li>\n<\/ul>\n<p><span style=\"font-weight: 400;\">Estos programas suelen involucrar un equipo multidisciplinario de geriatr\u00eda, enfermer\u00eda, trabajo social, nutrici\u00f3n, rehabilitaci\u00f3n lo que <\/span><b>permite una coordinaci\u00f3n adecuada, ya sea en atenci\u00f3n ambulatoria, domiciliaria<\/b><span style=\"font-weight: 400;\"> o institucional. Este enfoque integrado mejora la continuidad del cuidado y que se tengan claridad de los objetivos del manejo.<\/span><\/p>\n<ul>\n<li aria-level=\"1\">\n<h3><b>Detectar m\u00e1s tempranamente fragilidad y deterioro cognitivo:<\/b><\/h3>\n<\/li>\n<\/ul>\n<p><span style=\"font-weight: 400;\">Al identificar estos problemas se pueden replantear los manejos de cada persona y definir de manera m\u00e1s clara los objetivos que se buscar\u00e1n.<\/span><\/p>\n<h2><b>Un cuidado m\u00e1s humano, eficiente y centrado en la persona<\/b><\/h2>\n<p><span style=\"font-weight: 400;\">Las personas mayores con enfermedades cr\u00f3nicas necesitan una atenci\u00f3n especial. Cuando adem\u00e1s <\/span><b>presentan fragilidad, su vulnerabilidad aumenta, lo que eleva el riesgo de hospitalizaciones, ca\u00eddas<\/b><span style=\"font-weight: 400;\"> y p\u00e9rdida de independencia. Por eso, la atenci\u00f3n tradicional, enfocada \u00fanicamente en tratar cada enfermedad por separado, puede quedarse corta.<\/span><\/p>\n<p><span style=\"font-weight: 400;\">Un programa liderado por un geriatra ofrece un enfoque m\u00e1s completo. Gracias a la Valoraci\u00f3n Geri\u00e1trica Integral, al acompa\u00f1amiento de un equipo interdisciplinario y a <\/span><b>planes de cuidado centrados en las metas de cada persona<\/b><span style=\"font-weight: 400;\">, es posible identificar riesgos tempranos, prevenir complicaciones y lograr tratamientos m\u00e1s seguros y adecuados. Todo esto contribuye a una mejor calidad de vida para la persona mayor y su familia.<\/span><\/p>\n<p><em><strong>Tambi\u00e9n puede leer: <\/strong><\/em><strong><a href=\"https:\/\/www.segurosbolivar.com\/blog\/bienestar-y-salud\/mitos-y-realidades-de-los-seguros-de-salud\/\" target=\"_blank\" rel=\"noopener\">Desmontando mitos: la verdad sobre los seguros de salud y c\u00f3mo cuidan de su bienestar<\/a><\/strong><\/p>\n<p><span style=\"font-weight: 400;\">Adem\u00e1s, este modelo <\/span><b>permite un uso m\u00e1s eficiente de los recursos en salud, al reducir hospitalizaciones y evitar intervenciones innecesarias<\/b><span style=\"font-weight: 400;\">. Por ello, brindar atenci\u00f3n especializada al adulto mayor es una decisi\u00f3n \u00e9tica y una apuesta por un cuidado m\u00e1s humano y sostenible.<\/span><\/p>\n<p><span style=\"font-weight: 400;\">Si desea acompa\u00f1ar a su ser querido con un cuidado integral y centrado en su bienestar, lo invitamos a conocer los servicios de <\/span><a href=\"https:\/\/www.segurosbolivar.com\/comunicaciones\/6402-siempre-a-su-lado-0125\/?utm_source=Autopauta&amp;utm_medium=Blog_enlace&amp;utm_campaign=BG_cuidados_paliativos_42704\" target=\"_blank\" rel=\"noopener\"><b>cuidados paliativos<\/b><\/a><span style=\"font-weight: 400;\"> del <\/span><a href=\"https:\/\/digital.experienciasbolivar.segurosbolivar.com\/seguro-salud-integral?utm_source=Autopauta&amp;utm_medium=Blog_enlace&amp;utm_campaign=BG_salud_42704\" target=\"_blank\" rel=\"noopener\"><b>Seguro de Salud<\/b><\/a><span style=\"font-weight: 400;\"> de <\/span><a href=\"https:\/\/www.segurosbolivar.com\/?utm_source=Autopauta&amp;utm_medium=Blog_enlace&amp;utm_campaign=BG_bolivar_42704\" target=\"_blank\" rel=\"noopener\"><b>Seguros Bol\u00edvar<\/b><span style=\"font-weight: 400;\">.<\/span><\/a><\/p>\n<p><i><span style=\"font-weight: 400;\">*Ra\u00fal Guevara Builes, M\u00e9dico, Universidad de Antioquia. Especialista en Geriatr\u00eda, Universidad del Valle. Geriatra Equipo Cuidados Avanzados, Vesania Presentes, Medell\u00edn.<\/span><\/i><\/p>\n<table style=\"width: 100%;\" cellspacing=\"0\" cellpadding=\"0\" align=\"center\">\n<tbody>\n<tr style=\"text-align: center; font-family: Open Sans, sans-serif;\">\n<td style=\"padding-bottom: 24px; color: #29292a; font-size: 18px; font-weight: 600;\">\u00bfQu\u00e9 tan \u00fatil le pareci\u00f3 este contenido?<\/td>\n<\/tr>\n<tr style=\"text-align: center;\">\n<td>\n<table style=\"width: 100%; max-width: 400px; margin: auto;\" cellspacing=\"0\" cellpadding=\"0\">\n<tbody>\n<tr>\n<td><a style=\"text-decoration: none;\" href=\"https:\/\/survey.survicate.com\/1aa256dae6362312\/?pieza=42704_cuidado_del_adulto_mayor_con_enfermedades_cronicas_como_mejorar_su_bienestar_y_prevenir_complicaciones|Bienestar y Salud|&amp;aid=2510313\" target=\"_blank\" rel=\"nofollow noopener\"> <img decoding=\"async\" style=\"width: 32px; height: 32px;\" src=\"https:\/\/image.experienciasbolivar.segurosbolivar.com\/lib\/fe3511747364047b751475\/m\/1\/7d675113-0e03-409d-944b-3b06b10fb55e.png\" \/> <\/a><\/td>\n<td><a style=\"text-decoration: none;\" href=\"https:\/\/survey.survicate.com\/1aa256dae6362312\/?pieza=42704_cuidado_del_adulto_mayor_con_enfermedades_cronicas_como_mejorar_su_bienestar_y_prevenir_complicaciones|Bienestar y Salud|&amp;aid=2510314\" target=\"_blank\" rel=\"nofollow noopener\"> <img decoding=\"async\" style=\"width: 32px; height: 32px;\" src=\"https:\/\/image.experienciasbolivar.segurosbolivar.com\/lib\/fe3511747364047b751475\/m\/1\/2cceee11-e12d-4873-bb48-569d2d4afe2d.png\" \/> <\/a><\/td>\n<td><a style=\"text-decoration: none;\" href=\"https:\/\/survey.survicate.com\/1aa256dae6362312\/?pieza=42704_cuidado_del_adulto_mayor_con_enfermedades_cronicas_como_mejorar_su_bienestar_y_prevenir_complicaciones|Bienestar y Salud|&amp;aid=2510315\" target=\"_blank\" rel=\"nofollow noopener\"> <img decoding=\"async\" style=\"width: 32px; height: 32px;\" src=\"https:\/\/image.experienciasbolivar.segurosbolivar.com\/lib\/fe3511747364047b751475\/m\/1\/7553bd02-b4da-452e-9446-d80f342e8662.png\" \/> <\/a><\/td>\n<td><a style=\"text-decoration: none;\" href=\"https:\/\/survey.survicate.com\/1aa256dae6362312\/?pieza=42704_cuidado_del_adulto_mayor_con_enfermedades_cronicas_como_mejorar_su_bienestar_y_prevenir_complicaciones|Bienestar y Salud|&amp;aid=2510316\" target=\"_blank\" rel=\"nofollow noopener\"> <img decoding=\"async\" style=\"width: 32px; height: 32px;\" src=\"https:\/\/image.experienciasbolivar.segurosbolivar.com\/lib\/fe3511747364047b751475\/m\/1\/1aa041a1-6fa1-4da5-8ce4-099bda589a6d.png\" \/> <\/a><\/td>\n<td><a style=\"text-decoration: none;\" href=\"https:\/\/survey.survicate.com\/1aa256dae6362312\/?pieza=42704_cuidado_del_adulto_mayor_con_enfermedades_cronicas_como_mejorar_su_bienestar_y_prevenir_complicaciones|Bienestar y Salud|&amp;aid=2510317\" target=\"_blank\" rel=\"nofollow noopener\"> <img decoding=\"async\" style=\"width: 32px; height: 32px;\" src=\"https:\/\/image.experienciasbolivar.segurosbolivar.com\/lib\/fe3511747364047b751475\/m\/1\/237d20e9-0b59-4c8a-8a44-8733a91bb3e1.png\" \/> <\/a><\/td>\n<\/tr>\n<\/tbody>\n<\/table>\n<\/td>\n<\/tr>\n<\/tbody>\n<\/table>\n","protected":false},"excerpt":{"rendered":"<p>Aprenda por qu\u00e9 el cuidado del adulto mayor con enfermedades cr\u00f3nicas requiere un enfoque integral que prevenga la p\u00e9rdida de autonom\u00eda.<\/p>\n","protected":false},"author":14,"featured_media":42708,"comment_status":"closed","ping_status":"closed","sticky":false,"template":"","format":"standard","meta":{"footnotes":""},"categories":[84],"tags":[47,107],"class_list":["post-42704","post","type-post","status-publish","format-standard","has-post-thumbnail","hentry","category-bienestar-y-salud","tag-consejos-de-salud","tag-salud"],"_links":{"self":[{"href":"https:\/\/www.segurosbolivar.com\/blog\/wp-json\/wp\/v2\/posts\/42704","targetHints":{"allow":["GET"]}}],"collection":[{"href":"https:\/\/www.segurosbolivar.com\/blog\/wp-json\/wp\/v2\/posts"}],"about":[{"href":"https:\/\/www.segurosbolivar.com\/blog\/wp-json\/wp\/v2\/types\/post"}],"author":[{"embeddable":true,"href":"https:\/\/www.segurosbolivar.com\/blog\/wp-json\/wp\/v2\/users\/14"}],"replies":[{"embeddable":true,"href":"https:\/\/www.segurosbolivar.com\/blog\/wp-json\/wp\/v2\/comments?post=42704"}],"version-history":[{"count":6,"href":"https:\/\/www.segurosbolivar.com\/blog\/wp-json\/wp\/v2\/posts\/42704\/revisions"}],"predecessor-version":[{"id":46331,"href":"https:\/\/www.segurosbolivar.com\/blog\/wp-json\/wp\/v2\/posts\/42704\/revisions\/46331"}],"wp:featuredmedia":[{"embeddable":true,"href":"https:\/\/www.segurosbolivar.com\/blog\/wp-json\/wp\/v2\/media\/42708"}],"wp:attachment":[{"href":"https:\/\/www.segurosbolivar.com\/blog\/wp-json\/wp\/v2\/media?parent=42704"}],"wp:term":[{"taxonomy":"category","embeddable":true,"href":"https:\/\/www.segurosbolivar.com\/blog\/wp-json\/wp\/v2\/categories?post=42704"},{"taxonomy":"post_tag","embeddable":true,"href":"https:\/\/www.segurosbolivar.com\/blog\/wp-json\/wp\/v2\/tags?post=42704"}],"curies":[{"name":"wp","href":"https:\/\/api.w.org\/{rel}","templated":true}]}}