{"id":42148,"date":"2025-11-25T13:27:18","date_gmt":"2025-11-25T18:27:18","guid":{"rendered":"https:\/\/www.segurosbolivar.com\/blog\/?p=42148"},"modified":"2026-01-30T07:16:28","modified_gmt":"2026-01-30T12:16:28","slug":"tesla-en-colombia-como-asegurarlos","status":"publish","type":"post","link":"https:\/\/www.segurosbolivar.com\/blog\/movilidad\/tesla-en-colombia-como-asegurarlos\/","title":{"rendered":"Tesla en Colombia: los modelos que ya puede reservar y c\u00f3mo protegerlos con Seguro de Autos Verde en Colombia"},"content":{"rendered":"\t\t<div data-elementor-type=\"wp-post\" data-elementor-id=\"42148\" class=\"elementor elementor-42148\" data-elementor-post-type=\"post\">\n\t\t\t\t<div data-particle_enable=\"false\" data-particle-mobile-disabled=\"false\" class=\"elementor-element elementor-element-635b7769 e-flex e-con-boxed e-con e-parent\" data-id=\"635b7769\" data-element_type=\"container\">\n\t\t\t\t\t<div class=\"e-con-inner\">\n\t\t\t\t<div class=\"elementor-element elementor-element-44772196 elementor-widget elementor-widget-text-editor\" data-id=\"44772196\" data-element_type=\"widget\" data-widget_type=\"text-editor.default\">\n\t\t\t\t<div class=\"elementor-widget-container\">\n\t\t\t\t\t\t\t\t\t<p><span style=\"font-weight: 400;\">La llegada oficial de Tesla a Colombia marca un paso decisivo hacia la movilidad sostenible. Con <\/span><b>la apertura de reservas para los modelos Model 3 y Model Y<\/b><span style=\"font-weight: 400;\">, el pa\u00eds entra en una nueva etapa donde la tecnolog\u00eda, la eficiencia y el futuro el\u00e9ctrico se vuelven parte del d\u00eda a d\u00eda.<\/span><\/p><p><span style=\"font-weight: 400;\">Y si piensa adquirir un veh\u00edculo de este nivel, <\/span><b>protegerlo con un <span style=\"color: #339966;\"><a style=\"color: #339966;\" href=\"https:\/\/digital.experienciasbolivar.segurosbolivar.com\/seguro-para-carros?utm_source=Autopauta&amp;utm_medium=Blog_enlace&amp;utm_campaign=BG_autos_42148\" target=\"_blank\" rel=\"noopener\">seguro dise\u00f1ado para autos el\u00e9ctricos<\/a><\/span> es clave<\/b><span style=\"font-weight: 400;\"> para que disfrute su Tesla con total tranquilidad desde el primer kil\u00f3metro.<\/span><\/p><p><span style=\"font-weight: 400;\">Aqu\u00ed le contamos, los modelos de Tesla disponibles en Colombia; sus precios aproximados; qu\u00e9 debe tener en cuenta al asegurar un auto el\u00e9ctrico; y c\u00f3mo el <\/span><b><span style=\"color: #339966;\"><a style=\"color: #339966;\" href=\"https:\/\/digital.experienciasbolivar.segurosbolivar.com\/seguro-para-carros?utm_source=Autopauta&amp;utm_medium=Blog_enlace&amp;utm_campaign=BG_autos_42148\" target=\"_blank\" rel=\"noopener\">Seguro de Autos Verde<\/a><\/span><\/b> de <b><a href=\"https:\/\/www.segurosbolivar.com\/?utm_source=Autopauta&amp;utm_medium=Blog_enlace&amp;utm_campaign=BG_bolivar_42148\" target=\"_blank\" rel=\"noopener\"><span style=\"color: #339966;\">Seguros Bol\u00edvar<\/span><\/a><\/b><span style=\"font-weight: 400;\"> protege su inversi\u00f3n y facilita su experiencia de movilidad sostenible.<\/span><\/p><h2><b>Qu\u00e9 modelos de Tesla llegan a Colombia<\/b><\/h2><p><span style=\"font-weight: 400;\">Tesla inicia operaciones en el pa\u00eds con dos de sus veh\u00edculos m\u00e1s populares a nivel mundial: el <\/span><b>Model 3<\/b><span style=\"font-weight: 400;\"> (sed\u00e1n) y el <\/span><b>Model Y<\/b><span style=\"font-weight: 400;\"> (SUV compacto). Dos alternativas que equilibran tecnolog\u00eda, desempe\u00f1o, autonom\u00eda y un dise\u00f1o pensado para la conducci\u00f3n responsable y eficiente.<\/span><\/p>\t\t\t\t\t\t\t\t<\/div>\n\t\t\t\t<\/div>\n\t\t\t\t\t<\/div>\n\t\t\t\t<\/div>\n\t\t<div data-particle_enable=\"false\" data-particle-mobile-disabled=\"false\" class=\"elementor-element elementor-element-1a16c57 e-flex e-con-boxed e-con e-parent\" data-id=\"1a16c57\" data-element_type=\"container\">\n\t\t\t\t\t<div class=\"e-con-inner\">\n\t\t\t\t<div class=\"elementor-element elementor-element-59978c3 elementor-widget elementor-widget-text-editor\" data-id=\"59978c3\" data-element_type=\"widget\" data-widget_type=\"text-editor.default\">\n\t\t\t\t<div class=\"elementor-widget-container\">\n\t\t\t\t\t\t\t\t\t<h2><b>Model 3<\/b><\/h2><p><span style=\"font-weight: 400;\">La versi\u00f3n sed\u00e1n de Tesla arranca operaciones en Colombia con el Model 3. <\/span><span style=\"font-weight: 400;\"><br \/><\/span><span style=\"font-weight: 400;\">Las versiones oficiales son:<\/span><\/p><ul><li style=\"font-weight: 400;\" aria-level=\"1\"><b>Model 3 Rear-Wheel Drive (RWD)<\/b><span style=\"font-weight: 400;\"> desde aprox. COP 109.990.000.<\/span><\/li><li style=\"font-weight: 400;\" aria-level=\"1\"><b>Model 3 Long Range All-Wheel Drive (AWD)<\/b><span style=\"font-weight: 400;\"> desde aprox. COP 139.000.000.<\/span><\/li><li style=\"font-weight: 400;\" aria-level=\"1\"><b>Model 3 Performance AWD<\/b><span style=\"font-weight: 400;\"> desde aprox. COP 164.990.000. <\/span><span style=\"font-weight: 400;\"><br \/><\/span><span style=\"font-weight: 400;\">Este modelo destaca por su autonom\u00eda, tecnolog\u00eda y perfil deportivo.<\/span><\/li><\/ul>\t\t\t\t\t\t\t\t<\/div>\n\t\t\t\t<\/div>\n\t\t\t\t<div class=\"elementor-element elementor-element-be89c91 elementor-widget elementor-widget-html\" data-id=\"be89c91\" data-element_type=\"widget\" data-widget_type=\"html.default\">\n\t\t\t\t<div class=\"elementor-widget-container\">\n\t\t\t\t\t<!DOCTYPE html>\n<html lang=\"es\">\n<head>\n    <meta charset=\"UTF-8\">\n    <meta name=\"viewport\" content=\"width=device-width, initial-scale=1.0\">\n    <title>Comparador Tesla - Estilo Seguros Bol\u00edvar<\/title>\n    <script src=\"https:\/\/unpkg.com\/lucide@latest\"><\/script>\n    <link href=\"https:\/\/fonts.googleapis.com\/css2?family=Roboto:wght@300;400;700;900&display=swap\" rel=\"stylesheet\">\n\n    <style>\n        \/* --- ESTILOS AISLADOS (SCOPED) --- *\/\n        \/* Todo est\u00e1 encapsulado dentro de #sb-tesla-widget para no afectar tu web *\/\n        \n        #sb-tesla-widget {\n            font-family: 'Roboto', sans-serif;\n            color: #2C3E50; \/* Azul oscuro corporativo *\/\n            max-width: 900px;\n            margin: 0 auto;\n            padding: 20px;\n            box-sizing: border-box;\n        }\n\n        \/* Variables de Marca *\/\n        #sb-tesla-widget {\n            --sb-green: #00A456;\n            --sb-green-dark: #006938;\n            --sb-yellow: #FFD100;\n            --sb-gray-bg: #F4F7F6;\n            --sb-white: #ffffff;\n            --sb-border: #e0e0e0;\n        }\n\n        \/* Reseteo interno seguro *\/\n        #sb-tesla-widget * { box-sizing: border-box; }\n        #sb-tesla-widget h2, #sb-tesla-widget h3, #sb-tesla-widget h4, #sb-tesla-widget p, #sb-tesla-widget ul { margin: 0; padding: 0; }\n        #sb-tesla-widget ul { list-style: none; }\n\n        \/* Header *\/\n        .sb-header { text-align: center; margin-bottom: 30px; }\n        .sb-header h2 { font-size: 2rem; font-weight: 900; color: var(--sb-green-dark); }\n\n        \/* Botones Switch *\/\n        .sb-tabs-wrapper {\n            display: flex; justify-content: center; margin-bottom: 30px;\n        }\n        .sb-tabs-container {\n            background: var(--sb-gray-bg);\n            padding: 5px;\n            border-radius: 50px;\n            display: inline-flex;\n            box-shadow: inset 0 2px 5px rgba(0,0,0,0.05);\n        }\n        .sb-btn-tab {\n            border: none;\n            background: transparent;\n            padding: 10px 25px;\n            border-radius: 50px;\n            font-size: 0.95rem;\n            font-weight: 700;\n            cursor: pointer;\n            color: #666;\n            transition: all 0.3s ease;\n            font-family: 'Roboto', sans-serif;\n        }\n        .sb-btn-tab:hover { color: var(--sb-green); }\n        \n        \/* Estado Activo del Bot\u00f3n *\/\n        .sb-btn-tab.active {\n            background: var(--sb-green);\n            color: var(--sb-white);\n            box-shadow: 0 4px 10px rgba(0, 164, 86, 0.3);\n        }\n\n        \/* Tarjeta Principal *\/\n        .sb-card {\n            background: var(--sb-white);\n            border-radius: 20px;\n            box-shadow: 0 10px 30px rgba(0,0,0,0.08);\n            overflow: hidden;\n            border: 1px solid var(--sb-border);\n            border-top: 6px solid var(--sb-green); \/* Detalle de marca *\/\n        }\n\n        \/* Header de la Tarjeta *\/\n        .sb-card-header {\n            padding: 40px 20px;\n            text-align: center;\n            background: linear-gradient(to bottom, #fdfdfd, #fff);\n        }\n        .sb-model-title { font-size: 2rem; font-weight: 800; color: var(--sb-green); margin-bottom: 10px; }\n        .sb-badge {\n            display: inline-block;\n            background: var(--sb-yellow);\n            color: #2C3E50;\n            font-weight: 700;\n            font-size: 0.85rem;\n            padding: 6px 15px;\n            border-radius: 20px;\n            text-transform: uppercase;\n            letter-spacing: 0.5px;\n        }\n\n        \/* Grid de Estad\u00edsticas *\/\n        .sb-stats-grid {\n            display: grid;\n            grid-template-columns: repeat(3, 1fr);\n            gap: 15px;\n            max-width: 600px;\n            margin: 30px auto 0;\n        }\n        .sb-stat-box {\n            background: var(--sb-gray-bg);\n            padding: 15px;\n            border-radius: 12px;\n            text-align: center;\n            border: 1px solid transparent;\n            transition: transform 0.2s;\n        }\n        .sb-stat-box:hover { transform: translateY(-3px); border-color: var(--sb-green); }\n        .sb-stat-icon { color: var(--sb-green); margin-bottom: 5px; }\n        .sb-stat-value { display: block; font-size: 1.2rem; font-weight: 800; color: #2C3E50; }\n        .sb-stat-label { font-size: 0.75rem; color: #666; font-weight: 500; }\n\n        \/* Contenido Detallado *\/\n        .sb-content-body { padding: 40px; }\n        .sb-details-grid {\n            display: grid;\n            grid-template-columns: 1fr 1fr;\n            gap: 40px;\n        }\n        \n        \/* T\u00edtulos de Secci\u00f3n *\/\n        .sb-section-title {\n            display: flex; align-items: center;\n            font-size: 1rem;\n            font-weight: 800;\n            color: var(--sb-green-dark);\n            text-transform: uppercase;\n            border-bottom: 2px solid var(--sb-yellow);\n            padding-bottom: 8px;\n            margin-bottom: 20px;\n        }\n        .sb-section-title i { margin-right: 8px; color: var(--sb-green); }\n\n        \/* Listas *\/\n        .sb-spec-list li {\n            display: flex; justify-content: space-between;\n            padding: 10px 0;\n            border-bottom: 1px solid #f0f0f0;\n            font-size: 0.9rem;\n        }\n        .sb-spec-list li:last-child { border-bottom: none; }\n        .sb-label { color: #666; }\n        .sb-value { font-weight: 700; color: #333; text-align: right; }\n\n        \/* Caja Destacada (Carga) *\/\n        .sb-highlight-box {\n            background: #E8F5E9; \/* Verde muy claro *\/\n            padding: 20px;\n            border-radius: 12px;\n            border-left: 4px solid var(--sb-green);\n        }\n        .sb-hl-label { display: block; font-size: 0.75rem; font-weight: 700; text-transform: uppercase; color: var(--sb-green-dark); margin-bottom: 5px; }\n        .sb-hl-value { font-size: 1.4rem; font-weight: 900; color: #2C3E50; }\n        .sb-hl-sub { display: flex; justify-content: space-between; margin-top: 15px; padding-top: 15px; border-top: 1px solid rgba(0,0,0,0.05); font-size: 0.9rem; }\n\n        \/* Footer del Widget *\/\n        .sb-footer {\n            background: #fafafa;\n            padding: 15px;\n            text-align: center;\n            font-size: 0.75rem;\n            color: #999;\n            border-top: 1px solid #eee;\n        }\n        .sb-footer p { display: flex; align-items: center; justify-content: center; gap: 5px; }\n\n        \/* Animaci\u00f3n Fade *\/\n        .fade-in { animation: fadeIn 0.4s ease-in-out; }\n        @keyframes fadeIn {\n            from { opacity: 0.6; transform: translateY(5px); }\n            to { opacity: 1; transform: translateY(0); }\n        }\n\n        \/* Responsive *\/\n        @media (max-width: 768px) {\n            .sb-details-grid { grid-template-columns: 1fr; gap: 30px; }\n            .sb-stats-grid { grid-template-columns: 1fr; }\n            .sb-header h2 { font-size: 1.5rem; }\n        }\n    <\/style>\n<\/head>\n<body>\n\n    <div id=\"sb-tesla-widget\">\n        \n        <div class=\"sb-header\">\n            <h2>Especificaciones Model 3<\/h2>\n        <\/div>\n\n        <div class=\"sb-tabs-wrapper\">\n            <div class=\"sb-tabs-container\">\n                <button id=\"btn-longRange\" onclick=\"changeTab('longRange')\" class=\"sb-btn-tab active\">\n                    Long Range AWD\n                <\/button>\n                <button id=\"btn-rwd\" onclick=\"changeTab('rwd')\" class=\"sb-btn-tab\">\n                    Rear-Wheel Drive\n                <\/button>\n            <\/div>\n        <\/div>\n\n        <div class=\"sb-card\">\n            \n            <div class=\"sb-card-header\">\n                <h3 id=\"model-name\" class=\"sb-model-title fade-in\">Long Range AWD<\/h3>\n                <span id=\"model-highlight\" class=\"sb-badge fade-in\">M\u00e1xima Autonom\u00eda y Potencia<\/span>\n\n                <div class=\"sb-stats-grid\">\n                    <div class=\"sb-stat-box\">\n                        <i data-lucide=\"battery\" class=\"sb-stat-icon\"><\/i>\n                        <span id=\"stat-range\" class=\"sb-stat-value\">660 km<\/span>\n                        <span class=\"sb-stat-label\">Autonom\u00eda (WLTP)<\/span>\n                    <\/div>\n                    <div class=\"sb-stat-box\">\n                        <i data-lucide=\"gauge\" class=\"sb-stat-icon\"><\/i>\n                        <span id=\"stat-accel\" class=\"sb-stat-value\">4.4 s<\/span>\n                        <span class=\"sb-stat-label\">0-100 km\/h<\/span>\n                    <\/div>\n                    <div class=\"sb-stat-box\">\n                        <i data-lucide=\"zap\" class=\"sb-stat-icon\"><\/i>\n                        <span id=\"stat-drive\" class=\"sb-stat-value\" style=\"font-size: 1rem;\">Dual Motor<\/span>\n                        <span class=\"sb-stat-label\">Propulsi\u00f3n<\/span>\n                    <\/div>\n                <\/div>\n            <\/div>\n\n            <div class=\"sb-content-body fade-in\">\n                <div class=\"sb-details-grid\">\n                    \n                    <div>\n                        <div style=\"margin-bottom: 30px;\">\n                            <h4 class=\"sb-section-title\">\n                                <i data-lucide=\"maximize\"><\/i> Dimensiones y Peso\n                            <\/h4>\n                            <ul class=\"sb-spec-list\" id=\"list-dimensions\">\n                                <\/ul>\n                        <\/div>\n\n                        <div>\n                            <h4 class=\"sb-section-title\">\n                                <i data-lucide=\"car\"><\/i> Exterior e Interior\n                            <\/h4>\n                            <ul class=\"sb-spec-list\">\n                                <li>\n                                    <span class=\"sb-label\">Rines<\/span>\n                                    <span id=\"val-wheels\" class=\"sb-value\">18\" o 19\"<\/span>\n                                <\/li>\n                                <li>\n                                    <span class=\"sb-label\">Asientos<\/span>\n                                    <span id=\"val-seating\" class=\"sb-value\">5 adultos<\/span>\n                                <\/li>\n                                <li>\n                                    <span class=\"sb-label\">Pantallas<\/span>\n                                    <span id=\"val-screens\" class=\"sb-value\">15.4\" Central \/ 8\" Trasera<\/span>\n                                <\/li>\n                            <\/ul>\n                        <\/div>\n                    <\/div>\n\n                    <div>\n                        <div style=\"margin-bottom: 30px;\">\n                            <h4 class=\"sb-section-title\">\n                                <i data-lucide=\"zap\"><\/i> Carga\n                            <\/h4>\n                            <div class=\"sb-highlight-box\">\n                                <div>\n                                    <span class=\"sb-hl-label\">Velocidad de carga<\/span>\n                                    <span id=\"val-charge-speed\" class=\"sb-hl-value\">185 km en 15 min<\/span>\n                                <\/div>\n                                <div class=\"sb-hl-sub\">\n                                    <span class=\"sb-label\">Carga M\u00e1xima<\/span>\n                                    <span id=\"val-charge-max\" class=\"sb-value\" style=\"color:var(--sb-green)\">250 kW<\/span>\n                                <\/div>\n                            <\/div>\n                        <\/div>\n\n                        <div>\n                            <h4 class=\"sb-section-title\">\n                                <i data-lucide=\"shield\"><\/i> Garant\u00eda\n                            <\/h4>\n                            <ul class=\"sb-spec-list\">\n                                <li style=\"flex-direction: column; align-items: flex-start; gap: 5px;\">\n                                    <span class=\"sb-label\" style=\"font-weight: 700; color: var(--sb-green);\">Veh\u00edculo B\u00e1sico<\/span>\n                                    <span id=\"val-warranty-basic\" class=\"sb-value\" style=\"text-align: left;\">4 a\u00f1os u 80,000 km<\/span>\n                                <\/li>\n                                <li style=\"flex-direction: column; align-items: flex-start; gap: 5px;\">\n                                    <span class=\"sb-label\" style=\"font-weight: 700; color: #2C3E50;\">Bater\u00eda y Unidad<\/span>\n                                    <span id=\"val-warranty-battery\" class=\"sb-value\" style=\"text-align: left;\">8 a\u00f1os o 192,000 km<\/span>\n                                <\/li>\n                            <\/ul>\n                        <\/div>\n                    <\/div>\n\n                <\/div>\n            <\/div>\n            \n            <div class=\"sb-footer\">\n                <p>\n                    <i data-lucide=\"info\" style=\"width: 14px;\"><\/i> Las especificaciones pueden variar seg\u00fan la regi\u00f3n y configuraci\u00f3n.\n                <\/p>\n            <\/div>\n        <\/div>\n    <\/div>\n\n    <script>\n        const modelData = {\n            longRange: {\n                name: \"Long Range AWD\",\n                highlight: \"M\u00e1xima Autonom\u00eda y Potencia\",\n                stats: { range: \"660 km\", accel: \"4.4 s\", drive: \"Dual Motor\" },\n                specs: {\n                    weight: \"1,828 kg\", cargo: \"682 litros\", length: \"4,720 mm\", width: \"1,933 mm (plegado)\", clearance: \"138 mm\",\n                    wheels: \"18\\\" o 19\\\"\", seating: \"5 adultos\", screens: \"15.4\\\" Central \/ 8\\\" Trasera\",\n                    chargeMax: \"250 kW\", chargeSpeed: \"185 km en 15 min\",\n                    warrantyBasic: \"4 a\u00f1os u 80,000 km\", warrantyBattery: \"8 a\u00f1os o 192,000 km\"\n                }\n            },\n            rwd: {\n                name: \"Rear-Wheel Drive\",\n                highlight: \"Eficiencia y Valor\",\n                stats: { range: \"520 km\", accel: \"6.1 s\", drive: \"Rear-Wheel\" },\n                specs: {\n                    weight: \"1,765 kg\", cargo: \"682 litros\", length: \"4,720 mm\", width: \"1,933 mm (plegado)\", clearance: \"138 mm\",\n                    wheels: \"18\\\" o 19\\\"\", seating: \"5 adultos\", screens: \"15.4\\\" Central \/ 8\\\" Trasera\",\n                    chargeMax: \"170 kW\", chargeSpeed: \"147 km en 15 min\",\n                    warrantyBasic: \"4 a\u00f1os u 80,000 km\", warrantyBattery: \"8 a\u00f1os o 160,000 km\"\n                }\n            }\n        };\n\n        function createSpecRow(label, value) {\n            return `<li><span class=\"sb-label\">${label}<\/span><span class=\"sb-value\">${value}<\/span><\/li>`;\n        }\n\n        function changeTab(modelKey) {\n            const data = modelData[modelKey];\n            const btnLR = document.getElementById('btn-longRange');\n            const btnRWD = document.getElementById('btn-rwd');\n\n            \/\/ Toggle clases activas\n            if (modelKey === 'longRange') {\n                btnLR.classList.add('active');\n                btnRWD.classList.remove('active');\n            } else {\n                btnLR.classList.remove('active');\n                btnRWD.classList.add('active');\n            }\n\n            \/\/ Actualizar datos\n            document.getElementById('model-name').textContent = data.name;\n            document.getElementById('model-highlight').textContent = data.highlight;\n            \n            \/\/ Stats\n            document.getElementById('stat-range').textContent = data.stats.range;\n            document.getElementById('stat-accel').textContent = data.stats.accel;\n            document.getElementById('stat-drive').textContent = data.stats.drive;\n\n            \/\/ Lista dimensiones\n            const dimList = document.getElementById('list-dimensions');\n            dimList.innerHTML = \n                createSpecRow(\"Peso\", data.specs.weight) +\n                createSpecRow(\"Carga\", data.specs.cargo) +\n                createSpecRow(\"Longitud\", data.specs.length) +\n                createSpecRow(\"Ancho (plegado)\", data.specs.width) +\n                createSpecRow(\"Altura al suelo\", data.specs.clearance);\n\n            \/\/ Otros valores\n            document.getElementById('val-wheels').textContent = data.specs.wheels;\n            document.getElementById('val-seating').textContent = data.specs.seating;\n            document.getElementById('val-screens').textContent = data.specs.screens;\n            document.getElementById('val-charge-speed').textContent = data.specs.chargeSpeed;\n            document.getElementById('val-charge-max').textContent = data.specs.chargeMax;\n            document.getElementById('val-warranty-basic').textContent = data.specs.warrantyBasic;\n            document.getElementById('val-warranty-battery').textContent = data.specs.warrantyBattery;\n\n            \/\/ Reiniciar animaci\u00f3n simple\n            const body = document.querySelector('.sb-content-body');\n            body.classList.remove('fade-in');\n            void body.offsetWidth; \/\/ trigger reflow\n            body.classList.add('fade-in');\n        }\n\n        document.addEventListener('DOMContentLoaded', () => {\n            lucide.createIcons();\n            const dimList = document.getElementById('list-dimensions');\n            const data = modelData.longRange;\n            dimList.innerHTML = \n                createSpecRow(\"Peso\", data.specs.weight) +\n                createSpecRow(\"Carga\", data.specs.cargo) +\n                createSpecRow(\"Longitud\", data.specs.length) +\n                createSpecRow(\"Ancho (plegado)\", data.specs.width) +\n                createSpecRow(\"Altura al suelo\", data.specs.clearance);\n        });\n    <\/script>\n\n    <script type=\"application\/ld+json\">\n    {\n      \"@context\": \"https:\/\/schema.org\",\n      \"@graph\": [\n        {\n          \"@type\": \"Product\",\n          \"name\": \"Tesla Model 3\",\n          \"description\": \"Sed\u00e1n el\u00e9ctrico Tesla disponible en Colombia. Versiones con alta autonom\u00eda y tecnolog\u00eda de punta.\",\n          \"image\": \"https:\/\/d9b6rardqz97a.cloudfront.net\/blog\/wp-content\/uploads\/2025\/11\/28112432\/tesla-en-colombia-modelos-precios-.jpg\",\n          \"brand\": { \"@type\": \"Brand\", \"name\": \"Tesla\" },\n          \"aggregateRating\": { \"@type\": \"AggregateRating\", \"ratingValue\": \"5\", \"ratingCount\": \"850\" },\n          \"hasVariant\": [\n            {\n              \"@type\": \"ProductModel\",\n              \"name\": \"Tesla Model 3 Rear-Wheel Drive\",\n              \"offers\": { \"@type\": \"Offer\", \"price\": \"109990000\", \"priceCurrency\": \"COP\", \"availability\": \"https:\/\/schema.org\/InStock\", \"url\": \"https:\/\/www.segurosbolivar.com\/\" }\n            },\n            {\n              \"@type\": \"ProductModel\",\n              \"name\": \"Tesla Model 3 Long Range AWD\",\n              \"offers\": { \"@type\": \"Offer\", \"price\": \"139000000\", \"priceCurrency\": \"COP\", \"availability\": \"https:\/\/schema.org\/InStock\", \"url\": \"https:\/\/www.segurosbolivar.com\/\" }\n            }\n          ]\n        }\n      ]\n    }\n    <\/script>\n<\/body>\n<\/html>\t\t\t\t<\/div>\n\t\t\t\t<\/div>\n\t\t\t\t\t<\/div>\n\t\t\t\t<\/div>\n\t\t<div data-particle_enable=\"false\" data-particle-mobile-disabled=\"false\" class=\"elementor-element elementor-element-bb4f2f8 e-flex e-con-boxed e-con e-parent\" data-id=\"bb4f2f8\" data-element_type=\"container\">\n\t\t\t\t\t<div class=\"e-con-inner\">\n\t\t\t\t<div class=\"elementor-element elementor-element-0fb357e elementor-widget elementor-widget-text-editor\" data-id=\"0fb357e\" data-element_type=\"widget\" data-widget_type=\"text-editor.default\">\n\t\t\t\t<div class=\"elementor-widget-container\">\n\t\t\t\t\t\t\t\t\t<h2><b>Model Y<\/b><\/h2><p><span style=\"font-weight: 400;\">El segundo modelo lanzado es el Model Y, un SUV compacto el\u00e9ctrico. Las versiones confirmadas para Colombia incluyen:<\/span><\/p><ul><li style=\"font-weight: 400;\" aria-level=\"1\"><b>Model Y RWD<\/b><span style=\"font-weight: 400;\"> desde cerca de COP 119.990.000.<\/span><\/li><li style=\"font-weight: 400;\" aria-level=\"1\"><b>Model Y Long Range AWD<\/b><span style=\"font-weight: 400;\"> desde cerca de COP 144.990.000. <\/span><span style=\"font-weight: 400;\"><br \/><\/span><span style=\"font-weight: 400;\">Este modelo ofrece mayor espacio, versatilidad y mantiene la tecnolog\u00eda Tesla.<\/span><\/li><\/ul>\t\t\t\t\t\t\t\t<\/div>\n\t\t\t\t<\/div>\n\t\t\t\t<div class=\"elementor-element elementor-element-a066c40 elementor-widget elementor-widget-html\" data-id=\"a066c40\" data-element_type=\"widget\" data-widget_type=\"html.default\">\n\t\t\t\t<div class=\"elementor-widget-container\">\n\t\t\t\t\t<!DOCTYPE html>\n<html lang=\"es\">\n<head>\n    <meta charset=\"UTF-8\">\n    <meta name=\"viewport\" content=\"width=device-width, initial-scale=1.0\">\n    <title>Comparador Model Y - Estilo Seguros Bol\u00edvar<\/title>\n    <script src=\"https:\/\/unpkg.com\/lucide@latest\"><\/script>\n    <link href=\"https:\/\/fonts.googleapis.com\/css2?family=Roboto:wght@300;400;700;900&display=swap\" rel=\"stylesheet\">\n\n    <style>\n        \/* --- ESTILOS AISLADOS (SCOPED) MODEL Y --- *\/\n        #sb-tesla-y-widget {\n            font-family: 'Roboto', sans-serif;\n            color: #2C3E50;\n            max-width: 900px;\n            margin: 0 auto;\n            padding: 20px;\n            box-sizing: border-box;\n        }\n\n        \/* Variables de Marca *\/\n        #sb-tesla-y-widget {\n            --sb-green: #00A456;\n            --sb-green-dark: #006938;\n            --sb-yellow: #FFD100;\n            --sb-gray-bg: #F4F7F6;\n            --sb-white: #ffffff;\n            --sb-border: #e0e0e0;\n        }\n\n        \/* Reseteo interno seguro *\/\n        #sb-tesla-y-widget * { box-sizing: border-box; }\n        #sb-tesla-y-widget h2, #sb-tesla-y-widget h3, #sb-tesla-y-widget h4, #sb-tesla-y-widget p, #sb-tesla-y-widget ul { margin: 0; padding: 0; }\n        #sb-tesla-y-widget ul { list-style: none; }\n\n        \/* Header *\/\n        .sb-y-header { text-align: center; margin-bottom: 30px; }\n        .sb-y-header h2 { font-size: 2rem; font-weight: 900; color: var(--sb-green-dark); }\n\n        \/* Botones Switch *\/\n        .sb-y-tabs-wrapper {\n            display: flex; justify-content: center; margin-bottom: 30px;\n        }\n        .sb-y-tabs-container {\n            background: var(--sb-gray-bg);\n            padding: 5px;\n            border-radius: 50px;\n            display: inline-flex;\n            box-shadow: inset 0 2px 5px rgba(0,0,0,0.05);\n        }\n        .sb-y-btn-tab {\n            border: none;\n            background: transparent;\n            padding: 10px 25px;\n            border-radius: 50px;\n            font-size: 0.95rem;\n            font-weight: 700;\n            cursor: pointer;\n            color: #666;\n            transition: all 0.3s ease;\n            font-family: 'Roboto', sans-serif;\n        }\n        .sb-y-btn-tab:hover { color: var(--sb-green); }\n        \n        .sb-y-btn-tab.active {\n            background: var(--sb-green);\n            color: var(--sb-white);\n            box-shadow: 0 4px 10px rgba(0, 164, 86, 0.3);\n        }\n\n        \/* Tarjeta Principal *\/\n        .sb-y-card {\n            background: var(--sb-white);\n            border-radius: 20px;\n            box-shadow: 0 10px 30px rgba(0,0,0,0.08);\n            overflow: hidden;\n            border: 1px solid var(--sb-border);\n            border-top: 6px solid var(--sb-green);\n        }\n\n        \/* Header Tarjeta *\/\n        .sb-y-card-header {\n            padding: 40px 20px;\n            text-align: center;\n            background: linear-gradient(to bottom, #fdfdfd, #fff);\n        }\n        .sb-y-model-title { font-size: 2rem; font-weight: 800; color: var(--sb-green); margin-bottom: 10px; }\n        .sb-y-badge {\n            display: inline-block;\n            background: var(--sb-yellow);\n            color: #2C3E50;\n            font-weight: 700;\n            font-size: 0.85rem;\n            padding: 6px 15px;\n            border-radius: 20px;\n            text-transform: uppercase;\n            letter-spacing: 0.5px;\n        }\n\n        \/* Stats Grid *\/\n        .sb-y-stats-grid {\n            display: grid;\n            grid-template-columns: repeat(3, 1fr);\n            gap: 15px;\n            max-width: 600px;\n            margin: 30px auto 0;\n        }\n        .sb-y-stat-box {\n            background: var(--sb-gray-bg);\n            padding: 15px;\n            border-radius: 12px;\n            text-align: center;\n            border: 1px solid transparent;\n            transition: transform 0.2s;\n        }\n        .sb-y-stat-box:hover { transform: translateY(-3px); border-color: var(--sb-green); }\n        .sb-y-stat-icon { color: var(--sb-green); margin-bottom: 5px; }\n        .sb-y-stat-value { display: block; font-size: 1.2rem; font-weight: 800; color: #2C3E50; }\n        .sb-y-stat-label { font-size: 0.75rem; color: #666; font-weight: 500; }\n\n        \/* Contenido *\/\n        .sb-y-content-body { padding: 40px; }\n        .sb-y-details-grid {\n            display: grid;\n            grid-template-columns: 1fr 1fr;\n            gap: 40px;\n        }\n        \n        .sb-y-section-title {\n            display: flex; align-items: center;\n            font-size: 1rem;\n            font-weight: 800;\n            color: var(--sb-green-dark);\n            text-transform: uppercase;\n            border-bottom: 2px solid var(--sb-yellow);\n            padding-bottom: 8px;\n            margin-bottom: 20px;\n        }\n        .sb-y-section-title i { margin-right: 8px; color: var(--sb-green); }\n\n        .sb-y-spec-list li {\n            display: flex; justify-content: space-between;\n            padding: 10px 0;\n            border-bottom: 1px solid #f0f0f0;\n            font-size: 0.9rem;\n        }\n        .sb-y-spec-list li:last-child { border-bottom: none; }\n        .sb-y-label { color: #666; }\n        .sb-y-value { font-weight: 700; color: #333; text-align: right; }\n\n        \/* Highlight Box (Carga) *\/\n        .sb-y-highlight-box {\n            background: #E8F5E9;\n            padding: 20px;\n            border-radius: 12px;\n            border-left: 4px solid var(--sb-green);\n        }\n        .sb-y-hl-label { display: block; font-size: 0.75rem; font-weight: 700; text-transform: uppercase; color: var(--sb-green-dark); margin-bottom: 5px; }\n        .sb-y-hl-value { font-size: 1.4rem; font-weight: 900; color: #2C3E50; }\n        .sb-y-hl-sub { display: flex; justify-content: space-between; margin-top: 15px; padding-top: 15px; border-top: 1px solid rgba(0,0,0,0.05); font-size: 0.9rem; }\n\n        \/* Footer *\/\n        .sb-y-footer {\n            background: #fafafa;\n            padding: 15px;\n            text-align: center;\n            font-size: 0.75rem;\n            color: #999;\n            border-top: 1px solid #eee;\n        }\n        .sb-y-footer p { display: flex; align-items: center; justify-content: center; gap: 5px; }\n\n        \/* Fade Animation *\/\n        .fade-in { animation: fadeIn 0.4s ease-in-out; }\n        @keyframes fadeIn {\n            from { opacity: 0.6; transform: translateY(5px); }\n            to { opacity: 1; transform: translateY(0); }\n        }\n\n        @media (max-width: 768px) {\n            .sb-y-details-grid { grid-template-columns: 1fr; gap: 30px; }\n            .sb-y-stats-grid { grid-template-columns: 1fr; }\n            .sb-y-header h2 { font-size: 1.5rem; }\n        }\n    <\/style>\n<\/head>\n<body>\n\n    <div id=\"sb-tesla-y-widget\">\n        \n        <div class=\"sb-y-header\">\n            <h2>Especificaciones Model Y<\/h2>\n        <\/div>\n\n        <div class=\"sb-y-tabs-wrapper\">\n            <div class=\"sb-y-tabs-container\">\n                <button id=\"btn-y-longRange\" onclick=\"changeTabY('longRange')\" class=\"sb-y-btn-tab active\">\n                    Long Range AWD\n                <\/button>\n                <button id=\"btn-y-rwd\" onclick=\"changeTabY('rwd')\" class=\"sb-y-btn-tab\">\n                    Rear-Wheel Drive\n                <\/button>\n            <\/div>\n        <\/div>\n\n        <div class=\"sb-y-card\">\n            \n            <div class=\"sb-y-card-header\">\n                <h3 id=\"modely-name\" class=\"sb-y-model-title fade-in\">Long Range AWD<\/h3>\n                <span id=\"modely-highlight\" class=\"sb-y-badge fade-in\">Versatilidad y Potencia Total<\/span>\n\n                <div class=\"sb-y-stats-grid\">\n                    <div class=\"sb-y-stat-box\">\n                        <i data-lucide=\"battery\" class=\"sb-y-stat-icon\"><\/i>\n                        <span id=\"staty-range\" class=\"sb-y-stat-value\">600 km<\/span>\n                        <span class=\"sb-y-stat-label\">Autonom\u00eda (WLTP)<\/span>\n                    <\/div>\n                    <div class=\"sb-y-stat-box\">\n                        <i data-lucide=\"gauge\" class=\"sb-y-stat-icon\"><\/i>\n                        <span id=\"staty-accel\" class=\"sb-y-stat-value\">4.8 s<\/span>\n                        <span class=\"sb-y-stat-label\">0-100 km\/h<\/span>\n                    <\/div>\n                    <div class=\"sb-y-stat-box\">\n                        <i data-lucide=\"zap\" class=\"sb-y-stat-icon\"><\/i>\n                        <span id=\"staty-drive\" class=\"sb-y-stat-value\" style=\"font-size: 1rem;\">Dual Motor<\/span>\n                        <span class=\"sb-y-stat-label\">Propulsi\u00f3n<\/span>\n                    <\/div>\n                <\/div>\n            <\/div>\n\n            <div class=\"sb-y-content-body fade-in\" id=\"sb-y-content-area\">\n                <div class=\"sb-y-details-grid\">\n                    \n                    <div>\n                        <div style=\"margin-bottom: 30px;\">\n                            <h4 class=\"sb-y-section-title\">\n                                <i data-lucide=\"maximize\"><\/i> Dimensiones y Peso\n                            <\/h4>\n                            <ul class=\"sb-y-spec-list\" id=\"listy-dimensions\">\n                                <\/ul>\n                        <\/div>\n\n                        <div>\n                            <h4 class=\"sb-y-section-title\">\n                                <i data-lucide=\"car\"><\/i> Exterior e Interior\n                            <\/h4>\n                            <ul class=\"sb-y-spec-list\">\n                                <li>\n                                    <span class=\"sb-y-label\">Rines<\/span>\n                                    <span id=\"valy-wheels\" class=\"sb-y-value\">19\" o 20\"<\/span>\n                                <\/li>\n                                <li>\n                                    <span class=\"sb-y-label\">Asientos<\/span>\n                                    <span id=\"valy-seating\" class=\"sb-y-value\">Hasta 5 adultos<\/span>\n                                <\/li>\n                                <li>\n                                    <span class=\"sb-y-label\">Pantallas<\/span>\n                                    <span id=\"valy-screens\" class=\"sb-y-value\">15.4\" Central \/ 8\" Trasera<\/span>\n                                <\/li>\n                            <\/ul>\n                        <\/div>\n                    <\/div>\n\n                    <div>\n                        <div style=\"margin-bottom: 30px;\">\n                            <h4 class=\"sb-y-section-title\">\n                                <i data-lucide=\"zap\"><\/i> Carga\n                            <\/h4>\n                            <div class=\"sb-y-highlight-box\">\n                                <div>\n                                    <span class=\"sb-y-hl-label\">Velocidad de carga<\/span>\n                                    <span id=\"valy-charge-speed\" class=\"sb-y-hl-value\">259 km en 15 min<\/span>\n                                <\/div>\n                                <div class=\"sb-y-hl-sub\">\n                                    <span class=\"sb-y-label\">Carga M\u00e1xima<\/span>\n                                    <span id=\"valy-charge-max\" class=\"sb-y-value\" style=\"color:var(--sb-green)\">250 kW<\/span>\n                                <\/div>\n                            <\/div>\n                        <\/div>\n\n                        <div>\n                            <h4 class=\"sb-y-section-title\">\n                                <i data-lucide=\"shield\"><\/i> Garant\u00eda\n                            <\/h4>\n                            <ul class=\"sb-y-spec-list\">\n                                <li style=\"flex-direction: column; align-items: flex-start; gap: 5px;\">\n                                    <span class=\"sb-y-label\" style=\"font-weight: 700; color: var(--sb-green);\">Veh\u00edculo B\u00e1sico<\/span>\n                                    <span id=\"valy-warranty-basic\" class=\"sb-y-value\" style=\"text-align: left;\">4 a\u00f1os u 80,000 km<\/span>\n                                <\/li>\n                                <li style=\"flex-direction: column; align-items: flex-start; gap: 5px;\">\n                                    <span class=\"sb-y-label\" style=\"font-weight: 700; color: #2C3E50;\">Bater\u00eda y Unidad<\/span>\n                                    <span id=\"valy-warranty-battery\" class=\"sb-y-value\" style=\"text-align: left;\">8 a\u00f1os o 192,000 km<\/span>\n                                <\/li>\n                            <\/ul>\n                        <\/div>\n                    <\/div>\n\n                <\/div>\n            <\/div>\n            \n            <div class=\"sb-y-footer\">\n                <p>\n                    <i data-lucide=\"info\" style=\"width: 14px;\"><\/i> Las especificaciones pueden variar seg\u00fan la regi\u00f3n y configuraci\u00f3n.\n                <\/p>\n            <\/div>\n        <\/div>\n    <\/div>\n\n    <script>\n        const modelYData = {\n            longRange: {\n                name: \"Long Range AWD\",\n                highlight: \"Versatilidad y Potencia Total\",\n                stats: { range: \"600 km\", accel: \"4.8 s\", drive: \"Dual Motor\" },\n                specs: {\n                    weight: \"1,992 kg\", cargo: \"2,138 litros\", length: \"4,790 mm\", width: \"1,982 mm (plegado)\", clearance: \"167 mm\",\n                    wheels: \"19\\\" o 20\\\"\", seating: \"Hasta 5 adultos\", screens: \"15.4\\\" Central \/ 8\\\" Trasera\",\n                    chargeMax: \"250 kW\", chargeSpeed: \"259 km en 15 min\",\n                    warrantyBasic: \"4 a\u00f1os u 80,000 km\", warrantyBattery: \"8 a\u00f1os o 192,000 km\"\n                }\n            },\n            rwd: {\n                name: \"Rear-Wheel Drive\",\n                highlight: \"Eficiencia SUV\",\n                stats: { range: \"466 km\", accel: \"5.9 s\", drive: \"RWD\" },\n                specs: {\n                    weight: \"1,928 kg\", cargo: \"2,138 litros\", length: \"4,790 mm\", width: \"1,982 mm (plegado)\", clearance: \"167 mm\",\n                    wheels: \"19\\\" o 20\\\"\", seating: \"Hasta 5 adultos\", screens: \"15.4\\\" Central \/ 8\\\" Trasera\",\n                    chargeMax: \"175 kW\", chargeSpeed: \"216 km en 15 min\",\n                    warrantyBasic: \"4 a\u00f1os u 80,000 km\", warrantyBattery: \"8 a\u00f1os o 160,000 km\"\n                }\n            }\n        };\n\n        function createSpecRowY(label, value) {\n            return `<li><span class=\"sb-y-label\">${label}<\/span><span class=\"sb-y-value\">${value}<\/span><\/li>`;\n        }\n\n        function changeTabY(modelKey) {\n            const data = modelYData[modelKey];\n            const btnLR = document.getElementById('btn-y-longRange');\n            const btnRWD = document.getElementById('btn-y-rwd');\n\n            \/\/ Toggle clases activas\n            if (modelKey === 'longRange') {\n                btnLR.classList.add('active');\n                btnRWD.classList.remove('active');\n            } else {\n                btnLR.classList.remove('active');\n                btnRWD.classList.add('active');\n            }\n\n            \/\/ Actualizar datos\n            document.getElementById('modely-name').textContent = data.name;\n            document.getElementById('modely-highlight').textContent = data.highlight;\n            \n            \/\/ Stats\n            document.getElementById('staty-range').textContent = data.stats.range;\n            document.getElementById('staty-accel').textContent = data.stats.accel;\n            document.getElementById('staty-drive').textContent = data.stats.drive;\n\n            \/\/ Lista dimensiones\n            const dimList = document.getElementById('listy-dimensions');\n            dimList.innerHTML = \n                createSpecRowY(\"Peso\", data.specs.weight) +\n                createSpecRowY(\"Carga\", data.specs.cargo) +\n                createSpecRowY(\"Longitud\", data.specs.length) +\n                createSpecRowY(\"Ancho (plegado)\", data.specs.width) +\n                createSpecRowY(\"Altura al suelo\", data.specs.clearance);\n\n            \/\/ Otros valores\n            document.getElementById('valy-wheels').textContent = data.specs.wheels;\n            document.getElementById('valy-seating').textContent = data.specs.seating;\n            document.getElementById('valy-screens').textContent = data.specs.screens;\n            document.getElementById('valy-charge-speed').textContent = data.specs.chargeSpeed;\n            document.getElementById('valy-charge-max').textContent = data.specs.chargeMax;\n            document.getElementById('valy-warranty-basic').textContent = data.specs.warrantyBasic;\n            document.getElementById('valy-warranty-battery').textContent = data.specs.warrantyBattery;\n\n            \/\/ Reiniciar animaci\u00f3n simple\n            const body = document.getElementById('sb-y-content-area');\n            body.classList.remove('fade-in');\n            void body.offsetWidth; \/\/ trigger reflow\n            body.classList.add('fade-in');\n        }\n\n        document.addEventListener('DOMContentLoaded', () => {\n            if(window.lucide) lucide.createIcons();\n            const dimList = document.getElementById('listy-dimensions');\n            const data = modelYData.longRange;\n            dimList.innerHTML = \n                createSpecRowY(\"Peso\", data.specs.weight) +\n                createSpecRowY(\"Carga\", data.specs.cargo) +\n                createSpecRowY(\"Longitud\", data.specs.length) +\n                createSpecRowY(\"Ancho (plegado)\", data.specs.width) +\n                createSpecRowY(\"Altura al suelo\", data.specs.clearance);\n        });\n    <\/script>\n\n    <script type=\"application\/ld+json\">\n    {\n      \"@context\": \"https:\/\/schema.org\",\n      \"@graph\": [\n        {\n          \"@type\": \"Product\",\n          \"name\": \"Tesla Model Y\",\n          \"description\": \"SUV el\u00e9ctrico Tesla en Colombia. Espacio vers\u00e1til y seguridad l\u00edder en su clase.\",\n          \"image\": \"https:\/\/d9b6rardqz97a.cloudfront.net\/blog\/wp-content\/uploads\/2025\/11\/28112432\/tesla-en-colombia-modelos-precios-.jpg\",\n          \"brand\": { \"@type\": \"Brand\", \"name\": \"Tesla\" },\n          \"aggregateRating\": { \"@type\": \"AggregateRating\", \"ratingValue\": \"5\", \"ratingCount\": \"920\" },\n          \"hasVariant\": [\n            {\n              \"@type\": \"ProductModel\",\n              \"name\": \"Tesla Model Y RWD\",\n              \"offers\": { \"@type\": \"Offer\", \"price\": \"119990000\", \"priceCurrency\": \"COP\", \"availability\": \"https:\/\/schema.org\/InStock\", \"url\": \"https:\/\/www.segurosbolivar.com\/\" }\n            },\n            {\n              \"@type\": \"ProductModel\",\n              \"name\": \"Tesla Model Y Long Range AWD\",\n              \"offers\": { \"@type\": \"Offer\", \"price\": \"144990000\", \"priceCurrency\": \"COP\", \"availability\": \"https:\/\/schema.org\/InStock\", \"url\": \"https:\/\/www.segurosbolivar.com\/\" }\n            }\n          ]\n        }\n      ]\n    }\n    <\/script>\n<\/body>\n<\/html>\t\t\t\t<\/div>\n\t\t\t\t<\/div>\n\t\t\t\t\t<\/div>\n\t\t\t\t<\/div>\n\t\t<div data-particle_enable=\"false\" data-particle-mobile-disabled=\"false\" class=\"elementor-element elementor-element-5358a1a e-flex e-con-boxed e-con e-parent\" data-id=\"5358a1a\" data-element_type=\"container\">\n\t\t\t\t\t<div class=\"e-con-inner\">\n\t\t\t\t<div class=\"elementor-element elementor-element-8c3fd6d elementor-widget elementor-widget-text-editor\" data-id=\"8c3fd6d\" data-element_type=\"widget\" data-widget_type=\"text-editor.default\">\n\t\t\t\t<div class=\"elementor-widget-container\">\n\t\t\t\t\t\t\t\t\t<p><strong><em>Tambi\u00e9n puede leer:<\/em>\u00a0<span style=\"color: #008000;\"><a style=\"color: #008000;\" href=\"https:\/\/www.segurosbolivar.com\/blog\/seguro-de-autos\/cinco-beneficios-de-conducir-de-manera-sostenible\/\" target=\"_blank\" rel=\"noopener\">Cuide el planeta, cuide su bolsillo: 5 beneficios de conducir de manera sostenible<\/a><\/span><\/strong><\/p><h2><b>Por qu\u00e9 Tesla inicia con estos dos modelos en Colombia<\/b><\/h2><p><span style=\"font-weight: 400;\">El Model 3 y el Model Y son los veh\u00edculos el\u00e9ctricos m\u00e1s vendidos de Tesla en el mundo. Con ellos, <strong>la marca facilita su entrada al mercado colombiano, construye su red de servicio<\/strong> y permite que m\u00e1s personas accedan a la movilidad el\u00e9ctrica avanzada.<\/span><\/p><p><span style=\"font-weight: 400;\">Y as\u00ed como la movilidad evoluciona, la protecci\u00f3n del veh\u00edculo tambi\u00e9n debe hacerlo. Necesitar\u00e1 una <\/span><span style=\"color: #339966;\"><a style=\"color: #339966;\" href=\"https:\/\/digital.experienciasbolivar.segurosbolivar.com\/seguro-para-carros?utm_source=Autopauta&amp;utm_medium=Blog_enlace&amp;utm_campaign=BG_autos_42148\" target=\"_blank\" rel=\"noopener\"><b>p\u00f3liza de seguro<\/b><\/a><\/span><span style=\"font-weight: 400;\"> adecuada para autos el\u00e9ctricos.<\/span><\/p><h2><b>Por qu\u00e9 necesita un seguro especializado para autos el\u00e9ctricos\u00a0<\/b><\/h2><p><span style=\"font-weight: 400;\">La transici\u00f3n hacia los autos el\u00e9ctricos exige mayor atenci\u00f3n al seguro. Tenga en cuenta las siguientes razones para adquirirlo y lo que debe incluir su p\u00f3liza.<\/span><\/p><h3><b>Componentes clave que requieren coberturas espec\u00edficas<\/b><\/h3><ul><li style=\"font-weight: 400;\" aria-level=\"1\"><span style=\"font-weight: 400;\">Las bater\u00edas de alto voltaje, su mantenimiento y posibles reemplazos.<\/span><\/li><li style=\"font-weight: 400;\" aria-level=\"1\"><span style=\"font-weight: 400;\">Los cables de carga, <\/span><b>estaciones dom\u00e9sticas o p\u00fablicas y los riesgos asociados<\/b><span style=\"font-weight: 400;\">: robo, da\u00f1o al cargador, mala instalaci\u00f3n el\u00e9ctrica.<\/span><\/li><li style=\"font-weight: 400;\" aria-level=\"1\"><b>Asistencia en carretera adaptada a veh\u00edculos el\u00e9ctricos<\/b><span style=\"font-weight: 400;\">: transporte al punto de recarga, gr\u00faa equipada, talleres certificados.<\/span><\/li><li style=\"font-weight: 400;\" aria-level=\"1\"><span style=\"font-weight: 400;\">Menor experiencia de siniestralidad en el pa\u00eds, lo que exige <\/span><b>aseguradoras con pol\u00edticas especializadas<\/b><span style=\"font-weight: 400;\">.<\/span><\/li><\/ul>\t\t\t\t\t\t\t\t<\/div>\n\t\t\t\t<\/div>\n\t\t\t\t<div class=\"elementor-element elementor-element-0a1ddef elementor-widget elementor-widget-heading\" data-id=\"0a1ddef\" data-element_type=\"widget\" data-widget_type=\"heading.default\">\n\t\t\t\t<div class=\"elementor-widget-container\">\n\t\t\t\t\t<h2 class=\"elementor-heading-title elementor-size-default\"><h2>\n    Disfrute su Tesla con total tranquilidad. Tenemos planes dise\u00f1ados para su movilidad sostenible.\n<\/h2><\/h2>\t\t\t\t<\/div>\n\t\t\t\t<\/div>\n\t\t\t\t<div class=\"elementor-element elementor-element-b7b6235 elementor-widget elementor-widget-html\" data-id=\"b7b6235\" data-element_type=\"widget\" data-widget_type=\"html.default\">\n\t\t\t\t<div class=\"elementor-widget-container\">\n\t\t\t\t\t<style>\n  \/* --- Estilos Generales --- *\/\n  :root {\n    --bolivar-green: #05794A;\n    --bolivar-dark-green: #04613c; \n    --bolivar-light-green: #e6f2ed;\n    --bolivar-text-dark: #333;\n    --bolivar-text-light: #555;\n    --bolivar-border-color: #e0e0e0;\n  }\n\n  \/* --- Contenedor Principal del Carrusel --- *\/\n  .bolivar-carousel-container {\n    font-family: -apple-system, BlinkMacSystemFont, \"Segoe UI\", Roboto, Helvetica, Arial, sans-serif;\n    position: relative;\n    width: 100%;\n    max-width: 1200px;\n    margin: 40px auto;\n    padding: 0 35px;\n    box-sizing: border-box;\n  }\n\n  .bolivar-carousel-track-wrapper {\n      overflow: hidden;\n      padding-top: 20px; \n  }\n\n  .bolivar-carousel-track {\n    display: flex;\n    transition: transform 0.5s ease-in-out;\n  }\n\n  \/* --- Estilo de cada Tarjeta (Slide) --- *\/\n  .bolivar-carousel-slide {\n    flex: 0 0 100%;\n    box-sizing: border-box;\n    padding: 0 10px; \n  }\n\n  .bolivar-card {\n    background-color: #fff;\n    border: 1px solid var(--bolivar-border-color);\n    border-radius: 16px;\n    padding: 25px;\n    height: 100%;\n    display: flex;\n    flex-direction: column;\n    box-shadow: 0 4px 15px rgba(0, 0, 0, 0.05);\n    position: relative;\n  }\n\n  \/* --- Etiquetas (Tags) --- *\/\n  .bolivar-card-tag {\n    position: absolute;\n    top: -15px; \n    left: 50%;\n    transform: translateX(-50%);\n    background-color: var(--bolivar-light-green);\n    color: var(--bolivar-green);\n    padding: 6px 20px; \/* Un poco m\u00e1s de padding lateral *\/\n    border-radius: 20px;\n    font-size: 13px;\n    font-weight: bold;\n    border: 1px solid var(--bolivar-border-color);\n    z-index: 5;\n    \/* ESTO ASEGURA QUE EL TEXTO SALGA EN UNA SOLA L\u00cdNEA *\/\n    white-space: nowrap; \n    width: auto;\n    min-width: fit-content;\n  }\n  \n  .bolivar-card-tag.competitive {\n    background-color: #fff2c4;\n    color: var(--bolivar-text-dark);\n  }\n\n  \/* --- ESTILO ESPEC\u00cdFICO PARA LA ETIQUETA DE LA IMAGEN (Autos El\u00e9ctricos) --- *\/\n  .bolivar-card-tag.eco {\n    background-color: #dbfceb; \/* Fondo menta\/cian claro como la imagen *\/\n    color: #0f5132; \/* Texto verde oscuro *\/\n    border-color: #c3e6cb;\n  }\n  \n  \/* --- Contenido de la Tarjeta --- *\/\n  .bolivar-card h3 { font-size: 24px; color: var(--bolivar-text-dark); margin-top: 20px; margin-bottom: 8px; }\n  .bolivar-card .card-description { font-size: 14px; color: var(--bolivar-text-light); min-height: 40px; margin-bottom: 20px; }\n  .bolivar-card .features-title { font-weight: bold; color: var(--bolivar-green); margin-bottom: 15px; font-size: 16px; }\n  \n  \/* --- ESTILOS PARA LISTA COLAPSABLE --- *\/\n  .bolivar-card-features {\n    list-style: none;\n    padding: 0;\n    margin: 0;\n    max-height: 0; \n    overflow: hidden;\n    transition: max-height 0.4s ease-out;\n    position: relative; \n  }\n  \n  .bolivar-card-features.is-expanded {\n    max-height: 600px; \n    overflow: visible; \n  }\n  .bolivar-card-features li { display: flex; align-items: flex-start; margin-bottom: 12px; font-size: 14px; color: var(--bolivar-text-light); }\n  .bolivar-card-features svg { flex-shrink: 0; margin-right: 10px; margin-top: 3px; }\n  .bolivar-card-features .icon-included { fill: var(--bolivar-green); }\n  .bolivar-card-features .icon-excluded { fill: #cc0000; }\n  .bolivar-card-features .icon-benefit { fill: var(--bolivar-text-light); }\n  .bolivar-card-features .icon-electric { fill: #eab308; } \n  \n  .bolivar-features-toggle {\n    display: inline-flex; \n    align-items: center;\n    align-self: center; \n    gap: 5px;\n    margin-top: 10px;\n    margin-bottom: 20px; \n    font-weight: bold;\n    color: var(--bolivar-green);\n    text-decoration: underline; \n    font-size: 16px; \n    cursor: pointer;\n    background-color: transparent; \n    border: none;\n    padding: 0;\n  }\n  \n  .bolivar-features-toggle.is-expanded-button {\n    background-color: var(--bolivar-light-green);\n    color: var(--bolivar-dark-green);\n    padding: 8px 15px;\n    border-radius: 25px;\n    text-decoration: none; \n    font-size: 16px;\n    font-weight: bold;\n    margin-top: 15px; \n  }\n  \n  .bolivar-features-toggle.is-expanded-button .icon-toggle {\n    display: none;\n  }\n\n  .bolivar-features-toggle .icon-toggle {\n    width: 20px; \n    height: 20px;\n    fill: var(--bolivar-green); \n    transition: transform 0.3s ease;\n  }\n  \/* --- FIN: ESTILOS PARA LISTA COLAPSABLE --- *\/\n\n  \/* --- Secci\u00f3n de Precio y Bot\u00f3n --- *\/\n  .bolivar-card-price-section { border-top: 1px solid var(--bolivar-border-color); padding-top: 20px; margin-top: auto; }\n  .bolivar-card .price-label { \n      font-size: 14px; \n      color: var(--bolivar-text-light); \n      margin-top: 5px;\n    }\n  .bolivar-card .price-amount { \n      font-size: 28px; \n      font-weight: bold; \n      color: var(--bolivar-text-dark); \n      margin: 0;\n    }\n  .bolivar-card .finance-info, .bolivar-card .benefits-info { font-size: 13px; color: var(--bolivar-text-light); margin-bottom: 15px; margin-top: 5px; }\n  .bolivar-card-button { display: block; width: 100%; background-color: var(--bolivar-green); color: #fff; text-align: center; padding: 15px; border-radius: 8px; text-decoration: none; font-weight: bold; font-size: 16px; transition: background-color 0.3s ease; border: none; cursor: pointer; }\n  .bolivar-card-button:hover { background-color: var(--bolivar-dark-green); }\n  \n  \/* --- Botones de Navegaci\u00f3n del Carrusel --- *\/\n  .bolivar-carousel-nav {\n    display: flex; \n    position: absolute;\n    top: 50%;\n    transform: translateY(-50%);\n    width: 35px;\n    height: 35px;\n    background-color: #fff;\n    border-radius: 50%;\n    border: 1px solid var(--bolivar-border-color);\n    cursor: pointer;\n    box-shadow: 0 2px 10px rgba(0,0,0,0.1);\n    z-index: 10;\n    justify-content: center;\n    align-items: center;\n  }\n  .bolivar-carousel-nav svg { width: 20px; height: 20px; stroke: var(--bolivar-green); }\n  .bolivar-carousel-nav:hover { background-color: #f5f5f5; }\n  .bolivar-carousel-nav.prev { left: 0; }\n  .bolivar-carousel-nav.next { right: 0; }\n  .bolivar-carousel-nav.hidden { display: none !important; }\n\n  \/* --- ESTILOS DE LA VENTANA MODAL --- *\/\n  #bolivar-modal-overlay { position: fixed; top: 0; left: 0; width: 100%; height: 100%; background-color: rgba(0, 0, 0, 0.7); z-index: 10000; display: none; justify-content: center; align-items: center; padding: 20px; box-sizing: border-box; }\n  #bolivar-modal-overlay.visible { display: flex; }\n  .bolivar-modal-content { background-color: white; border-radius: 12px; width: 100%; max-width: 980px; height: auto; max-height: 90vh; display: flex; flex-direction: column; position: relative; box-shadow: 0 5px 25px rgba(0,0,0,0.2); overflow: hidden; }\n  .bolivar-modal-close { position: absolute; top: 10px; right: 15px; background: none; border: none; font-size: 32px; font-weight: bold; color: #888; cursor: pointer; line-height: 1; z-index: 10; }\n  .bolivar-modal-body { flex-grow: 1; }\n  .iframe-container {\n    height: 540px; \n    width: 100%;\n  }\n  .iframe-container iframe { width: 100%; height: 100%; border: 0; }\n  \/* --- FIN ESTILOS MODAL --- *\/\n\n  \/* --- Responsive --- *\/\n  @media (min-width: 992px) {\n    .bolivar-carousel-container {\n      padding: 0 45px;\n    }\n    .bolivar-carousel-slide {\n      flex: 0 0 50%;\n      padding: 0 15px; \n    }\n    .bolivar-carousel-nav {\n      width: 40px;\n      height: 40px;\n    }\n  }\n<\/style>\n\n<div class=\"bolivar-carousel-container\">\n  <div class=\"bolivar-carousel-track-wrapper\">\n    <div class=\"bolivar-carousel-track\">\n      \n      <div class=\"bolivar-carousel-slide\">\n        <div class=\"bolivar-card\">\n          <div class=\"bolivar-card-tag eco\">Movilidad Sostenible<\/div>\n          \n          <h3>Seguro de Autos Verdes<\/h3>\n          <p class=\"card-description\">Hecho a la medida si se mueve en carro el\u00e9ctrico o h\u00edbrido.<\/p>\n          <p class=\"features-title\">As\u00ed protegemos su carro:<\/p>\n          \n          <ul class=\"bolivar-card-features\" id=\"bolivar-features-electric\">\n            <li><svg class=\"icon-included\" width=\"20\" height=\"20\" viewBox=\"0 0 24 24\"><path d=\"M9 16.17L4.83 12l-1.42 1.41L9 19 21 7l-1.41-1.41L9 16.17z\"\/><\/svg>Cubrimos da\u00f1os a otras personas<\/li>\n            <li><svg class=\"icon-included\" width=\"20\" height=\"20\" viewBox=\"0 0 24 24\"><path d=\"M9 16.17L4.83 12l-1.42 1.41L9 19 21 7l-1.41-1.41L9 16.17z\"\/><\/svg>Da\u00f1o y hurto total o parcial del carro<\/li>\n            <li><svg class=\"icon-included\" width=\"20\" height=\"20\" viewBox=\"0 0 24 24\"><path d=\"M9 16.17L4.83 12l-1.42 1.41L9 19 21 7l-1.41-1.41L9 16.17z\"\/><\/svg>Veh\u00edculo de reemplazo hasta por 30 d\u00edas<\/li>\n            <li><svg class=\"icon-included\" width=\"20\" height=\"20\" viewBox=\"0 0 24 24\"><path d=\"M9 16.17L4.83 12l-1.42 1.41L9 19 21 7l-1.41-1.41L9 16.17z\"\/><\/svg>Deducible desde 0% - 0,8 SMMLV<\/li>\n            <li><svg class=\"icon-included\" width=\"20\" height=\"20\" viewBox=\"0 0 24 24\"><path d=\"M9 16.17L4.83 12l-1.42 1.41L9 19 21 7l-1.41-1.41L9 16.17z\"\/><\/svg>Protegemos sus recorridos en Bici, patineta o transporte p\u00fablico<\/li>\n          <\/ul>\n          \n          <button class=\"bolivar-features-toggle\" data-target=\"bolivar-features-electric\">\n            <svg class=\"icon-toggle\" viewBox=\"0 0 24 24\"><path d=\"M12 4.5C7 4.5 2.73 7.61 1 12c1.73 4.39 6 7.5 11 7.5s9.27-3.11 11-7.5c-1.73-4.39-6-7.5-11-7.5zM12 17c-2.76 0-5-2.24-5-5s2.24-5 5-5 5 2.24 5 5-2.24 5-5 5zm0-8c-1.66 0-3 1.34-3 3s1.34 3 3 3 3-1.34 3-3-1.34-3-3-3z\"\/><\/svg>\n            <span>Ver detalle<\/span>\n          <\/button>\n          \n          <div class=\"bolivar-card-price-section\">\n            <p class=\"price-amount\">$3,763,500<\/p>\n            <p class=\"price-label\">A\u00f1o sin IVA desde:<\/p>\n            <p class=\"finance-info\">Financia tu seguro hasta en 10 meses pagando el 15% como cuota inicial.<\/p>\n            <p class=\"benefits-info\"><b>Beneficios diferenciales:<\/b><br>\n                <svg class=\"icon-electric\" width=\"16\" height=\"16\" viewBox=\"0 0 24 24\" style=\"vertical-align: middle; margin-right: 5px;\"><path d=\"M7 2v11h3v9l7-12h-4l4-8z\"\/><\/svg>P\u00e9rdida o da\u00f1o del cargador<br>\n                <svg class=\"icon-benefit\" width=\"16\" height=\"16\" viewBox=\"0 0 24 24\" style=\"vertical-align: middle; margin-right: 5px;\"><path d=\"M12 12c2.21 0 4-1.79 4-4s-1.79-4-4-4-4 1.79-4 4 1.79 4 4 4zm0 2c-2.67 0-8 1.34-8 4v2h16v-2c0-2.66-5.33-4-8-4z\"\/><\/svg>Peque\u00f1os accesorios por da\u00f1os o hurto<br>\n                <svg class=\"icon-benefit\" width=\"16\" height=\"16\" viewBox=\"0 0 24 24\" style=\"vertical-align: middle; margin-right: 5px;\"><path d=\"M12 12c2.21 0 4-1.79 4-4s-1.79-4-4-4-4 1.79-4 4 1.79 4 4 4zm0 2c-2.67 0-8 1.34-8 4v2h16v-2c0-2.66-5.33-4-8-4z\"\/><\/svg>Asistencia full - conductor, mensajer\u00eda y m\u00e1s.\n            <\/p>\n            <button class=\"bolivar-card-button open-modal-button\">Quiero cotizar<\/button>\n          <\/div>\n        <\/div>\n      <\/div>\n      \n      <div class=\"bolivar-carousel-slide\">\n        <div class=\"bolivar-card\">\n          <div class=\"bolivar-card-tag\">M\u00e1s vendido<\/div>\n          <h3>Seguro de Autos Premium <br>+ Cobertura 360<\/h3>\n          <p class=\"card-description\">Protecci\u00f3n completa para su carro y libertad para disfrutar de su bici o patineta.<\/p>\n          <p class=\"features-title\">As\u00ed protegemos su carro:<\/p>\n          \n          <ul class=\"bolivar-card-features\" id=\"bolivar-features-1\">\n            <li><svg class=\"icon-included\" width=\"20\" height=\"20\" viewBox=\"0 0 24 24\"><path d=\"M9 16.17L4.83 12l-1.42 1.41L9 19 21 7l-1.41-1.41L9 16.17z\"\/><\/svg>Cubrimos da\u00f1os a otras personas<\/li>\n            <li><svg class=\"icon-included\" width=\"20\" height=\"20\" viewBox=\"0 0 24 24\"><path d=\"M9 16.17L4.83 12l-1.42 1.41L9 19 21 7l-1.41-1.41L9 16.17z\"\/><\/svg>Da\u00f1o y hurto total o parcial del carro<\/li>\n            <li><svg class=\"icon-included\" width=\"20\" height=\"20\" viewBox=\"0 0 24 24\"><path d=\"M9 16.17L4.83 12l-1.42 1.41L9 19 21 7l-1.41-1.41L9 16.17z\"\/><\/svg>Veh\u00edculo de reemplazo hasta por 30 d\u00edas<\/li>\n            <li><svg class=\"icon-included\" width=\"20\" height=\"20\" viewBox=\"0 0 24 24\"><path d=\"M9 16.17L4.83 12l-1.42 1.41L9 19 21 7l-1.41-1.41L9 16.17z\"\/><\/svg>Deducible desde 0% - 0,8 SMMLV<\/li>\n            <li><svg class=\"icon-included\" width=\"20\" height=\"20\" viewBox=\"0 0 24 24\"><path d=\"M9 16.17L4.83 12l-1.42 1.41L9 19 21 7l-1.41-1.41L9 16.17z\"\/><\/svg>Protegemos sus recorridos en Bici, patineta o transporte p\u00fablico<\/li>\n          <\/ul>\n          \n          <button class=\"bolivar-features-toggle\" data-target=\"bolivar-features-1\">\n            <svg class=\"icon-toggle\" viewBox=\"0 0 24 24\"><path d=\"M12 4.5C7 4.5 2.73 7.61 1 12c1.73 4.39 6 7.5 11 7.5s9.27-3.11 11-7.5c-1.73-4.39-6-7.5-11-7.5zM12 17c-2.76 0-5-2.24-5-5s2.24-5 5-5 5 2.24 5 5-2.24 5-5 5zm0-8c-1.66 0-3 1.34-3 3s1.34 3 3 3 3-1.34 3-3-1.34-3-3-3z\"\/><\/svg>\n            <span>Ver detalle<\/span>\n          <\/button>\n          \n          <div class=\"bolivar-card-price-section\">\n            <p class=\"price-amount\">$3,863,600<\/p>\n            <p class=\"price-label\">A\u00f1o sin IVA desde:<\/p>\n            <p class=\"finance-info\">Financia tu seguro hasta en 10 meses pagando el 15% como cuota inicial.<\/p>\n            <p class=\"benefits-info\"><b>Beneficios diferenciales:<\/b><br><svg class=\"icon-benefit\" width=\"16\" height=\"16\" viewBox=\"0 0 24 24\" style=\"vertical-align: middle; margin-right: 5px;\"><path d=\"M12 12c2.21 0 4-1.79 4-4s-1.79-4-4-4-4 1.79-4 4 1.79 4 4 4zm0 2c-2.67 0-8 1.34-8 4v2h16v-2c0-2.66-5.33-4-8-4z\"\/><\/svg>Peque\u00f1os accesorios por da\u00f1os o hurto<br><svg class=\"icon-benefit\" width=\"16\" height=\"16\" viewBox=\"0 0 24 24\" style=\"vertical-align: middle; margin-right: 5px;\"><path d=\"M12 12c2.21 0 4-1.79 4-4s-1.79-4-4-4-4 1.79-4 4 1.79 4 4 4zm0 2c-2.67 0-8 1.34-8 4v2h16v-2c0-2.66-5.33-4-8-4z\"\/><\/svg>Asistencia full - conductor, mensajer\u00eda y m\u00e1s.<\/p>\n            <button class=\"bolivar-card-button open-modal-button\">Quiero cotizar<\/button>\n          <\/div>\n        <\/div>\n      <\/div>\n      \n      <div class=\"bolivar-carousel-slide\">\n        <div class=\"bolivar-card\">\n           <div class=\"bolivar-card-tag competitive\">M\u00e1s competitivo<\/div>\n           <h3>Autos Cl\u00e1sico<\/h3><p class=\"card-description\">Un seguro que le da la tranquilidad al tener cada detalle cubierto.<\/p><p class=\"features-title\">As\u00ed protegemos su carro:<\/p>\n           \n           <ul class=\"bolivar-card-features\" id=\"bolivar-features-2\">\n             <li><svg class=\"icon-included\" width=\"20\" height=\"20\" viewBox=\"0 0 24 24\"><path d=\"M9 16.17L4.83 12l-1.42 1.41L9 19 21 7l-1.41-1.41L9 16.17z\"\/><\/svg>Cubrimos da\u00f1os a otras personas<\/li>\n             <li><svg class=\"icon-included\" width=\"20\" height=\"20\" viewBox=\"0 0 24 24\"><path d=\"M9 16.17L4.83 12l-1.42 1.41L9 19 21 7l-1.41-1.41L9 16.17z\"\/><\/svg>Da\u00f1o y hurto total o parcial del carro<\/li>\n             <li><svg class=\"icon-included\" width=\"20\" height=\"20\" viewBox=\"0 0 24 24\"><path d=\"M9 16.17L4.83 12l-1.42 1.41L9 19 21 7l-1.41-1.41L9 16.17z\"\/><\/svg>Deducible desde 0% - 1,25 SMMLV<\/li>\n             <li><svg class=\"icon-included\" width=\"20\" height=\"20\" viewBox=\"0 0 24 24\"><path d=\"M9 16.17L4.83 12l-1.42 1.41L9 19 21 7l-1.41-1.41L9 16.17z\"\/><\/svg>Veh\u00edculo de reemplazo<\/li>\n             <li><svg class=\"icon-excluded\" width=\"20\" height=\"20\" viewBox=\"0 0 24 24\"><path d=\"M19 6.41L17.59 5 12 10.59 6.41 5 5 6.41 10.59 12 5 17.59 6.41 19 12 13.41 17.59 19 19 17.59 13.41 12z\"\/><\/svg>Protegemos sus recorridos en Bici, patineta o transporte p\u00fablico<\/li>\n           <\/ul>\n           \n           <button class=\"bolivar-features-toggle\" data-target=\"bolivar-features-2\">\n             <svg class=\"icon-toggle\" viewBox=\"0 0 24 24\"><path d=\"M12 4.5C7 4.5 2.73 7.61 1 12c1.73 4.39 6 7.5 11 7.5s9.27-3.11 11-7.5c-1.73-4.39-6-7.5-11-7.5zM12 17c-2.76 0-5-2.24-5-5s2.24-5 5-5 5 2.24 5 5-2.24 5-5 5zm0-8c-1.66 0-3 1.34-3 3s1.34 3 3 3 3-1.34 3-3-1.34-3-3-3z\"\/><\/svg>\n             <span>Ver detalle<\/span>\n           <\/button>\n           \n           <div class=\"bolivar-card-price-section\">\n             <p class=\"price-amount\">$2,594,000<\/p>\n             <p class=\"price-label\">A\u00f1o sin IVA desde:<\/p>\n             <p class=\"finance-info\">Financia tu seguro hasta en 10 meses pagando el 15% como cuota inicial.<\/p>\n             <p class=\"benefits-info\"><b>Beneficios diferenciales:<\/b><br><svg class=\"icon-benefit\" width=\"16\" height=\"16\" viewBox=\"0 0 24 24\" style=\"vertical-align: middle; margin-right: 5px;\"><path d=\"M12 12c2.21 0 4-1.79 4-4s-1.79-4-4-4-4 1.79-4 4 1.79 4 4 4zm0 2c-2.67 0-8 1.34-8 4v2h16v-2c0-2.66-5.33-4-8-4z\"\/><\/svg>Asistencia full - conductor, mensajer\u00eda y m\u00e1s.<\/p>\n             <button class=\"bolivar-card-button open-modal-button\">Quiero cotizar<\/button>\n           <\/div>\n        <\/div>\n      <\/div>\n\n      <div class=\"bolivar-carousel-slide\">\n        <div class=\"bolivar-card\">\n           <h3>Autos Est\u00e1ndar<\/h3><p class=\"card-description\">Un seguro que le da la tranquilidad al tener cada detalle cubierto.<\/p><p class=\"features-title\">As\u00ed protegemos su carro:<\/p>\n           \n           <ul class=\"bolivar-card-features\" id=\"bolivar-features-3\">\n             <li><svg class=\"icon-included\" width=\"20\" height=\"20\" viewBox=\"0 0 24 24\"><path d=\"M9 16.17L4.83 12l-1.42 1.41L9 19 21 7l-1.41-1.41L9 16.17z\"\/><\/svg>Cubrimos da\u00f1os a otras personas<\/li>\n             <li><svg class=\"icon-included\" width=\"20\" height=\"20\" viewBox=\"0 0 24 24\"><path d=\"M9 16.17L4.83 12l-1.42 1.41L9 19 21 7l-1.41-1.41L9 16.17z\"\/><\/svg>Da\u00f1o y hurto total o parcial del carro<\/li>\n             <li><svg class=\"icon-included\" width=\"20\" height=\"20\" viewBox=\"0 0 24 24\"><path d=\"M9 16.17L4.83 12l-1.42 1.41L9 19 21 7l-1.41-1.41L9 16.17z\"\/><\/svg>Veh\u00edculo de reemplazo hasta por 15 d\u00edas<\/li>\n             <li><svg class=\"icon-included\" width=\"20\" height=\"20\" viewBox=\"0 0 24 24\"><path d=\"M9 16.17L4.83 12l-1.42 1.41L9 19 21 7l-1.41-1.41L9 16.17z\"\/><\/svg>Deducible desde 0% - 1 SMMLV<\/li>\n             <li><svg class=\"icon-excluded\" width=\"20\" height=\"20\" viewBox=\"0 0 24 24\"><path d=\"M19 6.41L17.59 5 12 10.59 6.41 5 5 6.41 10.59 12 5 17.59 6.41 19 12 13.41 17.59 19 19 17.59 13.41 12z\"\/><\/svg>Protegemos sus recorridos en Bici, patineta o transporte p\u00fablico<\/li>\n           <\/ul>\n           \n           <button class=\"bolivar-features-toggle\" data-target=\"bolivar-features-3\">\n             <svg class=\"icon-toggle\" viewBox=\"0 0 24 24\"><path d=\"M12 4.5C7 4.5 2.73 7.61 1 12c1.73 4.39 6 7.5 11 7.5s9.27-3.11 11-7.5c-1.73-4.39-6-7.5-11-7.5zM12 17c-2.76 0-5-2.24-5-5s2.24-5 5-5 5 2.24 5 5-2.24 5-5 5zm0-8c-1.66 0-3 1.34-3 3s1.34 3 3 3 3-1.34 3-3-1.34-3-3-3z\"\/><\/svg>\n             <span>Ver detalle<\/span>\n           <\/button>\n\n           <div class=\"bolivar-card-price-section\">\n             <p class=\"price-amount\">$3,197,000<\/p>\n             <p class=\"price-label\">A\u00f1o sin IVA desde:<\/p>\n             <p class=\"finance-info\">Financia tu seguro hasta en 10 meses pagando el 15% como cuota inicial.<\/p><p class=\"benefits-info\"><b>Beneficios diferenciales:<\/b><br><svg class=\"icon-benefit\" width=\"16\" height=\"16\" viewBox=\"0 0 24 24\" style=\"vertical-align: middle; margin-right: 5px;\"><path d=\"M12 12c2.21 0 4-1.79 4-4s-1.79-4-4-4-4 1.79-4 4 1.79 4 4 4zm0 2c-2.67 0-8 1.34-8 4v2h16v-2c0-2.66-5.33-4-8-4z\"\/><\/svg>Asistencia full - conductor, mensajer\u00eda y m\u00e1s.<\/p>\n             <button class=\"bolivar-card-button open-modal-button\">Quiero cotizar<\/button>\n           <\/div>\n        <\/div>\n      <\/div>\n      \n    <\/div>\n  <\/div>\n  \n  <button class=\"bolivar-carousel-nav prev\"><svg viewBox=\"0 0 24 24\" fill=\"none\" stroke-width=\"3\" stroke-linecap=\"round\" stroke-linejoin=\"round\"><polyline points=\"15 18 9 12 15 6\"><\/polyline><\/svg><\/button>\n  <button class=\"bolivar-carousel-nav next\"><svg viewBox=\"0 0 24 24\" fill=\"none\" stroke-width=\"3\" stroke-linecap=\"round\" stroke-linejoin=\"round\"><polyline points=\"9 18 15 12 9 6\"><\/polyline><\/svg><\/button>\n<\/div>\n\n<div id=\"bolivar-modal-overlay\">\n  <div class=\"bolivar-modal-content\">\n    <button class=\"bolivar-modal-close\">&times;<\/button>\n    <div class=\"bolivar-modal-body\">\n      <div class=\"iframe-container\">\n        <iframe \n          id=\"cotizador-bolivar\" \n          name=\"cotizador-bolivar\" \n          src=\"https:\/\/digital.experienciasbolivar.segurosbolivar.com\/seguro-para-carros-form?utm_source=segurosbolivar.com&utm_medium=Blog&utm_campaign=Movilidad_planes_42148\" \n          scrolling=\"auto\" \n          allowtransparency=\"true\">\n        <\/iframe>\n      <\/div>\n    <\/div>\n  <\/div>\n<\/div>\n\n<script>\ndocument.addEventListener('DOMContentLoaded', function() {\n  \n  \/\/ L\u00d3GICA DEL CARRUSEL\n  const carousels = document.querySelectorAll('.bolivar-carousel-container');\n  carousels.forEach(carousel => {\n    const track = carousel.querySelector('.bolivar-carousel-track');\n    if (!track) return;\n    const slides = Array.from(track.children);\n    const nextButton = carousel.querySelector('.bolivar-carousel-nav.next');\n    const prevButton = carousel.querySelector('.bolivar-carousel-nav.prev');\n    if (slides.length <= 1) { \n      nextButton.style.display = 'none';\n      prevButton.style.display = 'none';\n      return;\n    }\n    let currentIndex = 0;\n    const updateCarousel = () => {\n      const slideWidth = slides[0].getBoundingClientRect().width;\n      track.style.transform = 'translateX(-' + slideWidth * currentIndex + 'px)';\n      \n      const containerWidth = carousel.querySelector('.bolivar-carousel-track-wrapper').offsetWidth;\n      let visibleSlides = 1; \n      if (window.innerWidth >= 992) { \n        visibleSlides = 2;\n      }\n\n      prevButton.classList.toggle('hidden', currentIndex === 0);\n      nextButton.classList.toggle('hidden', currentIndex >= slides.length - visibleSlides);\n    };\n    nextButton.addEventListener('click', () => { currentIndex++; updateCarousel(); });\n    prevButton.addEventListener('click', () => { currentIndex--; updateCarousel(); });\n    new ResizeObserver(updateCarousel).observe(carousel);\n    updateCarousel();\n  });\n\n  \/\/ L\u00d3GICA DE LA VENTANA MODAL\n  const modalOverlay = document.getElementById('bolivar-modal-overlay');\n  const openModalButtons = document.querySelectorAll('.open-modal-button');\n  const closeModalButton = modalOverlay.querySelector('.bolivar-modal-close');\n  const openModal = () => { modalOverlay.classList.add('visible'); }\n  const closeModal = () => { modalOverlay.classList.remove('visible'); }\n  openModalButtons.forEach(button => { button.addEventListener('click', openModal); });\n  closeModalButton.addEventListener('click', closeModal);\n  modalOverlay.addEventListener('click', (event) => { if (event.target === modalOverlay) { closeModal(); } });\n  \n  \/\/ L\u00d3GICA COLAPSABLE (Ver\/Ocultar detalles)\n  const toggleButtons = document.querySelectorAll('.bolivar-features-toggle');\n  toggleButtons.forEach(button => {\n    button.addEventListener('click', function(e) {\n      e.preventDefault();\n      const targetId = this.dataset.target; \n      const list = document.getElementById(targetId);\n      const textSpan = this.querySelector('span');\n\n      if (list) {\n        list.classList.toggle('is-expanded');\n        this.classList.toggle('is-expanded-button'); \n        if (list.classList.contains('is-expanded')) {\n          textSpan.textContent = 'Ocultar detalles'; \n        } else {\n          textSpan.textContent = 'Ver detalle'; \n        }\n      }\n    });\n  });\n  \n});\n<\/script>\t\t\t\t<\/div>\n\t\t\t\t<\/div>\n\t\t\t\t\t<\/div>\n\t\t\t\t<\/div>\n\t\t<div data-particle_enable=\"false\" data-particle-mobile-disabled=\"false\" class=\"elementor-element elementor-element-bf2b5ff e-flex e-con-boxed e-con e-parent\" data-id=\"bf2b5ff\" data-element_type=\"container\">\n\t\t\t\t\t<div class=\"e-con-inner\">\n\t\t\t\t<div class=\"elementor-element elementor-element-63b7cd0 elementor-widget elementor-widget-text-editor\" data-id=\"63b7cd0\" data-element_type=\"widget\" data-widget_type=\"text-editor.default\">\n\t\t\t\t<div class=\"elementor-widget-container\">\n\t\t\t\t\t\t\t\t\t<h2><b>Qu\u00e9 debe buscar en el seguro de un auto el\u00e9ctrico<\/b><\/h2><p><span style=\"font-weight: 400;\">Cuando cotice, aseg\u00farese de que la p\u00f3liza cubra:<\/span><\/p><ul><li style=\"font-weight: 400;\" aria-level=\"1\"><span style=\"font-weight: 400;\">Robo o da\u00f1o del cable de carga y del cargador del veh\u00edculo.<\/span><\/li><li style=\"font-weight: 400;\" aria-level=\"1\"><b>Transporte al punto de recarga m\u00e1s cercano<\/b><span style=\"font-weight: 400;\"> o asistencia si la bater\u00eda se queda sin energ\u00eda.<\/span><\/li><li style=\"font-weight: 400;\" aria-level=\"1\"><b>Talleres certificados<\/b><span style=\"font-weight: 400;\"> para autos el\u00e9ctricos e h\u00edbridos.<\/span><\/li><li style=\"font-weight: 400;\" aria-level=\"1\"><span style=\"font-weight: 400;\">Que sea expl\u00edcitamente para <\/span><b>veh\u00edculos \u201cverdes\u201d<\/b><span style=\"font-weight: 400;\"> o autos el\u00e9ctricos, no solo un seguro tradicional adaptado.<\/span><\/li><\/ul><h2><b>C\u00f3mo Seguros Bol\u00edvar protege su Tesla y cualquier veh\u00edculo el\u00e9ctrico<\/b><\/h2><p><span style=\"color: #339966;\"><a style=\"color: #339966;\" href=\"https:\/\/www.segurosbolivar.com\/?utm_source=Autopauta&amp;utm_medium=Blog_enlace&amp;utm_campaign=BG_bolivar_42148\" target=\"_blank\" rel=\"noopener\"><b>Seguros Bol\u00edvar<\/b><\/a><\/span><span style=\"font-weight: 400;\"> ya cuenta con una l\u00ednea espec\u00edfica para autos el\u00e9ctricos e h\u00edbridos.<\/span><\/p><p><span style=\"font-weight: 400;\">Ofrece <\/span><span style=\"color: #339966;\"><a style=\"color: #339966;\" href=\"https:\/\/digital.experienciasbolivar.segurosbolivar.com\/seguro-para-carros?utm_source=Autopauta&amp;utm_medium=Blog_enlace&amp;utm_campaign=BG_autos_42148\" target=\"_blank\" rel=\"noopener\"><b>coberturas exclusivas para veh\u00edculos el\u00e9ctricos e h\u00edbridos<\/b><\/a><\/span><span style=\"font-weight: 400;\"><span style=\"color: #339966;\">.<\/span> Incluye asistencia especializada en veh\u00edculos el\u00e9ctricos, <\/span><b>protecci\u00f3n del cargador<\/b><span style=\"font-weight: 400;\">, traslados al punto de recarga. La venta de veh\u00edculos el\u00e9ctricos en Colombia crece r\u00e1pidamente, lo que refuerza la <\/span><a href=\"https:\/\/elpais.com\/america-colombia\/2025-10-10\/la-venta-de-autos-electricos-rompe-records-en-colombia-pero-la-infraestructura-para-cargarlos-y-repararlos-esta-rezagada.html\" target=\"_blank\" rel=\"noopener\"><b>necesidad<\/b><\/a><span style=\"font-weight: 400;\"> de una p\u00f3liza adecuada.<\/span><\/p><h2><b>C\u00f3mo prepararse para recibir su Tesla y asegurar su inversi\u00f3n<\/b><\/h2><p><span style=\"font-weight: 400;\">Mientras reserva su Tesla Model 3 o Model Y, considere que su p\u00f3liza de seguro debe estar lista desde el primer d\u00eda. Haga lo siguiente:<\/span><\/p><ul><li style=\"font-weight: 400;\" aria-level=\"1\"><span style=\"font-weight: 400;\">Cotice en<\/span><b> Seguros Bol\u00edvar<\/b><span style=\"font-weight: 400;\"> la opci\u00f3n para autos el\u00e9ctricos e h\u00edbridos.<\/span><\/li><li style=\"font-weight: 400;\" aria-level=\"1\"><span style=\"font-weight: 400;\">Verifique que su seguro incluya cobertura para los <\/span><b>elementos el\u00e9ctricos y de carga<\/b><span style=\"font-weight: 400;\">.<\/span><\/li><li style=\"font-weight: 400;\" aria-level=\"1\"><span style=\"font-weight: 400;\">Pregunte por beneficios adicionales de \u201cautos verdes\u201d, como <\/span><b>asistencia especializada<\/b><span style=\"font-weight: 400;\"> o descuentos.<\/span><\/li><\/ul><p><a href=\"https:\/\/www.segurosbolivar.com\/?utm_source=Autopauta&amp;utm_medium=Blog_enlace&amp;utm_campaign=BG_bolivar_42148\" target=\"_blank\" rel=\"noopener\"><b><span style=\"color: #339966;\">Seguros Bol\u00edvar<\/span><\/b><\/a><span style=\"font-weight: 400;\"> ofrece protecci\u00f3n integral para <span style=\"color: #008000;\"><strong><a style=\"color: #008000;\" href=\"https:\/\/digital.experienciasbolivar.segurosbolivar.com\/seguro-para-carros?utm_source=Autopauta&amp;utm_medium=Blog_enlace&amp;utm_campaign=BG_autos_42148\" target=\"_blank\" rel=\"noopener\">autos el\u00e9ctricos<\/a><\/strong>,<\/span> permiti\u00e9ndole <\/span><b>disfrutar de la movilidad sostenible sin preocupaciones<\/b><span style=\"font-weight: 400;\">.<\/span><\/p><table style=\"width: 100%;\" cellspacing=\"0\" cellpadding=\"0\" align=\"center\"><tbody><tr style=\"text-align: center; font-family: Open Sans, sans-serif;\"><td style=\"padding-bottom: 24px; color: #29292a; font-size: 18px; font-weight: 600;\">\u00bfQu\u00e9 tan \u00fatil le pareci\u00f3 este contenido?<\/td><\/tr><tr style=\"text-align: center;\"><td><table style=\"width: 100%; max-width: 400px; margin: auto;\" cellspacing=\"0\" cellpadding=\"0\"><tbody><tr><td><a style=\"text-decoration: none;\" href=\"https:\/\/survey.survicate.com\/1aa256dae6362312\/?pieza=42148_tesla_en_colombia_como_asegurarlos|Movilidad|&amp;aid=2510313\" target=\"_blank\" rel=\"nofollow noopener\"> <img decoding=\"async\" style=\"width: 32px; height: 32px;\" src=\"https:\/\/image.experienciasbolivar.segurosbolivar.com\/lib\/fe3511747364047b751475\/m\/1\/7d675113-0e03-409d-944b-3b06b10fb55e.png\" \/> <\/a><\/td><td><a style=\"text-decoration: none;\" href=\"https:\/\/survey.survicate.com\/1aa256dae6362312\/?pieza=42148_tesla_en_colombia_como_asegurarlos|Movilidad|&amp;aid=2510314\" target=\"_blank\" rel=\"nofollow noopener\"> <img decoding=\"async\" style=\"width: 32px; height: 32px;\" src=\"https:\/\/image.experienciasbolivar.segurosbolivar.com\/lib\/fe3511747364047b751475\/m\/1\/2cceee11-e12d-4873-bb48-569d2d4afe2d.png\" \/> <\/a><\/td><td><a style=\"text-decoration: none;\" href=\"https:\/\/survey.survicate.com\/1aa256dae6362312\/?pieza=42148_tesla_en_colombia_como_asegurarlos|Movilidad|&amp;aid=2510315\" target=\"_blank\" rel=\"nofollow noopener\"> <img decoding=\"async\" style=\"width: 32px; height: 32px;\" src=\"https:\/\/image.experienciasbolivar.segurosbolivar.com\/lib\/fe3511747364047b751475\/m\/1\/7553bd02-b4da-452e-9446-d80f342e8662.png\" \/> <\/a><\/td><td><a style=\"text-decoration: none;\" href=\"https:\/\/survey.survicate.com\/1aa256dae6362312\/?pieza=42148_tesla_en_colombia_como_asegurarlos|Movilidad|&amp;aid=2510316\" target=\"_blank\" rel=\"nofollow noopener\"> <img decoding=\"async\" style=\"width: 32px; height: 32px;\" src=\"https:\/\/image.experienciasbolivar.segurosbolivar.com\/lib\/fe3511747364047b751475\/m\/1\/1aa041a1-6fa1-4da5-8ce4-099bda589a6d.png\" \/> <\/a><\/td><td><a style=\"text-decoration: none;\" href=\"https:\/\/survey.survicate.com\/1aa256dae6362312\/?pieza=42148_tesla_en_colombia_como_asegurarlos|Movilidad|&amp;aid=2510317\" target=\"_blank\" rel=\"nofollow noopener\"> <img decoding=\"async\" style=\"width: 32px; height: 32px;\" src=\"https:\/\/image.experienciasbolivar.segurosbolivar.com\/lib\/fe3511747364047b751475\/m\/1\/237d20e9-0b59-4c8a-8a44-8733a91bb3e1.png\" \/> <\/a><\/td><\/tr><\/tbody><\/table><\/td><\/tr><\/tbody><\/table>\t\t\t\t\t\t\t\t<\/div>\n\t\t\t\t<\/div>\n\t\t<div data-particle_enable=\"false\" data-particle-mobile-disabled=\"false\" class=\"elementor-element elementor-element-19c9baf e-con-full e-flex e-con e-child\" data-id=\"19c9baf\" data-element_type=\"container\">\n\t\t\t\t<div class=\"elementor-element elementor-element-463b2a2 elementor-widget elementor-widget-html\" data-id=\"463b2a2\" data-element_type=\"widget\" data-widget_type=\"html.default\">\n\t\t\t\t<div class=\"elementor-widget-container\">\n\t\t\t\t\t<script>\ndocument.addEventListener('DOMContentLoaded', function() {\n    \/\/ -----------------------------------------------------------------\n    \/\/ CONFIGURACI\u00d3N\n    \/\/ -----------------------------------------------------------------\n    const whatsAppUrl = \"https:\/\/segurosbolivar.trb.ai\/wa\/1SandYk\";\n    const footerSelector = \"footer\"; \/\/ \u00a1Importante! Si tu footer tiene otra clase o ID, aj\u00fastalo aqu\u00ed. Ej: \".site-footer\"\n    const urlPathContains = \"\/blog\/movilidad\"; \/\/ El fragmento de URL donde debe aparecer el icono.\n\n    \/\/ -----------------------------------------------------------------\n    \/\/ L\u00d3GICA DE VISIBILIDAD\n    \/\/ -----------------------------------------------------------------\n    if (!window.location.pathname.includes(urlPathContains)) {\n        return; \/\/ No hace nada si no estamos en la URL correcta\n    }\n\n    \/\/ -----------------------------------------------------------------\n    \/\/ CREACI\u00d3N DE ELEMENTOS (HTML Y CSS)\n    \/\/ -----------------------------------------------------------------\n\n    \/\/ --- 1. Crear el icono flotante de WhatsApp ---\n    const whatsappIcon = document.createElement('a');\n    whatsappIcon.id = 'custom-whatsapp-icon';\n    whatsappIcon.innerHTML = `<svg width=\"32\" height=\"32\" viewBox=\"0 0 32 32\" fill=\"white\" xmlns=\"http:\/\/www.w3.org\/2000\/svg\"><path d=\"M16 2.66663C8.64 2.66663 2.66669 8.63996 2.66669 16C2.66669 18.44 3.38669 20.7466 4.66669 22.72L2.66669 29.3333L9.41335 27.3333C11.28 28.4533 13.56 29.0933 16 29.0933C23.36 29.0933 29.3334 23.08 29.3334 16C29.3334 8.63996 23.36 2.66663 16 2.66663ZM22.4934 19.3333C22.1867 20.2133 21.08 20.6933 20.5067 20.76C19.9334 20.8266 19.1467 20.6533 18.5734 20.44C16.8934 19.8666 15.0134 18.8266 13.44 17.1333C11.8534 15.4266 10.7467 13.52 10.1334 11.84C9.90669 11.24 9.77335 10.4533 9.85335 9.90663C9.93335 9.34663 10.3734 8.25329 10.84 7.91996C11.3067 7.58663 11.8 7.50663 12.1334 7.50663C12.4667 7.50663 12.72 7.50663 12.9467 7.53329C13.2667 7.57329 13.5734 8.19996 13.7734 8.75996C14.0267 9.45329 14.5067 10.68 14.56 10.8C14.6134 10.92 14.6134 11.0933 14.4534 11.28C14.2934 11.4666 14.16 11.5866 13.9734 11.8C13.7867 12.0133 13.6267 12.1866 13.7867 12.4666C13.9467 12.7466 14.56 13.7466 15.4934 14.6666C16.6934 15.8266 17.6534 16.2933 18.0134 16.4533C18.3334 16.5866 18.52 16.5466 18.7067 16.3333C18.92 16.0933 19.1867 15.7066 19.4534 15.3733C19.68 15.0933 19.9867 15.0133 20.3067 15.12C20.6267 15.2266 22.0267 15.9333 22.4934 16.1866C22.96 16.44 23.16 16.56 23.24 16.7066C23.32 16.8533 23.1467 17.48 22.9334 17.8933C22.72 18.3066 22.8 18.4533 22.4934 19.3333Z\"\/><\/svg>`;\n    document.body.appendChild(whatsappIcon);\n\n    \/\/ --- 2. Crear el overlay y el modal ---\n    const modalOverlay = document.createElement('div');\n    modalOverlay.id = 'custom-whatsapp-modal-overlay';\n    modalOverlay.innerHTML = `\n        <div class=\"custom-whatsapp-modal\">\n            <button class=\"custom-whatsapp-modal-close\">&times;<\/button>\n            <h2>\ud83d\ude97 \u00bfYa protegi\u00f3 su veh\u00edculo?<\/h2>\n            <p>Cotice su Seguro de carro<\/p>\n            <a href=\"${whatsAppUrl}\" target=\"_blank\" class=\"custom-whatsapp-modal-button\">\n                Cotizar por WhatsApp\n            <\/a>\n        <\/div>\n    `;\n    document.body.appendChild(modalOverlay);\n    \n    \/\/ --- 3. Crear y a\u00f1adir los estilos CSS ---\n    const styles = `\n        #custom-whatsapp-icon {\n            position: fixed;\n            \/* \u2705 CAMBIO: El bot\u00f3n ahora est\u00e1 al 20% de altura de la pantalla *\/\n            bottom: 20vh; \n            right: 30px;\n            width: 60px;\n            height: 60px;\n            background-color: #25D366;\n            border-radius: 50%;\n            display: flex;\n            justify-content: center;\n            align-items: center;\n            cursor: pointer;\n            box-shadow: 0 4px 12px rgba(0,0,0,0.2);\n            z-index: 9998;\n            transition: bottom 0.3s ease, transform 0.2s ease;\n        }\n        #custom-whatsapp-icon:hover {\n            transform: scale(1.1);\n        }\n        #custom-whatsapp-modal-overlay {\n            position: fixed;\n            top: 0;\n            left: 0;\n            width: 100%;\n            height: 100%;\n            background-color: rgba(0,0,0,0.5);\n            z-index: 9999;\n            display: flex;\n            justify-content: center;\n            align-items: center;\n            opacity: 0;\n            visibility: hidden;\n            transition: opacity 0.3s ease, visibility 0.3s ease;\n        }\n        #custom-whatsapp-modal-overlay.visible {\n            opacity: 1;\n            visibility: visible;\n        }\n        .custom-whatsapp-modal {\n            background-color: white;\n            padding: 25px 30px;\n            border-radius: 10px;\n            text-align: center;\n            max-width: 320px;\n            width: 90%;\n            font-family: sans-serif;\n            position: relative;\n            transform: scale(0.9);\n            transition: transform 0.3s ease;\n        }\n        #custom-whatsapp-modal-overlay.visible .custom-whatsapp-modal {\n            transform: scale(1);\n        }\n        .custom-whatsapp-modal h2 {\n            font-size: 22px;\n            color: #333;\n            margin: 0 0 8px 0;\n            line-height: 1.3;\n        }\n        .custom-whatsapp-modal p {\n            font-size: 16px;\n            color: #555;\n            margin: 0 0 25px 0;\n            line-height: 1.5;\n        }\n        .custom-whatsapp-modal-button {\n            display: inline-block;\n            background-color: #25D366;\n            color: white;\n            padding: 12px 25px;\n            border-radius: 25px;\n            text-decoration: none;\n            font-weight: bold;\n            transition: background-color 0.2s ease;\n        }\n        .custom-whatsapp-modal-button:hover {\n            background-color: #128C7E;\n        }\n        .custom-whatsapp-modal-close {\n            position: absolute;\n            top: 10px;\n            right: 15px;\n            background: none;\n            border: none;\n            font-size: 28px;\n            cursor: pointer;\n            color: #999;\n        }\n    `;\n    const styleSheet = document.createElement(\"style\");\n    styleSheet.innerText = styles;\n    document.head.appendChild(styleSheet);\n\n\n    \/\/ -----------------------------------------------------------------\n    \/\/ MANEJADORES DE EVENTOS\n    \/\/ -----------------------------------------------------------------\n    const closeButton = modalOverlay.querySelector('.custom-whatsapp-modal-close');\n\n    function showModal() {\n        modalOverlay.classList.add('visible');\n    }\n\n    function hideModal() {\n        modalOverlay.classList.remove('visible');\n    }\n\n    whatsappIcon.addEventListener('click', showModal);\n    closeButton.addEventListener('click', hideModal);\n    modalOverlay.addEventListener('click', function(event) {\n        if (event.target === modalOverlay) {\n            hideModal();\n        }\n    });\n\n    \/\/ -----------------------------------------------------------------\n    \/\/ L\u00d3GICA DE POSICIONAMIENTO RESPECTO AL FOOTER\n    \/\/ -----------------------------------------------------------------\n    function adjustIconPosition() {\n        const footer = document.querySelector(footerSelector);\n        if (!footer) return;\n\n        const icon = document.getElementById('custom-whatsapp-icon');\n        const footerRect = footer.getBoundingClientRect();\n        const viewportHeight = window.innerHeight;\n        \/\/ Este es el margen en p\u00edxeles que se mantendr\u00e1 sobre el footer\n        const marginFromFooter = 30; \n\n        \/\/ Si la parte superior del footer est\u00e1 entrando en la pantalla\n        if (footerRect.top < viewportHeight) {\n            const newBottom = viewportHeight - footerRect.top + marginFromFooter;\n            icon.style.bottom = `${newBottom}px`;\n        } else {\n            \/\/ \u2705 CAMBIO: Vuelve a la posici\u00f3n por defecto de 20vh\n            icon.style.bottom = '20vh';\n        }\n    }\n\n    window.addEventListener('scroll', adjustIconPosition);\n    window.addEventListener('resize', adjustIconPosition); \/\/ Tambi\u00e9n al cambiar tama\u00f1o de ventana\n    adjustIconPosition(); \/\/ Llamada inicial\n\n});\n<\/script>\t\t\t\t<\/div>\n\t\t\t\t<\/div>\n\t\t\t\t<\/div>\n\t\t\t\t\t<\/div>\n\t\t\t\t<\/div>\n\t\t\t\t<\/div>\n\t\t","protected":false},"excerpt":{"rendered":"<p>Conozca los modelos de Tesla disponibles y c\u00f3mo con el Seguro de Autos Verde de Seguros Bol\u00edvar puede proteger su inversi\u00f3n.<\/p>\n","protected":false},"author":14,"featured_media":42214,"comment_status":"closed","ping_status":"closed","sticky":false,"template":"","format":"standard","meta":{"footnotes":""},"categories":[88],"tags":[186,185],"class_list":["post-42148","post","type-post","status-publish","format-standard","has-post-thumbnail","hentry","category-movilidad","tag-seguro-de-auto","tag-tesla"],"_links":{"self":[{"href":"https:\/\/www.segurosbolivar.com\/blog\/wp-json\/wp\/v2\/posts\/42148","targetHints":{"allow":["GET"]}}],"collection":[{"href":"https:\/\/www.segurosbolivar.com\/blog\/wp-json\/wp\/v2\/posts"}],"about":[{"href":"https:\/\/www.segurosbolivar.com\/blog\/wp-json\/wp\/v2\/types\/post"}],"author":[{"embeddable":true,"href":"https:\/\/www.segurosbolivar.com\/blog\/wp-json\/wp\/v2\/users\/14"}],"replies":[{"embeddable":true,"href":"https:\/\/www.segurosbolivar.com\/blog\/wp-json\/wp\/v2\/comments?post=42148"}],"version-history":[{"count":96,"href":"https:\/\/www.segurosbolivar.com\/blog\/wp-json\/wp\/v2\/posts\/42148\/revisions"}],"predecessor-version":[{"id":45197,"href":"https:\/\/www.segurosbolivar.com\/blog\/wp-json\/wp\/v2\/posts\/42148\/revisions\/45197"}],"wp:featuredmedia":[{"embeddable":true,"href":"https:\/\/www.segurosbolivar.com\/blog\/wp-json\/wp\/v2\/media\/42214"}],"wp:attachment":[{"href":"https:\/\/www.segurosbolivar.com\/blog\/wp-json\/wp\/v2\/media?parent=42148"}],"wp:term":[{"taxonomy":"category","embeddable":true,"href":"https:\/\/www.segurosbolivar.com\/blog\/wp-json\/wp\/v2\/categories?post=42148"},{"taxonomy":"post_tag","embeddable":true,"href":"https:\/\/www.segurosbolivar.com\/blog\/wp-json\/wp\/v2\/tags?post=42148"}],"curies":[{"name":"wp","href":"https:\/\/api.w.org\/{rel}","templated":true}]}}