{"id":40471,"date":"2020-02-28T16:00:33","date_gmt":"2020-02-28T21:00:33","guid":{"rendered":"https:\/\/www.doctoraki.com\/blog\/?p=3541"},"modified":"2026-02-17T08:10:33","modified_gmt":"2026-02-17T13:10:33","slug":"coronavirus-colombia-como-se-prepara-el-ministerio-de-salud","status":"publish","type":"post","link":"https:\/\/www.segurosbolivar.com\/blog\/bienestar-y-salud\/coronavirus-colombia-como-se-prepara-el-ministerio-de-salud\/","title":{"rendered":"Colombia se prepara para la posible llegada del Coronavirus"},"content":{"rendered":"\t\t<div data-elementor-type=\"wp-post\" data-elementor-id=\"40471\" class=\"elementor elementor-40471\" data-elementor-post-type=\"post\">\n\t\t\t\t<div data-particle_enable=\"false\" data-particle-mobile-disabled=\"false\" class=\"elementor-element elementor-element-b16d0d4 e-flex e-con-boxed e-con e-parent\" data-id=\"b16d0d4\" data-element_type=\"container\">\n\t\t\t\t\t<div class=\"e-con-inner\">\n\t\t\t\t<div class=\"elementor-element elementor-element-1a51b74 elementor-widget elementor-widget-text-editor\" data-id=\"1a51b74\" data-element_type=\"widget\" data-widget_type=\"text-editor.default\">\n\t\t\t\t<div class=\"elementor-widget-container\">\n\t\t\t\t\t\t\t\t\t<p><strong><img fetchpriority=\"high\" decoding=\"async\" class=\"alignnone size-full wp-image-3546\" src=\"https:\/\/www.doctoraki.com\/blog\/wp-content\/uploads\/2020\/02\/Coronavirus-en-Colombia-.jpg\" alt=\"Vista microsc\u00f3pica del Coronavirus\" width=\"1366\" height=\"900\" \/><\/strong><\/p><p><span style=\"font-weight: 400;\">Por estos d\u00edas seguramente el tema de conversaci\u00f3n en tu casa u oficina ha sido el coronavirus Covid &#8211; 19, pero <strong>\u00bfsabes a ciencia cierta por qu\u00e9 el Ministerio de Salud elev\u00f3 a alto el riesgo de Coronavirus en Colombia?<\/strong> \u00bfTienes idea de c\u00f3mo protegerte? El Ministro de Salud encargado, <strong>Iv\u00e1n Dar\u00edo Gonz\u00e1lez<\/strong>, explic\u00f3 que la decisi\u00f3n se dio por dos razones.\u2753<\/span><\/p><p><span style=\"font-weight: 400;\">La primera tiene que ver con la evoluci\u00f3n que en las \u00faltimas horas ha tenido la epidemia en el norte de Italia y Corea del Sur \ud83e\udda0, \u201cdonde aparentemente existen unas cadenas de transmisi\u00f3n no controladas\u201d, dijo. Y la segunda, por la posibilidad latente de que se declare<strong> una pandemia por el n\u00famero de pa\u00edses afectados<\/strong> que hasta el momento, de acuerdo a la<a href=\"https:\/\/www.who.int\/es\/emergencies\/diseases\/novel-coronavirus-2019\" target=\"_blank\" rel=\"noopener noreferrer\"><strong> Organizaci\u00f3n Mundial de la Salud (OMS)<\/strong><\/a> son 91.<\/span><\/p><p><b>\ud83d\udd17<\/b><a href=\"https:\/\/www.doctoraki.com\/blog\/tendencias\/que-es-el-coronavirus-sintomas-y-como-se-transmite\/\" target=\"_blank\" rel=\"noopener\"><strong>Coronavirus, el s\u00edndrome respiratorio que amenaza el 2020<\/strong><\/a><\/p>\t\t\t\t\t\t\t\t<\/div>\n\t\t\t\t<\/div>\n\t\t\t\t\t<\/div>\n\t\t\t\t<\/div>\n\t\t<div data-particle_enable=\"false\" data-particle-mobile-disabled=\"false\" class=\"elementor-element elementor-element-ccaa729 e-flex e-con-boxed e-con e-parent\" data-id=\"ccaa729\" data-element_type=\"container\">\n\t\t\t\t\t<div class=\"e-con-inner\">\n\t\t\t\t<div class=\"elementor-element elementor-element-5b068e23 elementor-widget elementor-widget-text-editor\" data-id=\"5b068e23\" data-element_type=\"widget\" data-widget_type=\"text-editor.default\">\n\t\t\t\t<div class=\"elementor-widget-container\">\n\t\t\t\t\t\t\t\t\t<p>\u00a0<\/p><h2><b>\u00bfEn Colombia estamos preparados para el Coronavirus? \ud83e\udda0<\/b><\/h2><p><img decoding=\"async\" class=\"alignnone size-full wp-image-3554\" src=\"https:\/\/www.doctoraki.com\/blog\/wp-content\/uploads\/2020\/02\/alerta-por-coronavirus-.jpg\" alt=\"brote de gripe \" width=\"1000\" height=\"558\" \/><\/p><p><span style=\"font-weight: 400;\">En la m\u00e1s reciente rueda de prensa, el ministro Gonz\u00e1lez sostuvo que el pa\u00eds <strong>s\u00ed est\u00e1 preparado para enfrentar la posible llegada del coronavirus.<\/strong> \u201cHemos dicho que en cualquier momento vamos a tener el primer caso de coronavirus en Colombia y estamos listos. Para la ciudadan\u00eda el mensaje es de tranquilidad y en insistir en que el lavado de manos y consultar fuentes de informaci\u00f3n adecuadas para mantener la calma son las mejores armas contra esta amenaza\u201d, concluy\u00f3.\u00a0<\/span><\/p><p>Respecto a los rumores sobre posibles casos confirmados de la enfermedad, el Ministerio de Salud confirm\u00f3 que a la fecha<strong> no existen casos positivos de COVID-19<\/strong> y que el riesgo sigue siendo moderado.<\/p><blockquote class=\"twitter-tweet\"><p dir=\"ltr\" lang=\"es\">No creas <a href=\"https:\/\/twitter.com\/hashtag\/MitosDelCoronavirus?src=hash&amp;ref_src=twsrc%5Etfw\" target=\"_blank\" rel=\"noopener\">#MitosDelCoronavirus<\/a> que afirman que Colombia est\u00e1 en alerta por casos confirmados de la enfermedad. A la fecha, en nuestro pa\u00eds no existen casos confirmados de COVID-19 y el riesgo sigue siendo moderado. <a href=\"https:\/\/t.co\/sCjkvR5uuN\">pic.twitter.com\/sCjkvR5uuN<\/a><\/p><p>\u2014 MinSaludCol (@MinSaludCol) <a href=\"https:\/\/twitter.com\/MinSaludCol\/status\/1233406209564254214?ref_src=twsrc%5Etfw\" target=\"_blank\" rel=\"noopener\">February 28, 2020<\/a><\/p><\/blockquote><p><script async src=\"https:\/\/platform.twitter.com\/widgets.js\" charset=\"utf-8\"><\/script><\/p><blockquote><p><b>\u201cNecesitamos de la poblaci\u00f3n dos cosas, que se laven las manos y que mantengan la calma\u201d, Iv\u00e1n Dar\u00edo Gonz\u00e1lez, ,ministro de Salud encargado.<\/b><\/p><\/blockquote><p><b>\ud83d\udd17<\/b><a href=\"https:\/\/www.doctoraki.com\/blog\/bienestar-y-salud\/lavado-de-manos-conozca-las-ventajas-que-tiene-para-la-salud\/\" target=\"_blank\" rel=\"noopener noreferrer\"><strong>Esta es la ciencia detr\u00e1s del lavado obligatorio de manos<\/strong><\/a><\/p><h2><b>\u00a1Cuida tu salud y prot\u00e9gete! \ud83d\ude37<\/b><\/h2><p><span style=\"font-weight: 400;\">Aunque la intenci\u00f3n no es generar p\u00e1nico,<\/span> <span style=\"font-weight: 400;\">la Secretar\u00eda de Salud de Bogot\u00e1 pidi\u00f3 reforzar medidas de prevenci\u00f3n. Estas son algunas de sus recomendaciones para reducir el riesgo de contagio de una infecci\u00f3n respiratoria, entre ellas el coronavirus:<\/span><\/p><p><img decoding=\"async\" class=\"wp-image-3570 aligncenter\" src=\"https:\/\/www.doctoraki.com\/blog\/wp-content\/uploads\/2020\/02\/medidas-para-prevenir-el-coronavirus.jpg\" alt=\"pieza con ocho recomendaciones para prevenir el coronavirus\" width=\"400\" height=\"982\" \/><\/p><h2><b>Sobre los colombianos repatriados \ud83c\udde8\ud83c\uddf4<\/b><\/h2><p><span style=\"font-weight: 400;\">A las 10:37 pm del jueves 27 de febrero, aterriz\u00f3 la aeronave que transport\u00f3 desde Wuhan (China) a los 15 colombianos repatriados, adem\u00e1s de\u00a0 11 integrantes de la tripulaci\u00f3n (Fuerza A\u00e9rea), siete encargados de la parte asistencial (Cruz Roja) y epidemiol\u00f3gica (Instituto Nacional de Salud) y dos funcionarios de la Canciller\u00eda.<\/span><\/p><blockquote><p><b>Desde enero Bogot\u00e1 ha atendido 58 casos sospechosos de coronavirus.\u00a0<\/b><\/p><\/blockquote><p><span style=\"font-weight: 400;\">Una vez llegaron a Catam fueron trasladados a las instalaciones de la <strong>Villa Deportiva del Centro de Alto Rendimiento<\/strong>, ubicado en la carrera 60 con calle 63 en Bogot\u00e1,<\/span><span style=\"font-weight: 400;\"> donde<\/span><span style=\"font-weight: 400;\"> cumplir\u00e1n su periodo de cuarentena para confirmar y descartar que est\u00e9n contagiados.<\/span><\/p><p><span style=\"font-weight: 400;\">A trav\u00e9s de un tweet la<a href=\"http:\/\/www.saludcapital.gov.co\/Paginas2\/Inicio.aspx\" target=\"_blank\" rel=\"noopener noreferrer\"><strong> Secretaria Distrital de Salud<\/strong> <\/a>inform\u00f3: \u201cAl llegar a Bogot\u00e1, a todos se les realizaron pruebas y ninguno present\u00f3 s\u00edntomas. Desde su llegada estar\u00e1n 14 d\u00edas en aislamiento preventivo con el fin de realizar seguimiento epidemiol\u00f3gico\u201d.<\/span><\/p><blockquote class=\"twitter-tweet\"><p dir=\"ltr\" lang=\"es\"><a href=\"https:\/\/twitter.com\/hashtag\/QueNoSeContagieLaDesinformaci%C3%B3n?src=hash&amp;ref_src=twsrc%5Etfw\" target=\"_blank\" rel=\"noopener\">#QueNoSeContagieLaDesinformaci\u00f3n<\/a><\/p><p>Al llegar a Bogot\u00e1, a todos se les realizaron pruebas y ninguno present\u00f3 s\u00edntomas. Desde su llegada estar\u00e1n 14 d\u00edas en aislamiento preventivo con el fin de realizar seguimiento epidemiol\u00f3gico <a href=\"https:\/\/t.co\/5ejjdPa0GT\">pic.twitter.com\/5ejjdPa0GT<\/a><\/p><p>\u2014 Secretar\u00eda Distrital de Salud (@SectorSalud) <a href=\"https:\/\/twitter.com\/SectorSalud\/status\/1233385893010034688?ref_src=twsrc%5Etfw\" target=\"_blank\" rel=\"noopener\">February 28, 2020<\/a><\/p><\/blockquote><p><script async src=\"https:\/\/platform.twitter.com\/widgets.js\" charset=\"utf-8\"><\/script><\/p><p><span style=\"font-weight: 400;\">El <\/span><span style=\"font-weight: 400;\">complejo tiene 4.916 metros cuadrados y <strong>cuenta con capacidad para albergar a 112 personas en 48 habitaciones,<\/strong> las cuales ya est\u00e1n capacitadas con personal de Ministerio de Salud y la Secretar\u00eda de Salud. <\/span><span style=\"font-weight: 400;\">\u201cDurante varias semanas el gobierno colombiano ha venido preparando una operaci\u00f3n de alto nivel para traer de regreso a casa a las personas colombianas\u201d, asegur\u00f3 Gonz\u00e1lez.\u00a0<\/span><\/p><p style=\"text-align: center;\"><b><i>\u2026<\/i><\/b><\/p><p><i>El contenido anterior \u00fanicamente tiene car\u00e1cter\u00a0<\/i><b><i>educativo e informativo<\/i><\/b><i>\u00a0y ha sido desarrollado con\u00a0<\/i><b><i>fuentes m\u00e9dicas confiables y recomendaciones de expertos en salud.\u00a0<\/i><\/b><i>Si te sientes identificado con alg\u00fan s\u00edntoma, t\u00e9rmino m\u00e9dico descrito o eres un paciente,\u00a0<\/i><b><i>te recomendamos consultar a tu m\u00e9dico.\u00a0<\/i><\/b><\/p><p><i>Recuerda que en\u00a0<\/i><a href=\"https:\/\/www.doctoraki.com\/\" target=\"_blank\" rel=\"noopener\"><b><i>DoctorAk\u00ed<\/i><\/b><\/a>\u00a0<i>tambi\u00e9n puedes\u00a0<\/i><b><i>pedir una cita m\u00e9dica\u00a0<\/i><\/b><i>con el especialista que prefieras de la red de m\u00e9dicos inscritos.<\/i><\/p><p>https:\/\/www.doctoraki.com\/blog\/nutricion\/6-consejos-para-cambiar-tus-habitos-alimenticios\/<\/p>\t\t\t\t\t\t\t\t<\/div>\n\t\t\t\t<\/div>\n\t\t\t\t\t<\/div>\n\t\t\t\t<\/div>\n\t\t\t\t<\/div>\n\t\t","protected":false},"excerpt":{"rendered":"<p>La llegada del virus a Am\u00e9rica Latina ha encendido las alarmas en el pa\u00eds.. \u00a1Te ense\u00f1amos a protegerte a ti y a tu familia del coronavirus! \ud83e\udda0<\/p>\n","protected":false},"author":14,"featured_media":0,"comment_status":"open","ping_status":"closed","sticky":false,"template":"","format":"standard","meta":{"footnotes":""},"categories":[84],"tags":[47,171,191,177],"class_list":["post-40471","post","type-post","status-publish","format-standard","hentry","category-bienestar-y-salud","tag-consejos-de-salud","tag-enfermedades-del-sistema-respiratorio","tag-seguro-de-salud-integral","tag-virus"],"_links":{"self":[{"href":"https:\/\/www.segurosbolivar.com\/blog\/wp-json\/wp\/v2\/posts\/40471","targetHints":{"allow":["GET"]}}],"collection":[{"href":"https:\/\/www.segurosbolivar.com\/blog\/wp-json\/wp\/v2\/posts"}],"about":[{"href":"https:\/\/www.segurosbolivar.com\/blog\/wp-json\/wp\/v2\/types\/post"}],"author":[{"embeddable":true,"href":"https:\/\/www.segurosbolivar.com\/blog\/wp-json\/wp\/v2\/users\/14"}],"replies":[{"embeddable":true,"href":"https:\/\/www.segurosbolivar.com\/blog\/wp-json\/wp\/v2\/comments?post=40471"}],"version-history":[{"count":7,"href":"https:\/\/www.segurosbolivar.com\/blog\/wp-json\/wp\/v2\/posts\/40471\/revisions"}],"predecessor-version":[{"id":46533,"href":"https:\/\/www.segurosbolivar.com\/blog\/wp-json\/wp\/v2\/posts\/40471\/revisions\/46533"}],"wp:attachment":[{"href":"https:\/\/www.segurosbolivar.com\/blog\/wp-json\/wp\/v2\/media?parent=40471"}],"wp:term":[{"taxonomy":"category","embeddable":true,"href":"https:\/\/www.segurosbolivar.com\/blog\/wp-json\/wp\/v2\/categories?post=40471"},{"taxonomy":"post_tag","embeddable":true,"href":"https:\/\/www.segurosbolivar.com\/blog\/wp-json\/wp\/v2\/tags?post=40471"}],"curies":[{"name":"wp","href":"https:\/\/api.w.org\/{rel}","templated":true}]}}