{"id":3711,"date":"2020-11-20T09:11:03","date_gmt":"2020-11-20T14:11:03","guid":{"rendered":"https:\/\/www.segurosbolivar.com\/blog\/?p=3711"},"modified":"2026-02-17T08:21:48","modified_gmt":"2026-02-17T13:21:48","slug":"vuelos-internacionales-y-nacionales-es-necesaria-la-prueba-de-covid","status":"publish","type":"post","link":"https:\/\/www.segurosbolivar.com\/blog\/bienestar-y-salud\/vuelos-internacionales-y-nacionales-es-necesaria-la-prueba-de-covid\/","title":{"rendered":"\u00a1Lleg\u00f3 la hora de volver a viajar!  Lo que debe saber sobre la prueba del Covid -19"},"content":{"rendered":"<p><span style=\"font-weight: 400;\">Con la reactivaci\u00f3n de los vuelos nacionales e internacionales<strong>, las ganas de viajar y cruzar fronteras cada vez son m\u00e1s grandes.<\/strong>\u00a0 Seg\u00fan <\/span><a href=\"https:\/\/www.migracioncolombia.gov.co\/noticias\/es-inadmisible-que-una-persona-a-sabiendas-que-tiene-covid-decida-abordar-un-vuelo-y-poner-en-peligro-a-todo-un-pais-director-de-migracion-colombia\" target=\"_blank\" rel=\"noopener noreferrer\"><b>informaci\u00f3n<\/b><\/a><span style=\"font-weight: 400;\"> de Migraci\u00f3n Colombia, d<\/span><span style=\"font-weight: 400;\">esde el 19 de septiembre hasta el 30 de octubre han ingresado al territorio nacional m\u00e1s de 100 mil viajeros.\u00a0<\/span><\/p>\n<p><span style=\"font-weight: 400;\">Ya sea que vaya a visitar a su familia a Miami, que tenga un viaje de negocios en Ecuador o que quiera tomar unas merecidas vacaciones en Canc\u00fan (M\u00e9xico), es importante que tenga en cuenta esta informaci\u00f3n para evitar inconvenientes.\u00a0<strong> \u00a1Lo m\u00e1s importante es su seguridad y tranquilidad!<\/strong>\u00a0<\/span><!-- CSS (a\u00f1\u00e1delo en tu <head> o en tu CSS global) --><\/p>\n<p><!-- Estructura HTML --><\/p>\n<div class=\"custom-iframe-container\"><\/div>\n<h2><b>\u00bfC\u00f3mo saber si necesita la prueba del Covid-19?\u00a0<\/b><\/h2>\n<p><span style=\"font-weight: 400;\">Buscar el vuelo, coordinar el itinerario, reservar los hoteles\u2026 A esos detalles de organizaci\u00f3n que, por lo general, requiere un viaje,<strong> surgi\u00f3 un nuevo \u00edtem a revisar: la prueba del Covid. 19.<\/strong>\u00a0 \u00a1Revise estos consejos para que no se lleve ninguna sorpresa en el aeropuerto!<\/span><\/p>\n<blockquote>\n<p style=\"text-align: center;\"><em><b>\u00a0De acuerdo a cifras de Migraci\u00f3n Colombia m\u00e1s de 380 <\/b><\/em><b><em>viajeros han sido inadmitidos por no cumplir con los requisitos de ingreso establecidos en el pa\u00eds<\/em>.<\/b><\/p>\n<\/blockquote>\n<p><strong><em>Tambi\u00e9n puede leer: <\/em><a href=\"https:\/\/www.segurosbolivar.com\/blog\/tendencias\/consejos-para-viajar-durante-covid-19\/\" target=\"_blank\" rel=\"noopener noreferrer\">Recomendaciones para viajar en \u00e9poca de Covid-19<\/a><\/strong><\/p>\n<ul>\n<li>\n<h3><b>Verifique el destino\u00a0<\/b><\/h3>\n<\/li>\n<\/ul>\n<p><span style=\"font-weight: 400;\">Ya sea que elija alg\u00fan lugar paradis\u00edaco en el pa\u00eds o que decida cruzar fronteras, lo m\u00e1s importante es que\u00a0 revise si necesita o no la prueba.\u00a0<\/span><\/p>\n<p><span style=\"font-weight: 400;\">En el caso de Colombia\u00a0 y seg\u00fan informaci\u00f3n del Ministerio de Salud,<strong> solo se necesita si va a viajar al departamento de Vichada<\/strong>, esto teniendo en cuenta la Resoluci\u00f3n 1517 del 1 de septiembre 2020 que establece que se requiere prueba para los viajeros que necesiten ir los departamentos con una tasa de contagio de covid-19 menor a 1.000 por 100.000 habitantes y cuya principal v\u00eda de acceso desde otros departamentos sea a\u00e9rea.<\/span><\/p>\n<blockquote>\n<p style=\"text-align: center;\"><b>\u00bfEstados Unidos, M\u00e9xico o Per\u00fa? Si va a salir del pa\u00eds, es importante que arribe al aeropuerto m\u00ednimo tres horas antes del abordaje del vuelo.<\/b><\/p>\n<\/blockquote>\n<h2><b>\u00bfY en el exterior?\u00a0<\/b><\/h2>\n<p><span style=\"font-weight: 400;\">Todo depender\u00e1 del destino, pues los requisitos var\u00edan de un pa\u00eds a otro. Lo mejor es ponerse en contacto con su aerol\u00ednea para que le brinden la informaci\u00f3n que necesita. \u00a1Aseg\u00farese de averiguar todo lo que necesita con anticipaci\u00f3n!<\/span><\/p>\n<ul>\n<li>\n<h3><b>Un paso obligatorio\u00a0<\/b><\/h3>\n<\/li>\n<\/ul>\n<p><span style=\"font-weight: 400;\">Para entrar o salir del pa\u00eds es importante que diligencie el<\/span><a href=\"https:\/\/apps.migracioncolombia.gov.co\/pre-registro\/public\/preregistro.jsf\" target=\"_blank\" rel=\"noopener\"> <b>Check &#8211; Mig<\/b><\/a><span style=\"font-weight: 400;\"> de Migraci\u00f3n Colombia 24 horas antes de su vuelo para facilitar el proceso de inmigraci\u00f3n. Tambi\u00e9n es importante que verifique la cobertura de su seguro de salud fuera de Colombia, pues algunos pa\u00edses lo exigen.<\/span><\/p>\n<blockquote>\n<p style=\"text-align: center;\"><img fetchpriority=\"high\" decoding=\"async\" class=\"alignnone wp-image-3720\" src=\"https:\/\/d9b6rardqz97a.cloudfront.net\/blog\/wp-content\/uploads\/2020\/11\/10105552\/Prueba-covid-19-en-vuelos-nacionales-e-internacionales--300x199.jpg\" alt=\"Pareja esperando en un aeropuerto - Prueba covid-19\" width=\"600\" height=\"397\" srcset=\"https:\/\/d9b6rardqz97a.cloudfront.net\/blog\/wp-content\/uploads\/2020\/11\/10105552\/Prueba-covid-19-en-vuelos-nacionales-e-internacionales--300x199.jpg 300w, https:\/\/d9b6rardqz97a.cloudfront.net\/blog\/wp-content\/uploads\/2020\/11\/10105552\/Prueba-covid-19-en-vuelos-nacionales-e-internacionales--1024x678.jpg 1024w, https:\/\/d9b6rardqz97a.cloudfront.net\/blog\/wp-content\/uploads\/2020\/11\/10105552\/Prueba-covid-19-en-vuelos-nacionales-e-internacionales--768x509.jpg 768w, https:\/\/d9b6rardqz97a.cloudfront.net\/blog\/wp-content\/uploads\/2020\/11\/10105552\/Prueba-covid-19-en-vuelos-nacionales-e-internacionales--1536x1017.jpg 1536w, https:\/\/d9b6rardqz97a.cloudfront.net\/blog\/wp-content\/uploads\/2020\/11\/10105552\/Prueba-covid-19-en-vuelos-nacionales-e-internacionales--2048x1356.jpg 2048w, https:\/\/d9b6rardqz97a.cloudfront.net\/blog\/wp-content\/uploads\/2020\/11\/10105552\/Prueba-covid-19-en-vuelos-nacionales-e-internacionales--1080x715.jpg 1080w\" sizes=\"(max-width: 600px) 100vw, 600px\" \/><\/p>\n<\/blockquote>\n<ul>\n<li>\n<h3><b>\u00a1En su celular!\u00a0<\/b><\/h3>\n<\/li>\n<\/ul>\n<p><span style=\"font-weight: 400;\">Instale y <\/span><span style=\"font-weight: 400;\">mantenga actualizada la aplicaci\u00f3n \u2018CoronApp\u2019, pues se le pedir\u00e1 tanto en aeropuertos como en otros lugares. \u00a1Convierta a esta App en una de sus favoritas, pues <\/span>tiene como objetivo cuidar su salud y la de su familia!<\/p>\n<ul>\n<li>\n<h3><b>Antes, durante y despu\u00e9s del vuelo&#8230;\u00a0<\/b><\/h3>\n<\/li>\n<\/ul>\n<p><span style=\"font-weight: 400;\">Recuerde atacar las disposiciones y protocolos implementados por las autoridades aeron\u00e1uticas durante el vuelo y el arribo a Colombia. El Ministerio de Salud recomienda llevar varios tapabocas para reemplazarlos durante el viaje y adem\u00e1s,\u00a0 evitar en lo posible el uso del ba\u00f1o en vuelos de menos de dos horas.<\/span><\/p>\n<blockquote>\n<p style=\"text-align: center;\"><b>El <a href=\"https:\/\/ccs.org.co\/\" target=\"_blank\" rel=\"noopener noreferrer\">Consejo Colombiano de Seguridad (CCS)<\/a> recomienda la importancia de conservar las distancias en los aeropuertos y cabinas.<\/b><\/p>\n<\/blockquote>\n<p><em><strong>Tambi\u00e9n puede leer:<\/strong><\/em> <strong><a href=\"https:\/\/www.segurosbolivar.com\/blog\/prevencion\/como-es-la-reactivacion-del-turismo-en-colombia\/\" target=\"_blank\" rel=\"noopener noreferrer\">Turismo sin contagios, \u00bfC\u00f3mo lograrlo?<\/a><\/strong><\/p>\n<ul>\n<li>\n<h3><b>Un regreso exitoso\u00a0<\/b><\/h3>\n<\/li>\n<\/ul>\n<p><span style=\"font-weight: 400;\">\u00bfEs hora de volver de unos d\u00edas felices de vacaciones o de una productiva semana laboral?\u00a0 Hace unos d\u00edas, el <a href=\"https:\/\/www.minsalud.gov.co\/Paginas\/Gobierno-Nacional-elimina-requisito-de-prueba-covid-19-a-viajeros-hacia-Colombia.aspx#:~:text=Gobierno%20Nacional%20elimina%20requisito%20de%20prueba%20covid%2D19%20a%20viajeros%20hac%C3%ADa%20Colombia,-Ministerio%20de%20Salud&amp;text=%2D%20Ya%20no%20se%20exigir%C3%A1%20prueba,pasajeros%20que%20ingresen%20a%20Colombia.\" target=\"_blank\" rel=\"noopener noreferrer\"><strong>Gobierno Nacional<\/strong> <\/a><strong>elimin\u00f3 el requisito de tener un resultado negativo de prueba PCR<\/strong> (con hasta 96 horas de anterioridad al vuelo) para aquellos viajeros que necesitaran llegar a Colombia.\u00a0<\/span><\/p>\n<p><span style=\"font-weight: 400;\">Juli\u00e1n Fern\u00e1ndez Ni\u00f1o, director (e) de Epidemiologia y Demograf\u00eda del Ministerio de Salud, asegur\u00f3 que: \u201clos requisitos previos al vuelo son, en primera medida, <strong>no presentar fiebre o s\u00edntomas respiratorios asociados al covid-19.<\/strong> De igual manera, se impedir\u00e1 el abordaje a aquellos viajeros que no hayan diligenciado previamente la aplicaci\u00f3n Check\u2013 Mig\u201d, explic\u00f3.\u00a0<\/span><\/p>\n<p><a href=\"https:\/\/digital.experienciasbolivar.segurosbolivar.com\/seguro-salud-integral?utm_source=Autopauta&amp;utm_medium=Blog_banner_interno&amp;utm_campaign=BG_salud_3711\" target=\"_blank\" rel=\"noopener\"><img decoding=\"async\" class=\"aligncenter wp-image-14908 size-full\" src=\"https:\/\/d9b6rardqz97a.cloudfront.net\/blog\/wp-content\/uploads\/2022\/07\/09115857\/700x200-Seguro-Salud-Integral.jpg\" alt=\"\" width=\"700\" height=\"200\" srcset=\"https:\/\/d9b6rardqz97a.cloudfront.net\/blog\/wp-content\/uploads\/2022\/07\/09115857\/700x200-Seguro-Salud-Integral.jpg 700w, https:\/\/d9b6rardqz97a.cloudfront.net\/blog\/wp-content\/uploads\/2022\/07\/09115857\/700x200-Seguro-Salud-Integral-300x86.jpg 300w\" sizes=\"(max-width: 700px) 100vw, 700px\" \/><\/a><\/p>\n<ul>\n<li>\n<h3><b>\u00bfEs necesario hacer cuarentena al regreso?\u00a0<\/b><\/h3>\n<\/li>\n<\/ul>\n<p><span style=\"font-weight: 400;\">No. Sin embargo, las aerol\u00edneas deber\u00e1n informar a los pasajeros que lleguen a\u00a0 Colombia que ser\u00e1n objeto de seguimiento por parte de su asegurador,\u00a0 secretar\u00eda de Salud o a trav\u00e9s del Centro de Contacto Nacional de Rastreo CCNR.<strong> Si presenta\u00a0 s\u00edntomas sospechosos al covid-19 durante los 14 d\u00edas posteriores a su viaje,<\/strong> debe reportarlos ante estas instituciones.<\/span><\/p>\n<p><span style=\"font-weight: 400;\">Ahora que es posible volver a viajar, teniendo desde luego, todas<\/span><a href=\"https:\/\/www.segurosbolivar.com\/comunicaciones\/724-recomendaciones-para-viajar-seguros-1020\/index.php\" target=\"_blank\" rel=\"noopener noreferrer\"><b> las medidas de bioseguridad,<\/b><\/a><span style=\"font-weight: 400;\"> cu\u00e9ntenos a trav\u00e9s de nuestras redes sociales, \u00bftiene alg\u00fan viaje planeado? \u00bfQu\u00e9 destino planea visitar? En<a href=\"https:\/\/www.segurosbolivar.com\/?autopauta=Ambos_Link_3711_Seguros_Bolivar\" target=\"_blank\" rel=\"noopener noreferrer\"><strong> Seguros Bol\u00edvar<\/strong><\/a> creemos que #ConTranquilidadPodemos seguir adelante, cuid\u00e1ndonos y protegiendo a nuestra familia.\u00a0<\/span><\/p>\n<table style=\"width: 100%;\" cellspacing=\"0\" cellpadding=\"0\" align=\"center\">\n<tbody>\n<tr style=\"text-align: center; font-family: Open Sans, sans-serif;\">\n<td style=\"padding-bottom: 24px; color: #29292a; font-size: 18px; font-weight: 600;\">\u00bfQu\u00e9 tan \u00fatil le pareci\u00f3 este contenido?<\/td>\n<\/tr>\n<tr style=\"text-align: center;\">\n<td>\n<table style=\"width: 100%; max-width: 400px; margin: auto;\" cellspacing=\"0\" cellpadding=\"0\">\n<tbody>\n<tr>\n<td><a style=\"text-decoration: none;\" href=\"https:\/\/survey.survicate.com\/1aa256dae6362312\/?pieza=1728_recomendaciones_salir_casa_pandemia|Bienestar y Salud|&amp;aid=2510313\" target=\"_blank\" rel=\"nofollow noopener\"> <img decoding=\"async\" style=\"width: 32px; height: 32px;\" src=\"https:\/\/image.experienciasbolivar.segurosbolivar.com\/lib\/fe3511747364047b751475\/m\/1\/7d675113-0e03-409d-944b-3b06b10fb55e.png\" \/> <\/a><\/td>\n<td><a style=\"text-decoration: none;\" href=\"https:\/\/survey.survicate.com\/1aa256dae6362312\/?pieza=1728_recomendaciones_salir_casa_pandemia|Bienestar y Salud|&amp;aid=2510314\" target=\"_blank\" rel=\"nofollow noopener\"> <img decoding=\"async\" style=\"width: 32px; height: 32px;\" src=\"https:\/\/image.experienciasbolivar.segurosbolivar.com\/lib\/fe3511747364047b751475\/m\/1\/2cceee11-e12d-4873-bb48-569d2d4afe2d.png\" \/> <\/a><\/td>\n<td><a style=\"text-decoration: none;\" href=\"https:\/\/survey.survicate.com\/1aa256dae6362312\/?pieza=1728_recomendaciones_salir_casa_pandemia|Bienestar y Salud|&amp;aid=2510315\" target=\"_blank\" rel=\"nofollow noopener\"> <img decoding=\"async\" style=\"width: 32px; height: 32px;\" src=\"https:\/\/image.experienciasbolivar.segurosbolivar.com\/lib\/fe3511747364047b751475\/m\/1\/7553bd02-b4da-452e-9446-d80f342e8662.png\" \/> <\/a><\/td>\n<td><a style=\"text-decoration: none;\" href=\"https:\/\/survey.survicate.com\/1aa256dae6362312\/?pieza=1728_recomendaciones_salir_casa_pandemia|Bienestar y Salud|&amp;aid=2510316\" target=\"_blank\" rel=\"nofollow noopener\"> <img decoding=\"async\" style=\"width: 32px; height: 32px;\" src=\"https:\/\/image.experienciasbolivar.segurosbolivar.com\/lib\/fe3511747364047b751475\/m\/1\/1aa041a1-6fa1-4da5-8ce4-099bda589a6d.png\" \/> <\/a><\/td>\n<td><a style=\"text-decoration: none;\" href=\"https:\/\/survey.survicate.com\/1aa256dae6362312\/?pieza=1728_recomendaciones_salir_casa_pandemia|Bienestar y Salud|&amp;aid=2510317\" target=\"_blank\" rel=\"nofollow noopener\"> <img decoding=\"async\" style=\"width: 32px; height: 32px;\" src=\"https:\/\/image.experienciasbolivar.segurosbolivar.com\/lib\/fe3511747364047b751475\/m\/1\/237d20e9-0b59-4c8a-8a44-8733a91bb3e1.png\" \/> <\/a><\/td>\n<\/tr>\n<\/tbody>\n<\/table>\n<\/td>\n<\/tr>\n<\/tbody>\n<\/table>\n","protected":false},"excerpt":{"rendered":"<p>Para ingresar a Colombia la prueba del Covid- 19 ya no es obligatoria, mientras que para salir depender\u00e1 del destino elegido.<\/p>\n","protected":false},"author":14,"featured_media":3715,"comment_status":"closed","ping_status":"open","sticky":false,"template":"","format":"standard","meta":{"footnotes":""},"categories":[84],"tags":[59,34,47,37,38,191],"class_list":["post-3711","post","type-post","status-publish","format-standard","has-post-thumbnail","hentry","category-bienestar-y-salud","tag-bienestar-bolivar","tag-bienestar-de-la-familia","tag-consejos-de-salud","tag-habitos-saludables","tag-medidas-de-prevencion","tag-seguro-de-salud-integral"],"_links":{"self":[{"href":"https:\/\/www.segurosbolivar.com\/blog\/wp-json\/wp\/v2\/posts\/3711","targetHints":{"allow":["GET"]}}],"collection":[{"href":"https:\/\/www.segurosbolivar.com\/blog\/wp-json\/wp\/v2\/posts"}],"about":[{"href":"https:\/\/www.segurosbolivar.com\/blog\/wp-json\/wp\/v2\/types\/post"}],"author":[{"embeddable":true,"href":"https:\/\/www.segurosbolivar.com\/blog\/wp-json\/wp\/v2\/users\/14"}],"replies":[{"embeddable":true,"href":"https:\/\/www.segurosbolivar.com\/blog\/wp-json\/wp\/v2\/comments?post=3711"}],"version-history":[{"count":36,"href":"https:\/\/www.segurosbolivar.com\/blog\/wp-json\/wp\/v2\/posts\/3711\/revisions"}],"predecessor-version":[{"id":46571,"href":"https:\/\/www.segurosbolivar.com\/blog\/wp-json\/wp\/v2\/posts\/3711\/revisions\/46571"}],"wp:featuredmedia":[{"embeddable":true,"href":"https:\/\/www.segurosbolivar.com\/blog\/wp-json\/wp\/v2\/media\/3715"}],"wp:attachment":[{"href":"https:\/\/www.segurosbolivar.com\/blog\/wp-json\/wp\/v2\/media?parent=3711"}],"wp:term":[{"taxonomy":"category","embeddable":true,"href":"https:\/\/www.segurosbolivar.com\/blog\/wp-json\/wp\/v2\/categories?post=3711"},{"taxonomy":"post_tag","embeddable":true,"href":"https:\/\/www.segurosbolivar.com\/blog\/wp-json\/wp\/v2\/tags?post=3711"}],"curies":[{"name":"wp","href":"https:\/\/api.w.org\/{rel}","templated":true}]}}