{"id":1906,"date":"2024-09-18T08:00:19","date_gmt":"2024-09-18T13:00:19","guid":{"rendered":"https:\/\/www.segurosbolivar.com\/blog\/?p=1906"},"modified":"2026-02-17T10:22:02","modified_gmt":"2026-02-17T15:22:02","slug":"que-provoca-el-estres-laboral","status":"publish","type":"post","link":"https:\/\/www.segurosbolivar.com\/blog\/bienestar-y-salud\/que-provoca-el-estres-laboral\/","title":{"rendered":"Estr\u00e9s laboral, \u00bfpor qu\u00e9 se produce?"},"content":{"rendered":"<p><strong>E<\/strong><b>l estr\u00e9s laboral es uno de los problemas de salud que est\u00e1 tomando m\u00e1s relevancia en el mundo empresarial<\/b><span style=\"font-weight: 400;\">. Cada vez son m\u00e1s los empleados que sufren de esta condici\u00f3n. Prevenirlo garantiza que se mantenga en sus empleados un adecuado nivel de salud, tanto f\u00edsico como mental. En\u00a0<strong><a href=\"https:\/\/www.segurosbolivar.com\/?autopauta=Ambos_Link_1906_seguros_bolivar_Inicio_\" target=\"_blank\" rel=\"noopener\">Seguros Bol\u00edvar<\/a>\u00a0<\/strong>le contamos algunas pautas para tener en cuenta y saber manejar adecuadamente el estr\u00e9s laboral.\u00a0<\/span><\/p>\n<h2><b>\u00bfEn qu\u00e9 consiste?\u00a0<\/b><\/h2>\n<p><span style=\"font-weight: 400;\">El estr\u00e9s laboral <\/span><b>es una clara respuesta del organismo ante alguna situaci\u00f3n que la persona percibe como amenazante en su lugar de trabajo. <\/b><span style=\"font-weight: 400;\">Por consiguiente, aparecer\u00e1 una tensi\u00f3n que afectar\u00e1 todo el organismo y que puede provocar enfermedades graves o alteraciones en la salud.\u00a0<\/span><\/p>\n<p><b><span style=\"font-weight: 400;\">&#8220;<\/span><\/b><strong>El estr\u00e9s es una respuesta humana natural que nos impulsa a enfrentar los desaf\u00edos y amenazas en nuestras vidas<\/strong><b><span style=\"font-weight: 400;\">; es un estado de preocupaci\u00f3n o tensi\u00f3n mental provocado por una situaci\u00f3n laboral, personal familiar que no podemos manejar&#8221;, <\/span>explica \u00c1ngela Inmaculada Vides, asesora de proyectos y productos ARL Seguros Bol\u00edvar.<\/b><\/p>\n<p><span style=\"font-weight: 400;\">Por este motivo, seg\u00fan \u00c1ngela, todo el mundo experimenta estr\u00e9s en alg\u00fan grado. Sin embargo, <strong>la forma en que respondemos al estr\u00e9s marca una gran diferencia en nuestro bienestar general.<\/strong>\u00a0<\/span><\/p>\n<p><strong><em>Tambi\u00e9n puede leer: <\/em><\/strong><a href=\"https:\/\/www.segurosbolivar.com\/blog\/bienestar-laboral\/bolivar-conmigo-empresas-mas-bienestar-mejor-rendimiento\/\" target=\"_blank\" rel=\"noopener\"><strong>Bol\u00edvar Conmigo Empresas: equipos felices para un mejor desempe\u00f1o<\/strong><\/a><\/p>\n<blockquote>\n<p style=\"text-align: center;\"><strong><em>Seg\u00fan la <a href=\"http:\/\/apps.who.int\/iris\/bitstream\/handle\/10665\/42756\/9243590472.pdf;jsessionid=0AFB0F885A207979E61553CB4C84618C?sequence=1\" target=\"_blank\" rel=\"noopener noreferrer\">Organizaci\u00f3n Mundial de la Salud<\/a> \u201cEl estr\u00e9s laboral afecta negativamente a la salud psicol\u00f3gica y f\u00edsica de los trabajadores, y a la eficacia de las entidades para las que trabajan\u201d.<\/em><\/strong><\/p>\n<\/blockquote>\n<p><!-- CSS (a\u00f1\u00e1delo en tu <head> o en tu CSS global) --><\/p>\n<h2><b>\u00bfPor qu\u00e9 se produce?\u00a0<\/b><\/h2>\n<p><span style=\"font-weight: 400;\">Seg\u00fan el <\/span><a href=\"https:\/\/www.hospitalaleman.org.ar\/mujeres\/estres-laboral-por-que-se-produce\/#:~:text=B%C3%A1sicamente%20este%20tipo%20de%20estr%C3%A9s,Fatiga\" target=\"_blank\" rel=\"noopener noreferrer\"><b>Hospital Alem\u00e1n<\/b><\/a><span style=\"font-weight: 400;\"> , una de las razones m\u00e1s comunes por las que una persona puede sufrir estr\u00e9s laboral es la <\/span><b>sobrecarga en el trabajo, excesiva responsabilidad, y la sobrevaloraci\u00f3n de las tareas cotidianas de los empleados<\/b><span style=\"font-weight: 400;\">. Por ser temas que generan preocupaci\u00f3n, son denominados estresores directos, es decir, factores principales que pueden ocasionar estr\u00e9s laboral.\u00a0<\/span><\/p>\n<p><span style=\"font-weight: 400;\">La <b>Organizaci\u00f3n Mundial de la Salud<\/b>\u00a0explica que el estr\u00e9s laboral est\u00e1 relacionado con el <\/span><b>clima relacional, horarios largos e inflexibles, la falta de participaci\u00f3n en la toma de decisiones, trabajar con plazos demasiado estrictos o tareas mon\u00f3tonas o aburridas<\/b><span style=\"font-weight: 400;\">,.<\/span><\/p>\n<p><span style=\"font-weight: 400;\">Adicional, el <\/span><a href=\"https:\/\/www.mintrabajo.gov.co\/prensa\/comunicados\/2019\/julio\/bienestar-y-salud-mental-un-compromiso-de-mintrabajo-y-el-sector-publico\" target=\"_blank\" rel=\"noopener noreferrer\"><b>Ministerio de Trabajo<\/b><\/a><span style=\"font-weight: 400;\"> en Colombia afirma que los factores de riesgo para que una persona pueda ser diagnosticada con estr\u00e9s laboral han sido identificados por los mismos trabajadores, estos<\/span><b> factores son los ergon\u00f3micos y psicosociales<\/b><span style=\"font-weight: 400;\">.<\/span><\/p>\n<blockquote>\n<p style=\"text-align: center;\"><em><strong>El estr\u00e9s laboral es uno de los principales problemas para la salud de los trabajadores y el buen funcionamiento de las organizaciones para las que trabajan<\/strong><\/em><\/p>\n<\/blockquote>\n<p>Por su parte, cuenta \u00c1ngela Inmaculada Vides <span style=\"font-weight: 400;\">la <strong>Organizaci\u00f3n Internacional del Trabajo<\/strong> (OIT) define\u00a0 los factores de riesgo psicosocial como:\u00a0 \u201caquellas caracter\u00edsticas de las condiciones de trabajo que afectan a la salud de las personas a trav\u00e9s de mecanismos psicol\u00f3gicos y fisiol\u00f3gicos, a los que se llama estr\u00e9s\u201d.\u00a0<\/span><\/p>\n<p><strong><em>Tambi\u00e9n puede leer:<\/em> <a href=\"https:\/\/www.segurosbolivar.com\/blog\/mundo-empresarial\/como-crear-una-cultura-organizacional-fuerte-en-su-empresa\/\" target=\"_blank\" rel=\"noopener\">\u00bfC\u00f3mo crear una cultura organizacional fuerte en su empresa? Aqu\u00ed le contamos<\/a><\/strong><\/p>\n<h2><b>\u00bfCu\u00e1les son las consecuencias?\u00a0<\/b><\/h2>\n<p><span style=\"font-weight: 400;\">Por lo general, cuando hablamos de estr\u00e9s se toma a la ligera, teniendo en cuenta que este es un t\u00e9rmino com\u00fan en el vocabulario de todas las personas, pero que <\/span><b>puede traer consecuencias graves en la salud si no se le presta la atenci\u00f3n adecuada<\/b><span style=\"font-weight: 400;\">.\u00a0<\/span><\/p>\n<p><span style=\"font-weight: 400;\">Estas son <\/span><b>algunas consecuencias que el estr\u00e9s laboral puede ocasionar<\/b><span style=\"font-weight: 400;\">:\u00a0<\/span><\/p>\n<ul>\n<li style=\"font-weight: 400;\"><span style=\"font-weight: 400;\">Enfermedades graves y patolog\u00edas.<\/span><\/li>\n<li style=\"font-weight: 400;\"><span style=\"font-weight: 400;\">Problemas f\u00edsicos y cognitivos.<\/span><\/li>\n<li style=\"font-weight: 400;\"><span style=\"font-weight: 400;\">Trastornos variados, desde inmunol\u00f3gicos, psicol\u00f3gicos, hasta sexuales.<\/span><\/li>\n<\/ul>\n<p><span style=\"font-weight: 400;\">Adem\u00e1s, tambi\u00e9n<\/span><b>\u00a0afecta notoriamente el desempe\u00f1o de los empleados <\/b><span style=\"font-weight: 400;\">que lo padecen, como por ejemplo:\u00a0<\/span><\/p>\n<ul>\n<li style=\"font-weight: 400;\"><span style=\"font-weight: 400;\">Disminuci\u00f3n en su productividad.<\/span><\/li>\n<li style=\"font-weight: 400;\"><span style=\"font-weight: 400;\">Absentismo.<\/span><\/li>\n<li style=\"font-weight: 400;\"><span style=\"font-weight: 400;\">Rotaci\u00f3n de empleados, lo cual, no permite que se genere un buen ambiente laboral.\u00a0<\/span><\/li>\n<\/ul>\n<p>&#8220;<span style=\"font-weight: 400;\">Las empresas deben por lo tanto,\u00a0 evaluar las condiciones de riesgo psicosocial que tienen sus empleados y contribuir a la construcci\u00f3n de estrategias direccionadas al bienestar de los mismos; <strong>la responsabilidad de mitigar los efectos que pueden generarse como consecuencia inherente a las labores realizadas dentro de la organizaci\u00f3n&#8221;, <\/strong><\/span>recomienda \u00c1ngela Inmaculada Vides, asesora de proyectos y productos <a href=\"https:\/\/www.segurosbolivar.com\/arl?autopauta=Ambos_Link_1906_arl_Mitad__arl\" target=\"_blank\" rel=\"noopener\"><strong>ARL<\/strong><\/a> Seguros Bol\u00edvar.<\/p>\n<p><span style=\"font-weight: 400;\">Vides explica adem\u00e1s que en Colombia, existe una herramienta diagn\u00f3stica llamada <strong>Bater\u00eda de riesgo psicosocial<\/strong> que le permite a las empresas evaluar el riesgo intralaboral, extralaboral y el estr\u00e9s al que se enfrenta su colaborador en cualquier circunstancia.\u00a0<\/span><\/p>\n<p><strong><em>Tambi\u00e9n puede leer:<\/em> <a href=\"https:\/\/www.segurosbolivar.com\/blog\/bienestar-y-salud\/dia-mundial-de-la-salud-atencion-a-la-mente-y-el-cuerpo\/\" target=\"_blank\" rel=\"noopener\">D\u00eda Mundial de la Salud: Atenci\u00f3n a la mente y el cuerpo<\/a><\/strong><\/p>\n<p><iframe title=\"YouTube video player\" src=\"https:\/\/www.youtube.com\/embed\/GorhDWsx3DY\" width=\"700\" height=\"315\" frameborder=\"0\" allowfullscreen=\"allowfullscreen\"><span data-mce-type=\"bookmark\" style=\"display: inline-block; width: 0px; overflow: hidden; line-height: 0;\" class=\"mce_SELRES_start\">\ufeff<\/span><\/iframe><\/p>\n<h2>El estr\u00e9s laboral y su relaci\u00f3n con la vida personal<\/h2>\n<p>Seg\u00fan la Investigaci\u00f3n <em>\u00bfQu\u00e9 es el estr\u00e9s laboral y c\u00f3mo medirlo?<\/em>,\u00a0 en algunas ocasiones el estr\u00e9s laboral se extiende hasta la vida extralaboral, trayendo consecuencias negativas a nivel integral en la vida del trabajador. Existen casos donde le exigen al trabajador disponibilidad de tiempo completo, dejando de lado los momentos personales. <strong>Es por esto que le recomendamos tener un balance entre la vida personal y laboral, esto, a trav\u00e9s de horarios que le permitan desconectarse del trabajo.<\/strong><\/p>\n<h2><strong>S\u00edntomas\u00a0<\/strong><\/h2>\n<p><span style=\"font-weight: 400;\">Seg\u00fan la <\/span><a href=\"https:\/\/fundaciondelcorazon.com\/blog-impulso-vital\/2499-estres-laboral-no-dejes-que-entre-vida.html\" target=\"_blank\" rel=\"noopener noreferrer\"><b>Fundaci\u00f3n Espa\u00f1ola del Coraz\u00f3n<\/b><\/a> <b>las personas con estr\u00e9s laboral pueden sufrir cambios en su salud <\/b><span style=\"font-weight: 400;\">que\u00a0 se pueden observar e identificar f\u00e1cilmente, estos pueden ser:\u00a0<\/span><\/p>\n<ul>\n<li style=\"font-weight: 400;\"><span style=\"font-weight: 400;\">Cansancio f\u00edsico<\/span><\/li>\n<li style=\"font-weight: 400;\"><span style=\"font-weight: 400;\">Fatiga<\/span><\/li>\n<li style=\"font-weight: 400;\"><span style=\"font-weight: 400;\">Falta de energ\u00eda<\/span><\/li>\n<li style=\"font-weight: 400;\"><span style=\"font-weight: 400;\">Dificultad para concentrarse<\/span><\/li>\n<li style=\"font-weight: 400;\"><span style=\"font-weight: 400;\">Alteraciones del sue\u00f1o: insomnio e hipersomnia<\/span><\/li>\n<li style=\"font-weight: 400;\"><span style=\"font-weight: 400;\">Tristeza<\/span><\/li>\n<li style=\"font-weight: 400;\"><span style=\"font-weight: 400;\">Irritabilidad<\/span><\/li>\n<\/ul>\n<h2><b>Tips para prevenirlo<\/b><\/h2>\n<p><span style=\"font-weight: 400;\">Para prevenirlo, usted<\/span><b>\u00a0puede adoptar ciertas medidas, algunas de ellas son<\/b><span style=\"font-weight: 400;\">:\u00a0<\/span><\/p>\n<ul>\n<li style=\"font-weight: 400;\"><span style=\"font-weight: 400;\">Lleve una dieta equilibrada.\u00a0<\/span><\/li>\n<li style=\"font-weight: 400;\"><span style=\"font-weight: 400;\">Haga ejercicio f\u00edsico regularmente.<\/span><\/li>\n<li style=\"font-weight: 400;\"><span style=\"font-weight: 400;\">Descon\u00e9ctese completamente del trabajo cuando haya salido de la oficina o cuando acabe su horario laboral.<\/span><\/li>\n<li style=\"font-weight: 400;\"><span style=\"font-weight: 400;\">Trate de acostarse siempre temprano para dormir al menos seis horas.<\/span><\/li>\n<li style=\"font-weight: 400;\"><span style=\"font-weight: 400;\">Haga pausas activas durante su jornada laboral.\u00a0<\/span><\/li>\n<li style=\"font-weight: 400;\"><span style=\"font-weight: 400;\">Tome vacaciones, as\u00ed sea por periodos cortos, esto definitivamente ser\u00e1 un respiro.\u00a0<\/span><\/li>\n<\/ul>\n<h2><b>\u00bfCu\u00e1ndo debo consultar a un profesional de la salud?\u00a0<\/b><\/h2>\n<p><span style=\"font-weight: 400;\">El <\/span><a href=\"https:\/\/www.hospitalaleman.org.ar\/mujeres\/estres-laboral-por-que-se-produce\/#:~:text=B%C3%A1sicamente%20este%20tipo%20de%20estr%C3%A9s,Fatiga\" target=\"_blank\" rel=\"noopener noreferrer\"><b>Hospital Alem\u00e1n<\/b><\/a><span style=\"font-weight: 400;\"><strong> recomienda consultar consultar con un profesional cuando luego de una o dos semana agotadoras, la carga laboral disminuya pero usted siga sintiendo desgano o falta de energ\u00eda en su trabajo<\/strong>; lo cual significa que han empezado a notarse los signos de estr\u00e9s laboral.\u00a0<\/span><\/p>\n<p><span style=\"font-weight: 400;\">Todos podemos atravesar semanas, incluso \u00e9pocas con mucha carga de trabajo, sentirnos alterados, sin ganas de levantarnos o con dificultad para cumplir nuestras labores; <strong>pero el problema empieza cuando a pesar de haber pasado la situaci\u00f3n puntual que le generaba estr\u00e9s usted se sigue sintiendo igual<\/strong>.\u00a0<\/span><\/p>\n<p><a href=\"https:\/\/digital.experienciasbolivar.segurosbolivar.com\/seguro-salud-integral?utm_source=Autopauta&amp;utm_medium=Blog_banner_interno&amp;utm_campaign=BG_salud_1906\" target=\"_blank\" rel=\"noopener\"><img fetchpriority=\"high\" decoding=\"async\" class=\"aligncenter size-full wp-image-14908\" src=\"https:\/\/d9b6rardqz97a.cloudfront.net\/blog\/wp-content\/uploads\/2022\/07\/09115857\/700x200-Seguro-Salud-Integral.jpg\" alt=\"\" width=\"700\" height=\"200\" srcset=\"https:\/\/d9b6rardqz97a.cloudfront.net\/blog\/wp-content\/uploads\/2022\/07\/09115857\/700x200-Seguro-Salud-Integral.jpg 700w, https:\/\/d9b6rardqz97a.cloudfront.net\/blog\/wp-content\/uploads\/2022\/07\/09115857\/700x200-Seguro-Salud-Integral-300x86.jpg 300w\" sizes=\"(max-width: 700px) 100vw, 700px\" \/><\/a><\/p>\n<p><span style=\"font-weight: 400;\">Ahora que ya sabe que<strong> el estr\u00e9s laboral no debe tomarse a la ligera y que puede traer graves consecuencias para su salud f\u00edsica y mental. <\/strong>En<a href=\"https:\/\/www.segurosbolivar.com\/?autopauta=Ambos_Link_1906_Seguros_Bolivar_Cierre_\" target=\"_blank\" rel=\"noopener noreferrer\"><strong> Seguros Bol\u00edvar <\/strong><\/a>le recomendamos<strong> procurar tomarse un respiro si es necesario, hablar cuando lo necesite y pedir ayuda si la requiere<\/strong>. Tambi\u00e9n, lo invitamos a descargar nuestra aplicaci\u00f3n\u00a0<\/span><a href=\"https:\/\/www.segurosbolivar.com\/blog\/bienestar-laboral\/bolivar-conmigo-empresas-mas-bienestar-mejor-rendimiento\/\" target=\"_blank\" rel=\"noopener\"><strong>Bol\u00edvar Conmigo Empresas para alcanzar equipos m\u00e1s felices para un mejor desempe\u00f1o.<\/strong><\/a><strong>\u00a0 <\/strong><span style=\"font-weight: 400;\">En Seguros Bol\u00edvar, nos preocupamos por el bienestar de los trabajadores colombianos y sus familias.\u00a0<\/span><\/p>\n<table style=\"width: 100%;\" cellspacing=\"0\" cellpadding=\"0\" align=\"center\">\n<tbody>\n<tr style=\"text-align: center; font-family: Open Sans, sans-serif;\">\n<td style=\"padding-bottom: 24px; color: #29292a; font-size: 18px; font-weight: 600;\">\u00bfQu\u00e9 tan \u00fatil le pareci\u00f3 este contenido?<\/td>\n<\/tr>\n<tr style=\"text-align: center;\">\n<td>\n<table style=\"width: 100%; max-width: 400px; margin: auto;\" cellspacing=\"0\" cellpadding=\"0\">\n<tbody>\n<tr>\n<td><a style=\"text-decoration: none;\" href=\"https:\/\/survey.survicate.com\/1aa256dae6362312\/?pieza=1906_que_provoca_el_estres_laboral|Protecci\u00f3n ARL|Bienestar Laboral&amp;aid=2510313\" target=\"_blank\" rel=\"nofollow noopener\"> <img decoding=\"async\" style=\"width: 32px; height: 32px;\" src=\"https:\/\/image.experienciasbolivar.segurosbolivar.com\/lib\/fe3511747364047b751475\/m\/1\/7d675113-0e03-409d-944b-3b06b10fb55e.png\" \/> <\/a><\/td>\n<td><a style=\"text-decoration: none;\" href=\"https:\/\/survey.survicate.com\/1aa256dae6362312\/?pieza=1906_que_provoca_el_estres_laboral|Protecci\u00f3n ARL|Bienestar Laboral&amp;aid=2510314\" target=\"_blank\" rel=\"nofollow noopener\"> <img decoding=\"async\" style=\"width: 32px; height: 32px;\" src=\"https:\/\/image.experienciasbolivar.segurosbolivar.com\/lib\/fe3511747364047b751475\/m\/1\/2cceee11-e12d-4873-bb48-569d2d4afe2d.png\" \/> <\/a><\/td>\n<td><a style=\"text-decoration: none;\" href=\"https:\/\/survey.survicate.com\/1aa256dae6362312\/?pieza=1906_que_provoca_el_estres_laboral|Protecci\u00f3n ARL|Bienestar Laboral&amp;aid=2510315\" target=\"_blank\" rel=\"nofollow noopener\"> <img decoding=\"async\" style=\"width: 32px; height: 32px;\" src=\"https:\/\/image.experienciasbolivar.segurosbolivar.com\/lib\/fe3511747364047b751475\/m\/1\/7553bd02-b4da-452e-9446-d80f342e8662.png\" \/> <\/a><\/td>\n<td><a style=\"text-decoration: none;\" href=\"https:\/\/survey.survicate.com\/1aa256dae6362312\/?pieza=1906_que_provoca_el_estres_laboral|Protecci\u00f3n ARL|Bienestar Laboral&amp;aid=2510316\" target=\"_blank\" rel=\"nofollow noopener\"> <img decoding=\"async\" style=\"width: 32px; height: 32px;\" src=\"https:\/\/image.experienciasbolivar.segurosbolivar.com\/lib\/fe3511747364047b751475\/m\/1\/1aa041a1-6fa1-4da5-8ce4-099bda589a6d.png\" \/> <\/a><\/td>\n<td><a style=\"text-decoration: none;\" href=\"https:\/\/survey.survicate.com\/1aa256dae6362312\/?pieza=1906_que_provoca_el_estres_laboral|Protecci\u00f3n ARL|Bienestar Laboral&amp;aid=2510317\" target=\"_blank\" rel=\"nofollow noopener\"> <img decoding=\"async\" style=\"width: 32px; height: 32px;\" src=\"https:\/\/image.experienciasbolivar.segurosbolivar.com\/lib\/fe3511747364047b751475\/m\/1\/237d20e9-0b59-4c8a-8a44-8733a91bb3e1.png\" \/> <\/a><\/td>\n<\/tr>\n<\/tbody>\n<\/table>\n<\/td>\n<\/tr>\n<\/tbody>\n<\/table>\n<p>&nbsp;<\/p>\n<p>&nbsp;<\/p>\n","protected":false},"excerpt":{"rendered":"<p>Son muchas las personas que han sentido estr\u00e9s laboral en ocasiones, incluso a pesar de estar a gusto con su trabajo. Por eso, ac\u00e1 le contamos m\u00e1s sobre este tema. <\/p>\n","protected":false},"author":14,"featured_media":9722,"comment_status":"closed","ping_status":"closed","sticky":false,"template":"","format":"standard","meta":{"footnotes":""},"categories":[84],"tags":[59,35,47,49,38,69,39,191],"class_list":["post-1906","post","type-post","status-publish","format-standard","has-post-thumbnail","hentry","category-bienestar-y-salud","tag-bienestar-bolivar","tag-bienestar-personal","tag-consejos-de-salud","tag-empresas-en-colombia","tag-medidas-de-prevencion","tag-mente","tag-riesgos-laborales","tag-seguro-de-salud-integral"],"_links":{"self":[{"href":"https:\/\/www.segurosbolivar.com\/blog\/wp-json\/wp\/v2\/posts\/1906","targetHints":{"allow":["GET"]}}],"collection":[{"href":"https:\/\/www.segurosbolivar.com\/blog\/wp-json\/wp\/v2\/posts"}],"about":[{"href":"https:\/\/www.segurosbolivar.com\/blog\/wp-json\/wp\/v2\/types\/post"}],"author":[{"embeddable":true,"href":"https:\/\/www.segurosbolivar.com\/blog\/wp-json\/wp\/v2\/users\/14"}],"replies":[{"embeddable":true,"href":"https:\/\/www.segurosbolivar.com\/blog\/wp-json\/wp\/v2\/comments?post=1906"}],"version-history":[{"count":39,"href":"https:\/\/www.segurosbolivar.com\/blog\/wp-json\/wp\/v2\/posts\/1906\/revisions"}],"predecessor-version":[{"id":46761,"href":"https:\/\/www.segurosbolivar.com\/blog\/wp-json\/wp\/v2\/posts\/1906\/revisions\/46761"}],"wp:featuredmedia":[{"embeddable":true,"href":"https:\/\/www.segurosbolivar.com\/blog\/wp-json\/wp\/v2\/media\/9722"}],"wp:attachment":[{"href":"https:\/\/www.segurosbolivar.com\/blog\/wp-json\/wp\/v2\/media?parent=1906"}],"wp:term":[{"taxonomy":"category","embeddable":true,"href":"https:\/\/www.segurosbolivar.com\/blog\/wp-json\/wp\/v2\/categories?post=1906"},{"taxonomy":"post_tag","embeddable":true,"href":"https:\/\/www.segurosbolivar.com\/blog\/wp-json\/wp\/v2\/tags?post=1906"}],"curies":[{"name":"wp","href":"https:\/\/api.w.org\/{rel}","templated":true}]}}