{"id":16160,"date":"2025-07-04T12:49:08","date_gmt":"2025-07-04T17:49:08","guid":{"rendered":"https:\/\/www.segurosbolivar.com\/blog\/?p=16160"},"modified":"2025-07-04T12:51:30","modified_gmt":"2025-07-04T17:51:30","slug":"nueva-alianza-de-seguros-para-sector-empresarial-en-colombia","status":"publish","type":"post","link":"https:\/\/www.segurosbolivar.com\/blog\/sala-de-prensa\/nueva-alianza-de-seguros-para-sector-empresarial-en-colombia\/","title":{"rendered":"Generali Global Corporate &#038; Commercia y Seguros Bol\u00edvar se unen por la protecci\u00f3n empresarial"},"content":{"rendered":"<h5><em><span style=\"font-weight: 400;\">En la imagen de izquierda a derecha: John Jairo Gaviria Gonz\u00e1lez, VP Comercial Corredores Seguros Bol\u00edvar; Claudia Palazzino, HR Business Partner of GC&amp;C Mediterranean &amp; Latin America; Fabricio Porto Head of GC&amp;C LatAm, \u00c1lvaro Carrillo, Presidente de Seguros Bol\u00edvar; Patricia Puerta Head of GC&amp;C Mediterranean &amp; Latin America y Juan Manuel Barrera VP. Negocios Patrimoniales Seguros Bol\u00edvar.<\/span><\/em><\/h5>\n<ul>\n<li style=\"font-weight: 400;\" aria-level=\"1\"><i><span style=\"font-weight: 400;\">Generali Global Corporate &amp; Commercial y Seguros Bol\u00edvar anuncian un acuerdo de reaseguro que fortalecer\u00e1 la propuesta del mercado asegurador colombiano para el sector empresarial Large Corporate.\u00a0\u00a0<\/span><\/i><\/li>\n<li style=\"font-weight: 400;\" aria-level=\"1\"><i><span style=\"font-weight: 400;\">Las grandes empresas en Colombia podr\u00e1n acceder a una oferta integral de protecci\u00f3n\u00a0 con una soluci\u00f3n a medida, que proteja su patrimonio, acompa\u00f1\u00e1ndolas en la gesti\u00f3n de sus riesgos.\u00a0<\/span><\/i><\/li>\n<\/ul>\n<p><span style=\"font-weight: 400;\"><strong>Seguros Bol\u00edvar<\/strong> ha elegido a<\/span> <span style=\"font-weight: 400;\">Generali, una de las mayores compa\u00f1\u00edas aseguradoras y de gesti\u00f3n de activos en el mundo, como reasegurador estrat\u00e9gico en Colombia para consolidar una oferta de seguros corporativos de alto impacto. Este acuerdo<\/span><\/p>\n<p><span style=\"font-weight: 400;\">combina la solidez financiera, el conocimiento del mercado local y la reputaci\u00f3n de <a href=\"https:\/\/www.segurosbolivar.com\/?utm_source=Autopauta&amp;utm_medium=Blog_enlace&amp;utm_campaign=BG_bolivar_16160\" target=\"_blank\" rel=\"noopener\"><strong>Seguros Bol\u00edvar<\/strong><\/a>, con la capacidad y experiencia en el aseguramiento de grandes riesgos\u00a0 de Generali.\u00a0<\/span><\/p>\n<p><span style=\"font-weight: 400;\">Esta propuesta de valor, elevar\u00e1 el est\u00e1ndar del sector asegurador, impulsando la competitividad empresarial y apoyando el crecimiento econ\u00f3mico del pa\u00eds.<\/span><\/p>\n<p><strong><em>Tambi\u00e9n puede leer:<\/em> <a href=\"https:\/\/www.segurosbolivar.com\/blog\/sala-de-prensa\/mujeres-y-liderazgo-en-seguros-mas-empleo-e-inclusion\/\" target=\"_blank\" rel=\"noopener\">El sector asegurador impulsando el empleo y el liderazgo de las mujeres<\/a><\/strong><\/p>\n<h2><strong>Alianzas que fortalecen la confianza empresarial<\/strong><\/h2>\n<p><span style=\"font-weight: 400;\">Desde Generali, el acuerdo de reaseguro ser\u00e1 gestionado por Generali Global Corporate &amp; Commercial (GC&amp;C), la unidad de negocio del Grupo Generali que ofrece soluciones y servicios de seguros a empresas medianas y grandes en m\u00e1s de 180 pa\u00edses.<\/span><\/p>\n<p><span style=\"font-weight: 400;\">Este acuerdo de reaseguro permitir\u00e1 ofrecer soluciones integrales a grandes empresas con <strong>facturaci\u00f3n superior a 25 millones de euros, ofreci\u00e9ndoles p\u00f3lizas de seguro de Da\u00f1os, Responsabilidad Civil, Construcci\u00f3n, Cascos Mar\u00edtimos y Directores y Administradores.<\/strong> En <a href=\"https:\/\/www.segurosbolivar.com\/blog\/construccion\/\" target=\"_blank\" rel=\"noopener\"><strong>construcci\u00f3n<\/strong><\/a>, el enfoque estar\u00e1 en proyectos con valores superiores a 50 millones de euros. Adem\u00e1s, el acuerdo permite a Seguros Bol\u00edvar desarrollar soluciones a medida para empresas con presencia internacional, aprovechando la experiencia de Generali en gestionar programas globales, lo que se traduce en una gesti\u00f3n de riesgos local m\u00e1s eficiente y una protecci\u00f3n alineada con las necesidades espec\u00edficas de cada cliente.<\/span><\/p>\n<p><a href=\"https:\/\/www.segurosbolivar.com\/comunicaciones\/6267-pymes-ofertas-por-sector-0525\/?utm_source=Autopauta&amp;utm_medium=Blog_enlace&amp;utm_campaign=BG_pymes_16160\" target=\"_blank\" rel=\"noopener\"><img fetchpriority=\"high\" decoding=\"async\" class=\"aligncenter wp-image-15700 size-full\" src=\"https:\/\/d9b6rardqz97a.cloudfront.net\/blog\/wp-content\/uploads\/2025\/02\/29094439\/700x200-Tranquilidad-Pymes.jpg\" alt=\"pymes\" width=\"700\" height=\"200\" srcset=\"https:\/\/d9b6rardqz97a.cloudfront.net\/blog\/wp-content\/uploads\/2025\/02\/29094439\/700x200-Tranquilidad-Pymes.jpg 700w, https:\/\/d9b6rardqz97a.cloudfront.net\/blog\/wp-content\/uploads\/2025\/02\/29094439\/700x200-Tranquilidad-Pymes-300x86.jpg 300w\" sizes=\"(max-width: 700px) 100vw, 700px\" \/><\/a><\/p>\n<h2><strong>Tranquilidad para el sector empresarial<\/strong><\/h2>\n<p><span style=\"font-weight: 400;\">El respaldo financiero de <a href=\"https:\/\/www.segurosbolivar.com\/?utm_source=Autopauta&amp;utm_medium=Blog_enlace&amp;utm_campaign=BG_bolivar_16160\" target=\"_blank\" rel=\"noopener\"><strong>Seguros Bol\u00edvar<\/strong><\/a>, sumado a la capacidad de Generali para asumir grandes riesgos, fortalece el negocio asegurador corporativo en Colombia. Generali no solo act\u00faa como reasegurador, sino que tambi\u00e9n aporta su solidez y experiencia, mientras que Seguros Bol\u00edvar, lo hace con su amplio conocimiento del mercado local.\u00a0 <strong>Este acuerdo ampl\u00eda el mercado, optimiza recursos y ofrece soluciones especializadas para la protecci\u00f3n de los activos de <a href=\"https:\/\/www.segurosbolivar.com\/blog\/mundo-empresarial\/\" target=\"_blank\" rel=\"noopener\">grandes compa\u00f1\u00edas<\/a><\/strong>, brindando un respaldo integral que eleva el est\u00e1ndar de seguridad empresarial en el pa\u00eds..<\/span><\/p>\n<p><span style=\"font-weight: 400;\">\u201cAliarnos con una empresa que comparte nuestros valores y principios nos permite complementar nuestra oferta, brindar mayor tranquilidad a nuestros clientes corporativos, entregando capacidades adicionales con experticia de suscripci\u00f3n en este segmento de negocio y bajo el modelo de servicio de <strong>Seguros Bol\u00edvar<\/strong>. A trav\u00e9s de este acuerdo de reaseguro, aseguramos no solo los activos de las grandes empresas, sino tambi\u00e9n a sus directivos con p\u00f3lizas dise\u00f1adas para cubrir posibles riesgos estrat\u00e9gicos y operacionales. As\u00ed es cuando las empresas est\u00e1n protegidas, el pa\u00eds progresa\u201d, afirm\u00f3 \u00c1lvaro Carrillo, presidente de Seguros Bol\u00edvar.<\/span><\/p>\n<p><strong><em>Tambi\u00e9n puede leer:<\/em> <a href=\"https:\/\/www.segurosbolivar.com\/blog\/sala-de-prensa\/seguro-parametrico-proteccion-para-mujeres-rurales\/\" target=\"_blank\" rel=\"noopener\">M\u00e1s de 12.000 mujeres rurales cuentan con protecci\u00f3n ante los efectos del cambio clim\u00e1tico<\/a><\/strong><\/p>\n<h2><strong>Aliados clave para las empresas colombianas<\/strong><\/h2>\n<p><span style=\"font-weight: 400;\">&#8220;Este acuerdo de reaseguro representa un hito estrat\u00e9gico en el desarrollo de nuestra presencia en Latinoam\u00e9rica, completamente alineado con nuestro Plan GC&amp;C 2025\u201327<\/span><i><span style=\"font-weight: 400;\"> Next Level<\/span><\/i><span style=\"font-weight: 400;\">. Estamos comprometidos en ofrecer un valor a\u00f1adido a las grandes empresas colombianas, combinando la experiencia internacional de <strong><a href=\"https:\/\/www.generaliglobalcorporate.com\/\" target=\"_blank\" rel=\"noopener\">Generali Global Corporate &amp; Commercial<\/a><\/strong>, con el profundo conocimiento de Seguros Bol\u00edvar del mercado local.\u00a0 <\/span><\/p>\n<p><span style=\"font-weight: 400;\">Nuestra\u00a0<\/span><span style=\"font-weight: 400;\">prioridad: estar junto a nuestros clientes corporativos en cada uno de sus momentos clave, a lo largo de su trayectoria. Junto con Seguros Bol\u00edvar, compartimos un fuerte compromiso en apoyar el ecosistema empresarial del pa\u00eds, ayudando a las empresas a navegar en el panorama cambiante de hoy con mayor confianza y resiliencia.&#8221; afirm\u00f3 Patricia Puerta, Head of GC&amp;C Mediterranean &amp; Latin America.<\/span><\/p>\n<table style=\"width: 100%;\" cellspacing=\"0\" cellpadding=\"0\" align=\"center\">\n<tbody>\n<tr style=\"text-align: center; font-family: Open Sans, sans-serif;\">\n<td style=\"padding-bottom: 24px; color: #29292a; font-size: 18px; font-weight: 600;\">\u00bfQu\u00e9 tan \u00fatil le pareci\u00f3 este contenido?<\/td>\n<\/tr>\n<tr style=\"text-align: center;\">\n<td>\n<table style=\"width: 100%; max-width: 400px; margin: auto;\" cellspacing=\"0\" cellpadding=\"0\">\n<tbody>\n<tr>\n<td><a style=\"text-decoration: none;\" href=\"https:\/\/survey.survicate.com\/1aa256dae6362312\/?pieza=16160_nueva_alianza_de_seguros_para_sector_empresarial_en_colombia|Tendencias|Sala de Prensa&amp;aid=2510313\" target=\"_blank\" rel=\"nofollow noopener\"> <img decoding=\"async\" style=\"width: 32px; height: 32px;\" src=\"https:\/\/image.experienciasbolivar.segurosbolivar.com\/lib\/fe3511747364047b751475\/m\/1\/7d675113-0e03-409d-944b-3b06b10fb55e.png\" \/> <\/a><\/td>\n<td><a style=\"text-decoration: none;\" href=\"https:\/\/survey.survicate.com\/1aa256dae6362312\/?pieza=16160_nueva_alianza_de_seguros_para_sector_empresarial_en_colombia|Tendencias|Sala de Prensa&amp;aid=2510314\" target=\"_blank\" rel=\"nofollow noopener\"> <img decoding=\"async\" style=\"width: 32px; height: 32px;\" src=\"https:\/\/image.experienciasbolivar.segurosbolivar.com\/lib\/fe3511747364047b751475\/m\/1\/2cceee11-e12d-4873-bb48-569d2d4afe2d.png\" \/> <\/a><\/td>\n<td><a style=\"text-decoration: none;\" href=\"https:\/\/survey.survicate.com\/1aa256dae6362312\/?pieza=16160_nueva_alianza_de_seguros_para_sector_empresarial_en_colombia|Tendencias|Sala de Prensa&amp;aid=2510315\" target=\"_blank\" rel=\"nofollow noopener\"> <img decoding=\"async\" style=\"width: 32px; height: 32px;\" src=\"https:\/\/image.experienciasbolivar.segurosbolivar.com\/lib\/fe3511747364047b751475\/m\/1\/7553bd02-b4da-452e-9446-d80f342e8662.png\" \/> <\/a><\/td>\n<td><a style=\"text-decoration: none;\" href=\"https:\/\/survey.survicate.com\/1aa256dae6362312\/?pieza=16160_nueva_alianza_de_seguros_para_sector_empresarial_en_colombia|Tendencias|Sala de Prensa&amp;aid=2510316\" target=\"_blank\" rel=\"nofollow noopener\"> <img decoding=\"async\" style=\"width: 32px; height: 32px;\" src=\"https:\/\/image.experienciasbolivar.segurosbolivar.com\/lib\/fe3511747364047b751475\/m\/1\/1aa041a1-6fa1-4da5-8ce4-099bda589a6d.png\" \/> <\/a><\/td>\n<td><a style=\"text-decoration: none;\" href=\"https:\/\/survey.survicate.com\/1aa256dae6362312\/?pieza=16160_nueva_alianza_de_seguros_para_sector_empresarial_en_colombia|Tendencias|Sala de Prensa&amp;aid=2510317\" target=\"_blank\" rel=\"nofollow noopener\"> <img decoding=\"async\" style=\"width: 32px; height: 32px;\" src=\"https:\/\/image.experienciasbolivar.segurosbolivar.com\/lib\/fe3511747364047b751475\/m\/1\/237d20e9-0b59-4c8a-8a44-8733a91bb3e1.png\" \/> <\/a><\/td>\n<\/tr>\n<\/tbody>\n<\/table>\n<\/td>\n<\/tr>\n<\/tbody>\n<\/table>\n","protected":false},"excerpt":{"rendered":"<p>Alianza estrat\u00e9gica entre Seguros Bol\u00edvar y Generali Global Corporate &#038; Commercia impulsa soluciones de seguros para el sector empresarial colombiano.<\/p>\n","protected":false},"author":14,"featured_media":16165,"comment_status":"closed","ping_status":"closed","sticky":false,"template":"","format":"standard","meta":{"footnotes":""},"categories":[102],"tags":[58,49,113],"class_list":["post-16160","post","type-post","status-publish","format-standard","has-post-thumbnail","hentry","category-sala-de-prensa","tag-consejos-para-empresas","tag-empresas-en-colombia","tag-mundo-empresarial"],"_links":{"self":[{"href":"https:\/\/www.segurosbolivar.com\/blog\/wp-json\/wp\/v2\/posts\/16160","targetHints":{"allow":["GET"]}}],"collection":[{"href":"https:\/\/www.segurosbolivar.com\/blog\/wp-json\/wp\/v2\/posts"}],"about":[{"href":"https:\/\/www.segurosbolivar.com\/blog\/wp-json\/wp\/v2\/types\/post"}],"author":[{"embeddable":true,"href":"https:\/\/www.segurosbolivar.com\/blog\/wp-json\/wp\/v2\/users\/14"}],"replies":[{"embeddable":true,"href":"https:\/\/www.segurosbolivar.com\/blog\/wp-json\/wp\/v2\/comments?post=16160"}],"version-history":[{"count":4,"href":"https:\/\/www.segurosbolivar.com\/blog\/wp-json\/wp\/v2\/posts\/16160\/revisions"}],"predecessor-version":[{"id":16168,"href":"https:\/\/www.segurosbolivar.com\/blog\/wp-json\/wp\/v2\/posts\/16160\/revisions\/16168"}],"wp:featuredmedia":[{"embeddable":true,"href":"https:\/\/www.segurosbolivar.com\/blog\/wp-json\/wp\/v2\/media\/16165"}],"wp:attachment":[{"href":"https:\/\/www.segurosbolivar.com\/blog\/wp-json\/wp\/v2\/media?parent=16160"}],"wp:term":[{"taxonomy":"category","embeddable":true,"href":"https:\/\/www.segurosbolivar.com\/blog\/wp-json\/wp\/v2\/categories?post=16160"},{"taxonomy":"post_tag","embeddable":true,"href":"https:\/\/www.segurosbolivar.com\/blog\/wp-json\/wp\/v2\/tags?post=16160"}],"curies":[{"name":"wp","href":"https:\/\/api.w.org\/{rel}","templated":true}]}}