{"id":13493,"date":"2024-11-15T08:52:58","date_gmt":"2024-11-15T13:52:58","guid":{"rendered":"https:\/\/www.segurosbolivar.com\/blog\/?p=13493"},"modified":"2026-02-10T15:03:33","modified_gmt":"2026-02-10T20:03:33","slug":"sara-samaniego-y-marce-inspiracion-para-un-reciclaje-consciente","status":"publish","type":"post","link":"https:\/\/www.segurosbolivar.com\/blog\/sostenibilidad\/sara-samaniego-y-marce-inspiracion-para-un-reciclaje-consciente\/","title":{"rendered":"Sara Samaniego: la mente creativa y divertida detr\u00e1s de Marce, la recicladora"},"content":{"rendered":"<p><span style=\"font-weight: 400;\">Seguro nos pasa que deseamos vivir en un entorno limpio y saludable, pero no sabemos c\u00f3mo actuar en el d\u00eda a d\u00eda, nos dejamos llevar por la agitada rutina y dejamos de lado peque\u00f1as pr\u00e1cticas que pueden generar un impacto positivo en el planeta.<\/span><\/p>\n<p><span style=\"font-weight: 400;\">Precisamente, en el nuevo episodio de nuestro podcast <em><a href=\"https:\/\/www.segurosbolivar.com\/blog\/podcast\/\" target=\"_blank\" rel=\"noopener\"><b>Seguro Nos Pasa<\/b><\/a><\/em><\/span><span style=\"font-weight: 400;\">, tuvimos el honor de conversar con una invitada muy especial: <\/span><b><a href=\"https:\/\/www.instagram.com\/sarisvale\/\" target=\"_blank\" rel=\"noopener\">Sara Samaniego<\/a>, creadora del popular personaje <a href=\"https:\/\/www.instagram.com\/marcelarecicladora\/\" target=\"_blank\" rel=\"noopener\">Marce, la recicladora<\/a><\/b><span style=\"font-weight: 400;\">. Con su creatividad y su pasi\u00f3n por el medio ambiente, Sara ha revolucionado la manera en que muchos colombianos entendemos el reciclaje, inspir\u00e1ndonos a tomar acci\u00f3n y a ser m\u00e1s conscientes en nuestro d\u00eda a d\u00eda.<\/span><\/p>\n<h2><b>Sara Samaniego, una mujer inspiradora<\/b><\/h2>\n<p><span style=\"font-weight: 400;\">Sara Samaniego es comunicadora social, activista ambiental y una actriz emp\u00edrica que ha llevado el reciclaje a millones de personas con su personaje Marce, la recicladora. Desde 2019, Sara ha utilizado su talento para educar sobre sostenibilidad y cuidado del planeta a trav\u00e9s de las redes sociales, mostrando que cualquier persona puede ser parte de un cambio positivo. Su proyecto de vida no solo inspira, sino que demuestra c\u00f3mo una idea, impulsada por la determinaci\u00f3n, puede tener un impacto real en la sociedad.<\/span><\/p>\n<p style=\"text-align: center;\"><b><i>\u201cEs muy importante que sepamos qu\u00e9 se puede reciclar y qu\u00e9 no, cada d\u00eda salen m\u00e1s materiales, por eso es que tenemos que conocer a nuestro reciclamor y preguntarle a \u00e9l\u201d, Sara Samaniego.<\/i><\/b><\/p>\n<blockquote class=\"instagram-media\" style=\"background: #FFF; border: 0; border-radius: 3px; box-shadow: 0 0 1px 0 rgba(0,0,0,0.5),0 1px 10px 0 rgba(0,0,0,0.15); margin: 1px; max-width: 540px; min-width: 326px; padding: 0; width: calc(100% - 2px);\" data-instgrm-permalink=\"https:\/\/www.instagram.com\/reel\/DCXW4aogNeF\/?utm_source=ig_embed&amp;utm_campaign=loading\" data-instgrm-version=\"14\">\n<div style=\"padding: 16px;\">\n<p>&nbsp;<\/p>\n<div style=\"display: flex; flex-direction: row; align-items: center;\">\n<div style=\"background-color: #f4f4f4; border-radius: 50%; flex-grow: 0; height: 40px; margin-right: 14px; width: 40px;\"><\/div>\n<div style=\"display: flex; flex-direction: column; flex-grow: 1; justify-content: center;\">\n<div style=\"background-color: #f4f4f4; border-radius: 4px; flex-grow: 0; height: 14px; margin-bottom: 6px; width: 100px;\"><\/div>\n<div style=\"background-color: #f4f4f4; border-radius: 4px; flex-grow: 0; height: 14px; width: 60px;\"><\/div>\n<\/div>\n<\/div>\n<div style=\"padding: 19% 0;\"><\/div>\n<div style=\"display: block; height: 50px; margin: 0 auto 12px; width: 50px;\"><\/div>\n<div style=\"padding-top: 8px;\">\n<div style=\"color: #3897f0; font-family: Arial,sans-serif; font-size: 14px; font-style: normal; font-weight: 550; line-height: 18px;\">Ver esta publicaci\u00f3n en Instagram<\/div>\n<\/div>\n<div style=\"padding: 12.5% 0;\"><\/div>\n<div style=\"display: flex; flex-direction: row; margin-bottom: 14px; align-items: center;\">\n<div>\n<div style=\"background-color: #f4f4f4; border-radius: 50%; height: 12.5px; width: 12.5px; transform: translateX(0px) translateY(7px);\"><\/div>\n<div style=\"background-color: #f4f4f4; height: 12.5px; transform: rotate(-45deg) translateX(3px) translateY(1px); width: 12.5px; flex-grow: 0; margin-right: 14px; margin-left: 2px;\"><\/div>\n<div style=\"background-color: #f4f4f4; border-radius: 50%; height: 12.5px; width: 12.5px; transform: translateX(9px) translateY(-18px);\"><\/div>\n<\/div>\n<div style=\"margin-left: 8px;\">\n<div style=\"background-color: #f4f4f4; border-radius: 50%; flex-grow: 0; height: 20px; width: 20px;\"><\/div>\n<div style=\"width: 0; height: 0; border-top: 2px solid transparent; border-left: 6px solid #f4f4f4; border-bottom: 2px solid transparent; transform: translateX(16px) translateY(-4px) rotate(30deg);\"><\/div>\n<\/div>\n<div style=\"margin-left: auto;\">\n<div style=\"width: 0px; border-top: 8px solid #F4F4F4; border-right: 8px solid transparent; transform: translateY(16px);\"><\/div>\n<div style=\"background-color: #f4f4f4; flex-grow: 0; height: 12px; width: 16px; transform: translateY(-4px);\"><\/div>\n<div style=\"width: 0; height: 0; border-top: 8px solid #F4F4F4; border-left: 8px solid transparent; transform: translateY(-4px) translateX(8px);\"><\/div>\n<\/div>\n<\/div>\n<div style=\"display: flex; flex-direction: column; flex-grow: 1; justify-content: center; margin-bottom: 24px;\">\n<div style=\"background-color: #f4f4f4; border-radius: 4px; flex-grow: 0; height: 14px; margin-bottom: 6px; width: 224px;\"><\/div>\n<div style=\"background-color: #f4f4f4; border-radius: 4px; flex-grow: 0; height: 14px; width: 144px;\"><\/div>\n<\/div>\n<p>&nbsp;<\/p>\n<p style=\"color: #c9c8cd; font-family: Arial,sans-serif; font-size: 14px; line-height: 17px; margin-bottom: 0; margin-top: 8px; overflow: hidden; padding: 8px 0 7px; text-align: center; text-overflow: ellipsis; white-space: nowrap;\"><a style=\"color: #c9c8cd; font-family: Arial,sans-serif; font-size: 14px; font-style: normal; font-weight: normal; line-height: 17px; text-decoration: none;\" href=\"https:\/\/www.instagram.com\/reel\/DCXW4aogNeF\/?utm_source=ig_embed&amp;utm_campaign=loading\" target=\"_blank\" rel=\"noopener\">Una publicaci\u00f3n compartida por Seguros Bol\u00edvar (@segurosbolivaroficial)<\/a><\/p>\n<\/div>\n<\/blockquote>\n<p><script async src=\"\/\/www.instagram.com\/embed.js\"><\/script><\/p>\n<p><strong><em>Tambi\u00e9n puede leer:<\/em> <a href=\"https:\/\/www.segurosbolivar.com\/blog\/emprendimiento\/viviana-grondona-una-vida-a-todo-color\/\" target=\"_blank\" rel=\"noopener\">Viviana Grondona: Una vida a todo color en el podcast Seguro Nos Pasa<\/a><\/strong><\/p>\n<h2><b>Una pasi\u00f3n que se convierte en Marce, la recicladora<\/b><\/h2>\n<p><span style=\"font-weight: 400;\">Sara nos comparte en este episodio de <\/span><i><span style=\"font-weight: 400;\">Seguro Nos Pasa<\/span><\/i><span style=\"font-weight: 400;\"> su historia, sus motivaciones y c\u00f3mo ha sido el proceso de creaci\u00f3n de Marce, un personaje con el que ha aprendido y crecido. Durante la conversaci\u00f3n, Sara nos recuerda que el reciclaje es un peque\u00f1o esfuerzo que suma cuando se convierte en un h\u00e1bito colectivo.\u00a0<\/span><\/p>\n<p><span style=\"font-weight: 400;\">Adem\u00e1s, habla de sus proyectos actuales, como la fundaci\u00f3n \u201cReciclando Amor\u201d, enfocada en apoyar a los recicladores de oficio en Colombia y fomentar una cultura ambientalmente responsable.<\/span><\/p>\n<blockquote>\n<p style=\"text-align: center;\"><b><i>\u201cUna vez sub\u00ed un video de un reciclamor que era muy fuerte, alzaba como 500 kilos. Se volvi\u00f3 viral y me llegaron muchos comentarios. Al alzar, abr\u00ed un mensaje y era de su familia, que pensaba que \u201cMr Black\u201d, como lo llamamos de cari\u00f1o, estaba muerto. Tuve la oportunidad de decirles que estaba bien\u201d.<\/i><\/b><\/p>\n<\/blockquote>\n<p><iframe style=\"border-radius: 12px;\" src=\"https:\/\/open.spotify.com\/embed\/episode\/5d4DegboZr6J2W6sx8JUQw\/video?utm_source=generator\" width=\"624\" height=\"351\" frameborder=\"0\" allowfullscreen=\"allowfullscreen\"><\/iframe><\/p>\n<p><strong><em>Tambi\u00e9n puede leer:<\/em> <a href=\"https:\/\/www.segurosbolivar.com\/blog\/bienestar-y-salud\/accidente-cerebrovascular-consejos-para-priorizar-la-salud\/\" target=\"_blank\" rel=\"noopener\">Jes\u00fas Forero: aprendizajes tras un accidente cerebrovascular<\/a><\/strong><\/p>\n<h2><b>\u00danase a la conversaci\u00f3n<\/b><\/h2>\n<p><span style=\"font-weight: 400;\">En <\/span><b>Seguros Bol\u00edvar<\/b><span style=\"font-weight: 400;\">, creemos en un futuro m\u00e1s seguro y sostenible, donde nuestras acciones de hoy construyan tranquilidad para el ma\u00f1ana. Por eso, trabajamos para generar impactos positivos en la biodiversidad y mejorar la resiliencia clim\u00e1tica, alineando nuestras actividades con la conservaci\u00f3n de los ecosistemas.\u00a0<\/span><\/p>\n<p><span style=\"font-weight: 400;\">Le invitamos a escuchar este episodio completo en <\/span><a href=\"https:\/\/open.spotify.com\/episode\/5d4DegboZr6J2W6sx8JUQw?si=aaHQmjFbTY6J9orHODhDKw\" target=\"_blank\" rel=\"noopener\"><b><i>Spotify<\/i><\/b><\/a> <span style=\"font-weight: 400;\">y<\/span> <a href=\"https:\/\/youtu.be\/zVt1ps4sIJw?si=o6kOvdkK6LGWFBuO\" target=\"_blank\" rel=\"noopener\"><b><i>YouTube<\/i><\/b><\/a><span style=\"font-weight: 400;\"> para conocer m\u00e1s sobre esta inspiradora conversaci\u00f3n y seguir a <a href=\"https:\/\/www.segurosbolivar.com\/?autopauta=Ambos_Link_13493_Seguros_bolivar_Cierre_\" target=\"_blank\" rel=\"noopener\"><strong>Seguros Bol\u00edvar<\/strong><\/a> <\/span><span style=\"font-weight: 400;\">en redes sociales como <\/span><a href=\"https:\/\/www.instagram.com\/segurosbolivaroficial\/\" target=\"_blank\" rel=\"noopener\"><b>@segurosbolivaroficial<\/b><\/a><span style=\"font-weight: 400;\">. Recuerde que suscribirse al podcast <\/span><i><span style=\"font-weight: 400;\">Seguro Nos Pasa<\/span><\/i><span style=\"font-weight: 400;\"> le permitir\u00e1 conocer historias de personas que, como Sara, trabajan por un futuro m\u00e1s seguro y sustentable.<\/span><\/p>\n<table style=\"width: 100%;\" cellspacing=\"0\" cellpadding=\"0\" align=\"center\">\n<tbody>\n<tr style=\"text-align: center; font-family: Open Sans, sans-serif;\">\n<td style=\"padding-bottom: 24px; color: #29292a; font-size: 18px; font-weight: 600;\">\u00bfQu\u00e9 tan \u00fatil le pareci\u00f3 este contenido?<\/td>\n<\/tr>\n<tr style=\"text-align: center;\">\n<td>\n<table style=\"width: 100%; max-width: 400px; margin: auto;\" cellspacing=\"0\" cellpadding=\"0\">\n<tbody>\n<tr>\n<td><a style=\"text-decoration: none;\" href=\"https:\/\/survey.survicate.com\/1aa256dae6362312\/?pieza=13531_regalos_conciencia_ambiental|Sostenibilidad|&amp;aid=2510313\" target=\"_blank\" rel=\"nofollow noopener\"> <img decoding=\"async\" style=\"width: 32px; height: 32px;\" src=\"https:\/\/image.experienciasbolivar.segurosbolivar.com\/lib\/fe3511747364047b751475\/m\/1\/7d675113-0e03-409d-944b-3b06b10fb55e.png\" \/> <\/a><\/td>\n<td><a style=\"text-decoration: none;\" href=\"https:\/\/survey.survicate.com\/1aa256dae6362312\/?pieza=13531_regalos_conciencia_ambiental|Sostenibilidad|&amp;aid=2510314\" target=\"_blank\" rel=\"nofollow noopener\"> <img decoding=\"async\" style=\"width: 32px; height: 32px;\" src=\"https:\/\/image.experienciasbolivar.segurosbolivar.com\/lib\/fe3511747364047b751475\/m\/1\/2cceee11-e12d-4873-bb48-569d2d4afe2d.png\" \/> <\/a><\/td>\n<td><a style=\"text-decoration: none;\" href=\"https:\/\/survey.survicate.com\/1aa256dae6362312\/?pieza=13531_regalos_conciencia_ambiental|Sostenibilidad|&amp;aid=2510315\" target=\"_blank\" rel=\"nofollow noopener\"> <img decoding=\"async\" style=\"width: 32px; height: 32px;\" src=\"https:\/\/image.experienciasbolivar.segurosbolivar.com\/lib\/fe3511747364047b751475\/m\/1\/7553bd02-b4da-452e-9446-d80f342e8662.png\" \/> <\/a><\/td>\n<td><a style=\"text-decoration: none;\" href=\"https:\/\/survey.survicate.com\/1aa256dae6362312\/?pieza=13531_regalos_conciencia_ambiental|Sostenibilidad|&amp;aid=2510316\" target=\"_blank\" rel=\"nofollow noopener\"> <img decoding=\"async\" style=\"width: 32px; height: 32px;\" src=\"https:\/\/image.experienciasbolivar.segurosbolivar.com\/lib\/fe3511747364047b751475\/m\/1\/1aa041a1-6fa1-4da5-8ce4-099bda589a6d.png\" \/> <\/a><\/td>\n<td><a style=\"text-decoration: none;\" href=\"https:\/\/survey.survicate.com\/1aa256dae6362312\/?pieza=13531_regalos_conciencia_ambiental|Sostenibilidad|&amp;aid=2510317\" target=\"_blank\" rel=\"nofollow noopener\"> <img decoding=\"async\" style=\"width: 32px; height: 32px;\" src=\"https:\/\/image.experienciasbolivar.segurosbolivar.com\/lib\/fe3511747364047b751475\/m\/1\/237d20e9-0b59-4c8a-8a44-8733a91bb3e1.png\" \/> <\/a><\/td>\n<\/tr>\n<\/tbody>\n<\/table>\n<\/td>\n<\/tr>\n<\/tbody>\n<\/table>\n<p>&nbsp;<\/p>\n","protected":false},"excerpt":{"rendered":"<p>Sara Samaniego, creadora de Marce, la recicladora, nos motiva a cuidar el planeta con peque\u00f1as acciones diarias.<\/p>\n","protected":false},"author":14,"featured_media":13495,"comment_status":"closed","ping_status":"closed","sticky":false,"template":"","format":"standard","meta":{"footnotes":""},"categories":[119,87],"tags":[59,34,35,37,117],"class_list":["post-13493","post","type-post","status-publish","format-standard","has-post-thumbnail","hentry","category-podcast","category-sostenibilidad","tag-bienestar-bolivar","tag-bienestar-de-la-familia","tag-bienestar-personal","tag-habitos-saludables","tag-sostenibilidad"],"_links":{"self":[{"href":"https:\/\/www.segurosbolivar.com\/blog\/wp-json\/wp\/v2\/posts\/13493","targetHints":{"allow":["GET"]}}],"collection":[{"href":"https:\/\/www.segurosbolivar.com\/blog\/wp-json\/wp\/v2\/posts"}],"about":[{"href":"https:\/\/www.segurosbolivar.com\/blog\/wp-json\/wp\/v2\/types\/post"}],"author":[{"embeddable":true,"href":"https:\/\/www.segurosbolivar.com\/blog\/wp-json\/wp\/v2\/users\/14"}],"replies":[{"embeddable":true,"href":"https:\/\/www.segurosbolivar.com\/blog\/wp-json\/wp\/v2\/comments?post=13493"}],"version-history":[{"count":6,"href":"https:\/\/www.segurosbolivar.com\/blog\/wp-json\/wp\/v2\/posts\/13493\/revisions"}],"predecessor-version":[{"id":14104,"href":"https:\/\/www.segurosbolivar.com\/blog\/wp-json\/wp\/v2\/posts\/13493\/revisions\/14104"}],"wp:featuredmedia":[{"embeddable":true,"href":"https:\/\/www.segurosbolivar.com\/blog\/wp-json\/wp\/v2\/media\/13495"}],"wp:attachment":[{"href":"https:\/\/www.segurosbolivar.com\/blog\/wp-json\/wp\/v2\/media?parent=13493"}],"wp:term":[{"taxonomy":"category","embeddable":true,"href":"https:\/\/www.segurosbolivar.com\/blog\/wp-json\/wp\/v2\/categories?post=13493"},{"taxonomy":"post_tag","embeddable":true,"href":"https:\/\/www.segurosbolivar.com\/blog\/wp-json\/wp\/v2\/tags?post=13493"}],"curies":[{"name":"wp","href":"https:\/\/api.w.org\/{rel}","templated":true}]}}