{"id":10655,"date":"2025-10-31T08:00:56","date_gmt":"2025-10-31T13:00:56","guid":{"rendered":"https:\/\/www.segurosbolivar.com\/blog\/?p=10655"},"modified":"2026-02-16T09:23:41","modified_gmt":"2026-02-16T14:23:41","slug":"el-impacto-del-bullying-y-el-acoso-escolar-en-la-salud-mental-claves-para-prevenirlo","status":"publish","type":"post","link":"https:\/\/www.segurosbolivar.com\/blog\/bienestar-y-salud\/el-impacto-del-bullying-y-el-acoso-escolar-en-la-salud-mental-claves-para-prevenirlo\/","title":{"rendered":"El impacto del bullying y el acoso escolar en la salud mental, claves para prevenirlo"},"content":{"rendered":"\t\t<div data-elementor-type=\"wp-post\" data-elementor-id=\"10655\" class=\"elementor elementor-10655\" data-elementor-post-type=\"post\">\n\t\t\t\t<div data-particle_enable=\"false\" data-particle-mobile-disabled=\"false\" class=\"elementor-element elementor-element-67bd5c5 e-flex e-con-boxed e-con e-parent\" data-id=\"67bd5c5\" data-element_type=\"container\">\n\t\t\t\t\t<div class=\"e-con-inner\">\n\t\t\t\t<div class=\"elementor-element elementor-element-fb89bb6 elementor-widget elementor-widget-text-editor\" data-id=\"fb89bb6\" data-element_type=\"widget\" data-widget_type=\"text-editor.default\">\n\t\t\t\t<div class=\"elementor-widget-container\">\n\t\t\t\t\t\t\t\t\t<p><span style=\"font-weight: 400;\">Desde que se acu\u00f1\u00f3 en <\/span><a href=\"https:\/\/revmgi.sld.cu\/index.php\/mgi\/article\/view\/277\/132#:~:text=Este%20nombre%20lo%20cre%C3%B3%20en,el%20suicidio%20de%20algunos%20adolescentes\" target=\"_blank\" rel=\"noopener\"><b>1993<\/b><\/a><span style=\"font-weight: 400;\">, el t\u00e9rmino &#8220;bullying&#8221; es conocido por muchos, vincul\u00e1ndose directamente al acoso que sufren los ni\u00f1os, ni\u00f1as y adolescentes bajo el poder de otros. No obstante, persiste como <\/span><b>un desafiante problema de Salud P\u00fablica global, seg\u00fan la <a href=\"https:\/\/www.who.int\/es\/news-room\/fact-sheets\/detail\/adolescents-health-risks-and-solutions\" target=\"_blank\" rel=\"noopener\">Organizaci\u00f3n Mundial de la Salud<\/a> (OMS). <\/b>De acuerdo con la OMS: <span style=\"font-weight: 400;\">315 ni\u00f1os, ni\u00f1as y adolescentes perdieron la vida debido al acoso escolar.\u00a0<\/span><\/p><p><span style=\"font-weight: 400;\">En <\/span><a href=\"https:\/\/www.segurosbolivar.com\/?autopauta=Ambos_Link_10655_seguros_bolivar_Inicio_\" target=\"_blank\" rel=\"noopener\"><b>Seguros Bol\u00edvar <\/b><\/a><span style=\"font-weight: 400;\">la prevenci\u00f3n y el cuidado de la vida son lo m\u00e1s importante, por eso queremos invitarlo a conocer algunos conceptos que son importantes conocer, pero, sobre todo, a identificar la manera de seguir salvando vidas en entornos estudiantiles, a prop\u00f3sito del <strong>D\u00eda Internacional contra la Violencia y el Acoso Escolar<\/strong><\/span><span style=\"font-weight: 400;\"> que se conmemora este 2 de noviembre.\u00a0<\/span><\/p><p><strong><em>Tambi\u00e9n puede leer: <\/em><a href=\"https:\/\/www.segurosbolivar.com\/blog\/movilidad\/seguro-para-carros-para-familias-proteja-s-sus-hijos\/\" target=\"_blank\" rel=\"noopener\">Seguro para Carro: el copiloto que toda familia con ni\u00f1os necesita<\/a><\/strong><\/p>\t\t\t\t\t\t\t\t<\/div>\n\t\t\t\t<\/div>\n\t\t\t\t\t<\/div>\n\t\t\t\t<\/div>\n\t\t<div data-particle_enable=\"false\" data-particle-mobile-disabled=\"false\" class=\"elementor-element elementor-element-1f735e1 e-flex e-con-boxed e-con e-parent\" data-id=\"1f735e1\" data-element_type=\"container\">\n\t\t\t\t\t<div class=\"e-con-inner\">\n\t\t\t\t<div class=\"elementor-element elementor-element-49981b7 elementor-widget elementor-widget-text-editor\" data-id=\"49981b7\" data-element_type=\"widget\" data-widget_type=\"text-editor.default\">\n\t\t\t\t<div class=\"elementor-widget-container\">\n\t\t\t\t\t\t\t\t\t<p>\u00a0<b>\u00bfC\u00f3mo el bullying afecta la vida de los estudiantes?<\/b><\/p><p>Seg\u00fan el <a href=\"https:\/\/espanol.nichd.nih.gov\/salud\/temas\/bullying\/informacion\/afecta\" target=\"_blank\" rel=\"noopener\"><strong>Instituto Nacional de Salud (NIH)<\/strong><\/a>, el bullying afecta la salud f\u00edsica y mental tanto a corto como a largo plazo, provocando lesiones, problemas emocionales y dificultades sociales. Las v\u00edctimas de acoso escolar enfrentan <strong>un mayor riesgo de desarrollar problemas de salud mental<\/strong>, como ansiedad, dolores de cabeza y problemas de adaptaci\u00f3n en la escuela.<\/p><p>Por su parte, los agresores tambi\u00e9n pueden experimentar consecuencias futuras, como consumo de sustancias y comportamientos violentos. Adem\u00e1s, <a href=\"https:\/\/www.unicef.org\/argentina\/media\/1536\/file\/Suicidio.pdf\" target=\"_blank\" rel=\"noopener\"><strong>informes<\/strong><\/a> de la <strong>OMS<\/strong> y la <strong>ONU<\/strong> revelan que 200 mil ni\u00f1os mueren anualmente a causa del acoso, situando a <a href=\"https:\/\/www.icbf.gov.co\/mis-manos-te-ensenan\/todas-y-todos-contra-el-acoso-escolar-o-bullying#:~:text=%C2%BFSab%C3%ADas%20que%20muchas%20ni%C3%B1as%2C%20ni%C3%B1os,similar%20ha%20padecido%20violencia%20f%C3%ADsica%C2%BB.\" target=\"_blank\" rel=\"noopener\"><strong>Colombia<\/strong><\/a> como <strong>uno de los pa\u00edses con mayores \u00edndices de <a href=\"https:\/\/www.doctoraki.com\/blog\/psicologia\/bullying-que-es-sus-causas-consecuencias-y-como-prevenirlo\/\" target=\"_blank\" rel=\"noopener\">bullying<\/a><\/strong> en Am\u00e9rica Latina.<\/p><p><a href=\"https:\/\/digital.experienciasbolivar.segurosbolivar.com\/seguro-salud-integral?utm_source=Autopauta&amp;utm_medium=Blog_banner_interno&amp;utm_campaign=BG_salud_10655\" target=\"_blank\" rel=\"noopener\"><img fetchpriority=\"high\" decoding=\"async\" class=\"aligncenter size-full wp-image-14908\" src=\"https:\/\/d9b6rardqz97a.cloudfront.net\/blog\/wp-content\/uploads\/2022\/07\/09115857\/700x200-Seguro-Salud-Integral.jpg\" alt=\"\" width=\"700\" height=\"200\" srcset=\"https:\/\/d9b6rardqz97a.cloudfront.net\/blog\/wp-content\/uploads\/2022\/07\/09115857\/700x200-Seguro-Salud-Integral.jpg 700w, https:\/\/d9b6rardqz97a.cloudfront.net\/blog\/wp-content\/uploads\/2022\/07\/09115857\/700x200-Seguro-Salud-Integral-300x86.jpg 300w\" sizes=\"(max-width: 700px) 100vw, 700px\" \/><\/a><\/p><h2><b>Bullying y acoso escolar: entre las principales causas de suicidio<\/b><\/h2><p>La Fundaci\u00f3n Sergio Urrego, a trav\u00e9s de su informe \u201c<a href=\"https:\/\/www.sergiourrego.org\/wp-content\/uploads\/informes\/informe-2022.pdf\" target=\"_blank\" rel=\"noopener\"><strong>Guardianes de Vida<\/strong><\/a>\u201d y la L\u00ednea Salvavidas, ha revelado datos alarmantes sobre el impacto del bullying y el acoso escolar en la salud mental infantil en Colombia. Seg\u00fan este informe, <strong>los ni\u00f1os y adolescentes de entre 6 y 15 a\u00f1os son particularmente vulnerables<\/strong>, presentando altos \u00edndices de depresi\u00f3n, ansiedad y pensamientos suicidas asociados al acoso escolar.<\/p><p>Estos problemas de salud mental, muchas veces ocultos por el estigma social, <strong>son dif\u00edciles de abordar debido al tab\u00fa<\/strong> que rodea al suicidio en el pa\u00eds, lo que limita tanto el apoyo a las familias como la implementaci\u00f3n de acciones preventivas. La Fundaci\u00f3n destaca la importancia de la <strong>L\u00ednea Salvavidas y redes sociales<\/strong>, canales a los que muchos ni\u00f1os y j\u00f3venes recurren en busca de ayuda inmediata. Estos esfuerzos buscan visibilizar y atender este grave problema, promoviendo el di\u00e1logo y la prevenci\u00f3n.<\/p><p><strong><em>Tambi\u00e9n puede leer:<\/em> <a href=\"https:\/\/www.segurosbolivar.com\/blog\/bienestar-y-salud\/que-es-y-como-cuidar-la-salud-mental-claves-y-consejos\/\" target=\"_blank\" rel=\"noopener\">\u00bfC\u00f3mo cuidar la salud mental?<\/a><\/strong><\/p>\t\t\t\t\t\t\t\t<\/div>\n\t\t\t\t<\/div>\n\t\t\t\t\t<\/div>\n\t\t\t\t<\/div>\n\t\t<div data-particle_enable=\"false\" data-particle-mobile-disabled=\"false\" class=\"elementor-element elementor-element-6680b345 e-flex e-con-boxed e-con e-parent\" data-id=\"6680b345\" data-element_type=\"container\">\n\t\t\t\t\t<div class=\"e-con-inner\">\n\t\t\t\t<div class=\"elementor-element elementor-element-5df8ca1e elementor-widget elementor-widget-text-editor\" data-id=\"5df8ca1e\" data-element_type=\"widget\" data-widget_type=\"text-editor.default\">\n\t\t\t\t<div class=\"elementor-widget-container\">\n\t\t\t\t\t\t\t\t\t<p>\u00a0<\/p><blockquote class=\"instagram-media\" style=\"background: #FFF; border: 0; border-radius: 3px; box-shadow: 0 0 1px 0 rgba(0,0,0,0.5),0 1px 10px 0 rgba(0,0,0,0.15); margin: 1px; max-width: 540px; min-width: 326px; padding: 0; width: calc(100% - 2px);\" data-instgrm-permalink=\"https:\/\/www.instagram.com\/p\/CwWNIaYgT1p\/?utm_source=ig_embed&amp;utm_campaign=loading\" data-instgrm-version=\"14\"><div style=\"padding: 16px;\"><div style=\"display: flex; flex-direction: row; align-items: center;\"><div style=\"background-color: #f4f4f4; border-radius: 50%; flex-grow: 0; height: 40px; margin-right: 14px; width: 40px;\">\u00a0<\/div><div style=\"display: flex; flex-direction: column; flex-grow: 1; justify-content: center;\"><div style=\"background-color: #f4f4f4; border-radius: 4px; flex-grow: 0; height: 14px; margin-bottom: 6px; width: 100px;\">\u00a0<\/div><div style=\"background-color: #f4f4f4; border-radius: 4px; flex-grow: 0; height: 14px; width: 60px;\">\u00a0<\/div><\/div><\/div><div style=\"padding: 19% 0;\">\u00a0<\/div><div style=\"display: block; height: 50px; margin: 0 auto 12px; width: 50px;\">\u00a0<\/div><div style=\"padding-top: 8px;\"><div style=\"color: #3897f0; font-family: Arial,sans-serif; font-size: 14px; font-style: normal; font-weight: 550; line-height: 18px;\">Ver esta publicaci\u00f3n en Instagram<\/div><\/div><div style=\"padding: 12.5% 0;\">\u00a0<\/div><div style=\"display: flex; flex-direction: row; margin-bottom: 14px; align-items: center;\"><div><div style=\"background-color: #f4f4f4; border-radius: 50%; height: 12.5px; width: 12.5px; transform: translateX(0px) translateY(7px);\">\u00a0<\/div><div style=\"background-color: #f4f4f4; height: 12.5px; transform: rotate(-45deg) translateX(3px) translateY(1px); width: 12.5px; flex-grow: 0; margin-right: 14px; margin-left: 2px;\">\u00a0<\/div><div style=\"background-color: #f4f4f4; border-radius: 50%; height: 12.5px; width: 12.5px; transform: translateX(9px) translateY(-18px);\">\u00a0<\/div><\/div><div style=\"margin-left: 8px;\"><div style=\"background-color: #f4f4f4; border-radius: 50%; flex-grow: 0; height: 20px; width: 20px;\">\u00a0<\/div><div style=\"width: 0; height: 0; border-top: 2px solid transparent; border-left: 6px solid #f4f4f4; border-bottom: 2px solid transparent; transform: translateX(16px) translateY(-4px) rotate(30deg);\">\u00a0<\/div><\/div><div style=\"margin-left: auto;\"><div style=\"width: 0px; border-top: 8px solid #F4F4F4; border-right: 8px solid transparent; transform: translateY(16px);\">\u00a0<\/div><div style=\"background-color: #f4f4f4; flex-grow: 0; height: 12px; width: 16px; transform: translateY(-4px);\">\u00a0<\/div><div style=\"width: 0; height: 0; border-top: 8px solid #F4F4F4; border-left: 8px solid transparent; transform: translateY(-4px) translateX(8px);\">\u00a0<\/div><\/div><\/div><div style=\"display: flex; flex-direction: column; flex-grow: 1; justify-content: center; margin-bottom: 24px;\"><div style=\"background-color: #f4f4f4; border-radius: 4px; flex-grow: 0; height: 14px; margin-bottom: 6px; width: 224px;\">\u00a0<\/div><div style=\"background-color: #f4f4f4; border-radius: 4px; flex-grow: 0; height: 14px; width: 144px;\">\u00a0<\/div><\/div><p style=\"color: #c9c8cd; font-family: Arial,sans-serif; font-size: 14px; line-height: 17px; margin-bottom: 0; margin-top: 8px; overflow: hidden; padding: 8px 0 7px; text-align: center; text-overflow: ellipsis; white-space: nowrap;\"><a style=\"color: #c9c8cd; font-family: Arial,sans-serif; font-size: 14px; font-style: normal; font-weight: normal; line-height: 17px; text-decoration: none;\" href=\"https:\/\/www.instagram.com\/p\/CwWNIaYgT1p\/?utm_source=ig_embed&amp;utm_campaign=loading\" target=\"_blank\" rel=\"noopener\">Una publicaci\u00f3n compartida de Rotaract Distrito 4281 (@4281rotaract)<\/a><\/p><\/div><\/blockquote><p><script async src=\"\/\/www.instagram.com\/embed.js\"><\/script><\/p><h2><strong>Estrategias efectivas para prevenir el bullying en el entorno escolar<\/strong><\/h2><p>La prevenci\u00f3n del bullying escolar requiere un enfoque integral. La <strong>mediaci\u00f3n entre pares empodera a los estudiantes para resolver conflictos<\/strong>, mientras que la <strong>capacitaci\u00f3n docente mejora la detecci\u00f3n y manejo<\/strong> de situaciones de acoso. La <strong>participaci\u00f3n de los padres es crucial<\/strong>, creando un ambiente de apoyo en casa y escuela. Estas estrategias, implementadas en conjunto, fomentan un <strong>clima escolar positivo donde el respeto y la empat\u00eda prevalecen<\/strong>.<\/p><p>Al involucrar a toda la comunidad educativa, desde primaria hasta secundaria, se construye una cultura de no violencia y apoyo mutuo, esencial para prevenir el bullying efectivamente.<\/p><p><!-- CSS (a\u00f1\u00e1delo en tu <head> o en tu CSS global) --><\/p><div class=\"custom-iframe-container\"><h2><b style=\"font-family: 'Playfair Display', sans-serif;\">Se\u00f1ales de alerta de acoso escolar: C\u00f3mo identificar el bullying a tiempo<\/b><\/h2><\/div><p>El acoso escolar es un problema grave que requiere atenci\u00f3n inmediata. Para identificarlo temprano, es crucial <strong>estar alerta a cambios significativos en el comportamiento del estudiante<\/strong>. Estos pueden incluir <strong>irritabilidad repentina, ansiedad o depresi\u00f3n<\/strong>. Las se\u00f1ales f\u00edsicas, como moretones inexplicables o <strong>pertenencias da\u00f1adas<\/strong>, tambi\u00e9n son indicadores importantes.<\/p><p>El aislamiento social es otra se\u00f1al preocupante; si un estudiante <strong>comienza a evitar actividades sociales<\/strong> o pierde amigos repentinamente, podr\u00eda estar experimentando acoso. Adem\u00e1s, un <strong>declive acad\u00e9mico inesperado<\/strong> puede ser un s\u00edntoma de problemas subyacentes, incluyendo el bullying.<\/p><p>Es fundamental que padres, maestros y administradores escolares <strong>trabajen juntos para reconocer estas se\u00f1ales<\/strong> y actuar r\u00e1pidamente. La identificaci\u00f3n temprana del acoso escolar es clave para proteger el bienestar emocional y f\u00edsico de nuestros estudiantes.<\/p><p><span style=\"font-weight: 400;\">El <a href=\"https:\/\/www.minsalud.gov.co\/Paginas\/Padres-y-madres-vigilantes-de-la-salud-mental-de-ninos-y-ninas.aspx\" target=\"_blank\" rel=\"noopener\"><strong>Ministerio de Salud<\/strong><\/a>, <strong>presenta una serie de recomendaciones<\/strong>, tanto para las personas v\u00edctimas de este tipo de acoso escolar, como para las familias, recordando entre otras cosas la importancia de informar e identificar de manera temprana estas situaciones. Tambi\u00e9n pone a disposici\u00f3n de todos los colombianos una <\/span><a href=\"https:\/\/www.mineducacion.gov.co\/1780\/articles-322486_archivo_pdf_ruta.pdf\" target=\"_blank\" rel=\"noopener\"><b>Ruta de atenci\u00f3n integral para la Convivencia Escolar<\/b><\/a><span style=\"font-weight: 400;\">.\u00a0<\/span><\/p><p><strong><em>Tambi\u00e9n puede leer:<\/em><\/strong>\u00a0<a href=\"https:\/\/www.segurosbolivar.com\/blog\/abc-de-seguros\/seguro-de-salud-que-es-que-cubre-y-como-funciona\/\" target=\"_blank\" rel=\"noopener\"><strong>La tranquilidad de contar con un seguro de salud<\/strong><\/a><\/p><h2><b>\u00bfD\u00f3nde buscar ayuda?<\/b><\/h2><p><span style=\"font-weight: 400;\">La <\/span><b><a href=\"https:\/\/www.sergiourrego.org\/\" target=\"_blank\" rel=\"noopener\">Fundaci\u00f3n Sergio Urrego<\/a> recomienda tener en cuenta los siguientes canales para buscar ayuda <\/b>en caso de ser v\u00edctima de bullying o tener un familiar que est\u00e9 pasando por esta situaci\u00f3n:<\/p><table><tbody><tr><td><p style=\"text-align: center;\"><b>Lugar<\/b><\/p><\/td><td><p style=\"text-align: center;\"><b>Nombre de la l\u00ednea y n\u00famero de atenci\u00f3n<\/b><\/p><\/td><\/tr><tr><td><span style=\"font-weight: 400;\">Bogot\u00e1<\/span><\/td><td><span style=\"font-weight: 400;\">El poder de ser escuchado. <\/span><b>L\u00ednea 106<\/b><\/td><\/tr><tr><td><span style=\"font-weight: 400;\">Medell\u00edn<\/span><\/td><td><span style=\"font-weight: 400;\">L\u00ednea amiga saludable:\u00a0<\/span><span style=\"font-weight: 400;\">444448; <\/span><span style=\"font-weight: 400;\">chat y c<\/span><span style=\"font-weight: 400;\">orreo electr\u00f3nico:\u00a0<\/span><span style=\"font-weight: 400;\">notimedellin.oralidad@medelli<\/span><span style=\"font-weight: 400;\">n.gov.co &#8211;\u00a0<\/span><span style=\"font-weight: 400;\">L\u00ednea Nacional:\u00a0<\/span><span style=\"font-weight: 400;\">01 8000 411 144<\/span><\/td><\/tr><tr><td><span style=\"font-weight: 400;\">Valle del Cauca<\/span><\/td><td><span style=\"font-weight: 400;\">L\u00ednea CRUE:\u00a0<\/span><span style=\"font-weight: 400;\">24 horas todos los d\u00edas.\u00a0<\/span><span style=\"font-weight: 400;\">820 5390 &#8211;\u00a0<\/span><span style=\"font-weight: 400;\">820 5366 &#8211;\u00a0<\/span><span style=\"font-weight: 400;\">321 812 8623 &#8211;\u00a0<\/span><span style=\"font-weight: 400;\">321 700 5636.\u00a0<\/span><span style=\"font-weight: 400;\">L\u00ednea:\u00a0<\/span><span style=\"font-weight: 400;\">lineal@lineainfantil106.org &#8211;\u00a0<\/span><span style=\"font-weight: 400;\">http:\/\/wwwteescuchamos.org\/ &#8211;\u00a0<\/span><span style=\"font-weight: 400;\">correo-foros interactivos<\/span><\/td><\/tr><tr><td><span style=\"font-weight: 400;\">Huila<\/span><\/td><td><span style=\"font-weight: 400;\">Centro de Escucha:\u00a0<\/span><span style=\"font-weight: 400;\">3219073439 \u0443 (8) 8702277.\u00a0<\/span><span style=\"font-weight: 400;\">L\u00ednea Vida:\u00a0<\/span><span style=\"font-weight: 400;\">8706633-8703096 &#8211;\u00a0<\/span><span style=\"font-weight: 400;\">8701980 Ext. 120.\u00a0<\/span><span style=\"font-weight: 400;\">Celular 317 4037775.\u00a0<\/span><span style=\"font-weight: 400;\">Email: cruehuila@huila.gov.co<\/span><\/td><\/tr><tr><td><span style=\"font-weight: 400;\">Barranquilla<\/span><\/td><td><span style=\"font-weight: 400;\">L\u00ednea de la vida (5):\u00a0<\/span><span style=\"font-weight: 400;\">3399999 &#8211;\u00a0<\/span><span style=\"font-weight: 400;\">317 6218394<\/span><\/td><\/tr><tr><td><span style=\"font-weight: 400;\">Risaralda<\/span><\/td><td><span style=\"font-weight: 400;\">L\u00ednea amiga &#8220;Amate y Vive&#8221; L\u00ednea 106 y (6) 3339610 y 018000949999 o a trav\u00e9s de\u00a0<\/span><span style=\"font-weight: 400;\">Facebook: L\u00ednea amiga<\/span><\/td><\/tr><tr><td><span style=\"font-weight: 400;\">Universidad Nacional de Colombia<\/span><\/td><td><span style=\"font-weight: 400;\">Tel\u00e9fono: 3165000. <\/span><span style=\"font-weight: 400;\">Extensiones: 29202, 29205,\u00a0<\/span><span style=\"font-weight: 400;\">2910<\/span><\/td><\/tr><tr><td><span style=\"font-weight: 400;\">Pontificia Universidad Javeriana<\/span><\/td><td><span style=\"font-weight: 400;\">3208320 Ext. 5405-06-07<\/span><\/td><\/tr><tr><td><span style=\"font-weight: 400;\">Universidad Santo Tom\u00e1s<\/span><\/td><td><span style=\"font-weight: 400;\">5878797 Ext. 1741-1942<\/span><\/td><\/tr><tr><td><span style=\"font-weight: 400;\">Meta<\/span><\/td><td><span style=\"font-weight: 400;\">L\u00ednea Amiga 312 575 11 35<\/span><\/td><\/tr><tr><td><span style=\"font-weight: 400;\">L\u00ednea Internacional Habla Hispana<\/span><\/td><td><span style=\"font-weight: 400;\">Aqu\u00ed Estoy:\u00a0<\/span><span style=\"font-weight: 400;\">+5491151993599<\/span><\/td><\/tr><\/tbody><\/table><p><b>Buscar ayuda, conversar con alguien y mantener buenos h\u00e1bitos de salud<\/b><span style=\"font-weight: 400;\">, son las recomendaciones que brindan los expertos para mantenerse positivo ante las dificultades de la vida.\u00a0\u00a0<\/span><\/p><h2>Seguridad Digital para la tranquilidad de sus hijos<\/h2><p>Con el <strong>Seguro de Hogar<\/strong> de <strong>Seguros Bol\u00edva<\/strong>r, sus hijos podr\u00e1n estar m\u00e1s tranquilos. Nuestra nueva cobertura de <strong>Seguridad Digital<\/strong> abarca desde la protecci\u00f3n contra Ciberbullying, Ciber Stalking, hasta la p\u00e9rdida reputacional. En un mundo donde las redes sociales son el epicentro de interacciones, comentarios y opiniones, esta cobertura te respalda ante situaciones de acoso cibern\u00e9tico. Adem\u00e1s, <strong>en caso de requerir procesos legales o asesoramiento debido a este tipo de incidentes, ofrecemos indemnizaci\u00f3n por gastos razonables, garantizando as\u00ed la protecci\u00f3n de tu buen nombre y reputaci\u00f3n.<\/strong><\/p><p><span style=\"font-weight: 400;\">En <\/span><a href=\"https:\/\/www.segurosbolivar.com\/?autopauta=Ambos_Link_10655_seguros_bolivar_Cierre_\" target=\"_blank\" rel=\"noopener\"><b>Seguros Bol\u00edvar<\/b><\/a><span style=\"font-weight: 400;\"> disponemos de servicios y canales por medio de los cuales las personas pueden acudir y encontrar una ayuda oportuna. Nuestros clientes cuentan con equipos de profesionales de la salud que pueden contactar a trav\u00e9s del numeral <strong>#322<\/strong> o en nuestro WhatsApp de Seguros Bol\u00edvar <a href=\"https:\/\/api.whatsapp.com\/send?phone=573223322322\" target=\"_blank\" rel=\"noopener\"><strong>322 3322322<\/strong><\/a> <strong>opci\u00f3n 1.\u00a0<\/strong><\/span><b>No olvide que en Seguros Bol\u00edvar nos preocupamos por su bienestar y el de toda su familia.\u00a0<\/b><\/p><table style=\"width: 100%;\" cellspacing=\"0\" cellpadding=\"0\" align=\"center\"><tbody><tr style=\"text-align: center; font-family: Open Sans, sans-serif;\"><td style=\"padding-bottom: 24px; color: #29292a; font-size: 18px; font-weight: 600;\">\u00bfQu\u00e9 tan \u00fatil le pareci\u00f3 este contenido?<\/td><\/tr><tr style=\"text-align: center;\"><td><table style=\"width: 100%; max-width: 400px; margin: auto;\" cellspacing=\"0\" cellpadding=\"0\"><tbody><tr><td><a style=\"text-decoration: none;\" href=\"https:\/\/survey.survicate.com\/1aa256dae6362312\/?pieza=13476_alianza_unep_seguros|Tendencias|Sala de Prensa&amp;aid=2510313\" target=\"_blank\" rel=\"nofollow noopener\"> <img decoding=\"async\" style=\"width: 32px; height: 32px;\" src=\"https:\/\/image.experienciasbolivar.segurosbolivar.com\/lib\/fe3511747364047b751475\/m\/1\/7d675113-0e03-409d-944b-3b06b10fb55e.png\" \/> <\/a><\/td><td><a style=\"text-decoration: none;\" href=\"https:\/\/survey.survicate.com\/1aa256dae6362312\/?pieza=13476_alianza_unep_seguros|Tendencias|Sala de Prensa&amp;aid=2510314\" target=\"_blank\" rel=\"nofollow noopener\"> <img decoding=\"async\" style=\"width: 32px; height: 32px;\" src=\"https:\/\/image.experienciasbolivar.segurosbolivar.com\/lib\/fe3511747364047b751475\/m\/1\/2cceee11-e12d-4873-bb48-569d2d4afe2d.png\" \/> <\/a><\/td><td><a style=\"text-decoration: none;\" href=\"https:\/\/survey.survicate.com\/1aa256dae6362312\/?pieza=13476_alianza_unep_seguros|Tendencias|Sala de Prensa&amp;aid=2510315\" target=\"_blank\" rel=\"nofollow noopener\"> <img decoding=\"async\" style=\"width: 32px; height: 32px;\" src=\"https:\/\/image.experienciasbolivar.segurosbolivar.com\/lib\/fe3511747364047b751475\/m\/1\/7553bd02-b4da-452e-9446-d80f342e8662.png\" \/> <\/a><\/td><td><a style=\"text-decoration: none;\" href=\"https:\/\/survey.survicate.com\/1aa256dae6362312\/?pieza=13476_alianza_unep_seguros|Tendencias|Sala de Prensa&amp;aid=2510316\" target=\"_blank\" rel=\"nofollow noopener\"> <img decoding=\"async\" style=\"width: 32px; height: 32px;\" src=\"https:\/\/image.experienciasbolivar.segurosbolivar.com\/lib\/fe3511747364047b751475\/m\/1\/1aa041a1-6fa1-4da5-8ce4-099bda589a6d.png\" \/> <\/a><\/td><td><a style=\"text-decoration: none;\" href=\"https:\/\/survey.survicate.com\/1aa256dae6362312\/?pieza=13476_alianza_unep_seguros|Tendencias|Sala de Prensa&amp;aid=2510317\" target=\"_blank\" rel=\"nofollow noopener\"> <img decoding=\"async\" style=\"width: 32px; height: 32px;\" src=\"https:\/\/image.experienciasbolivar.segurosbolivar.com\/lib\/fe3511747364047b751475\/m\/1\/237d20e9-0b59-4c8a-8a44-8733a91bb3e1.png\" \/> <\/a><\/td><\/tr><\/tbody><\/table><\/td><\/tr><\/tbody><\/table>\t\t\t\t\t\t\t\t<\/div>\n\t\t\t\t<\/div>\n\t\t\t\t\t<\/div>\n\t\t\t\t<\/div>\n\t\t\t\t<\/div>\n\t\t","protected":false},"excerpt":{"rendered":"<p>En el marco del D\u00eda Internacional contra la Violencia y el Acoso Escolar  le contamos c\u00f3mo evitar el bullying y el acoso escolar con algunas pautas donde la prevenci\u00f3n es la clave. <\/p>\n","protected":false},"author":14,"featured_media":10656,"comment_status":"open","ping_status":"open","sticky":false,"template":"","format":"standard","meta":{"footnotes":""},"categories":[84],"tags":[61,59,34,35,47,52,38,105],"class_list":["post-10655","post","type-post","status-publish","format-standard","has-post-thumbnail","hentry","category-bienestar-y-salud","tag-bienestar","tag-bienestar-bolivar","tag-bienestar-de-la-familia","tag-bienestar-personal","tag-consejos-de-salud","tag-estilo-de-vida-saludable","tag-medidas-de-prevencion","tag-prevencion"],"_links":{"self":[{"href":"https:\/\/www.segurosbolivar.com\/blog\/wp-json\/wp\/v2\/posts\/10655","targetHints":{"allow":["GET"]}}],"collection":[{"href":"https:\/\/www.segurosbolivar.com\/blog\/wp-json\/wp\/v2\/posts"}],"about":[{"href":"https:\/\/www.segurosbolivar.com\/blog\/wp-json\/wp\/v2\/types\/post"}],"author":[{"embeddable":true,"href":"https:\/\/www.segurosbolivar.com\/blog\/wp-json\/wp\/v2\/users\/14"}],"replies":[{"embeddable":true,"href":"https:\/\/www.segurosbolivar.com\/blog\/wp-json\/wp\/v2\/comments?post=10655"}],"version-history":[{"count":28,"href":"https:\/\/www.segurosbolivar.com\/blog\/wp-json\/wp\/v2\/posts\/10655\/revisions"}],"predecessor-version":[{"id":46349,"href":"https:\/\/www.segurosbolivar.com\/blog\/wp-json\/wp\/v2\/posts\/10655\/revisions\/46349"}],"wp:featuredmedia":[{"embeddable":true,"href":"https:\/\/www.segurosbolivar.com\/blog\/wp-json\/wp\/v2\/media\/10656"}],"wp:attachment":[{"href":"https:\/\/www.segurosbolivar.com\/blog\/wp-json\/wp\/v2\/media?parent=10655"}],"wp:term":[{"taxonomy":"category","embeddable":true,"href":"https:\/\/www.segurosbolivar.com\/blog\/wp-json\/wp\/v2\/categories?post=10655"},{"taxonomy":"post_tag","embeddable":true,"href":"https:\/\/www.segurosbolivar.com\/blog\/wp-json\/wp\/v2\/tags?post=10655"}],"curies":[{"name":"wp","href":"https:\/\/api.w.org\/{rel}","templated":true}]}}