{"id":10056,"date":"2024-06-05T12:24:15","date_gmt":"2024-06-05T17:24:15","guid":{"rendered":"https:\/\/www.segurosbolivar.com\/blog\/?p=10056"},"modified":"2025-06-11T13:00:28","modified_gmt":"2025-06-11T18:00:28","slug":"como-disminuir-la-huella-de-carbono-con-acciones-cotidianas","status":"publish","type":"post","link":"https:\/\/www.segurosbolivar.com\/blog\/sostenibilidad\/como-disminuir-la-huella-de-carbono-con-acciones-cotidianas\/","title":{"rendered":"\u00bfC\u00f3mo disminuir su huella de carbono? Acciones del d\u00eda a d\u00eda que le dan una mano al planeta"},"content":{"rendered":"<p><span style=\"font-weight: 400;\">El <a href=\"https:\/\/www.doctoraki.com\/blog\/bienestar-y-salud\/cambio-el-climatico-afecta-tu-salud-y-como-protegerte\/\" target=\"_blank\" rel=\"noopener\"><strong>cambio clim\u00e1tico<\/strong><\/a> es una realidad que nos ata\u00f1e a todos y que deber\u00edamos conocer a profundidad. De acuerdo con las Naciones Unidas,<strong> este concepto se refiere a los cambios a largo plazo de la temperatura y los patrones clim\u00e1ticos,<\/strong> en donde nosotros <\/span><a href=\"https:\/\/www.un.org\/es\/climatechange\/what-is-climate-change\" target=\"_blank\" rel=\"nofollow noopener noreferrer\"><b>los seres humanos somos responsables del calentamiento global de los \u00faltimos 200 a\u00f1os<\/b><\/a><span style=\"font-weight: 400;\">.\u00a0<\/span><\/p>\n<p><span style=\"font-weight: 400;\">Pero, \u00bfqu\u00e9 ocasiona o de d\u00f3nde surge este fen\u00f3meno?<span class=\"cqiun4t2 khvhiq1o r5qsrrlp i5tg98hk iqx13udk przvwfww qiohso4h gfz4du6o r7fjleex nz2484kf svot0ezm dcnh1tix sxl192xd t3g6t33p\"><span class=\"\">\u00a0<\/span><\/span>El <\/span><a href=\"https:\/\/archive.ipcc.ch\/home_languages_main_spanish.shtml\" target=\"_blank\" rel=\"nofollow noopener noreferrer\"><b>Panel Intergubernamental de Cambio Clim\u00e1tico (IPCC)<\/b><\/a><span style=\"font-weight: 400;\"> ha demostrado que desde la revoluci\u00f3n industrial se da una emisi\u00f3n continua y desmesurada de los gases de efecto invernadero (GEI), <strong>los cuales son la causa principal del cambio clim\u00e1tico<\/strong> y, adem\u00e1s, son <\/span><b>producto de las actividades humanas que generan diariamente gases contaminantes<\/b><span style=\"font-weight: 400;\">.<\/span><\/p>\n<p><strong>Tambi\u00e9n puede leer:<em> <a href=\"https:\/\/www.segurosbolivar.com\/blog\/sostenibilidad\/cambio-climatico-que-es-y-cuales-son-sus-consecuencias\/\" target=\"_blank\" rel=\"noopener\">Cambio clim\u00e1tico: \u00bfQu\u00e9 es y cu\u00e1les son sus consecuencias?<\/a><\/em><\/strong><\/p>\n<p><span style=\"font-weight: 400;\">De acuerdo con Ang\u00e9lica Mar\u00eda Pineda Saza, especialista en descarbonizaci\u00f3n de<a href=\"https:\/\/www.segurosbolivar.com\/?autopauta=Ambos_Link_10056_Seguros_bolivar_servicios_bolivar_Inicio_\" target=\"_blank\" rel=\"noopener\"><strong> Seguros Bol\u00edvar y Servicios Bol\u00edvar,<\/strong><\/a> dentro de las m\u00faltiples consecuencias del cambio clim\u00e1tico (CC), se encuentran fen\u00f3menos como:<\/span><\/p>\n<ul>\n<li style=\"font-weight: 400;\" aria-level=\"1\"><span style=\"font-weight: 400;\">Incremento en el n\u00famero de desastres naturales, como inundaciones o deslizamientos<\/span><\/li>\n<li style=\"font-weight: 400;\" aria-level=\"1\"><span style=\"font-weight: 400;\">Mayor impacto e intensidad en tormentas y ciclones tropicales<\/span><\/li>\n<li style=\"font-weight: 400;\" aria-level=\"1\"><span style=\"font-weight: 400;\">Aumento en la frecuencia y propagaci\u00f3n de incendios forestales<\/span><\/li>\n<li style=\"font-weight: 400;\" aria-level=\"1\"><span style=\"font-weight: 400;\">Aumento en las sequ\u00edas<\/span><\/li>\n<li style=\"font-weight: 400;\" aria-level=\"1\"><span style=\"font-weight: 400;\">Escasez de agua<\/span><\/li>\n<li style=\"font-weight: 400;\" aria-level=\"1\"><span style=\"font-weight: 400;\">Heladas<\/span><\/li>\n<li style=\"font-weight: 400;\" aria-level=\"1\"><span style=\"font-weight: 400;\">Derretimiento de los casquetes polares<\/span><\/li>\n<li style=\"font-weight: 400;\" aria-level=\"1\"><span style=\"font-weight: 400;\">Aumento en el nivel del mar<\/span><\/li>\n<li style=\"font-weight: 400;\" aria-level=\"1\"><span style=\"font-weight: 400;\">Olas de calor terrestres y marinas<\/span><\/li>\n<li style=\"font-weight: 400;\" aria-level=\"1\"><span style=\"font-weight: 400;\">Acidificaci\u00f3n de los oc\u00e9anos<\/span><\/li>\n<li style=\"font-weight: 400;\" aria-level=\"1\"><span style=\"font-weight: 400;\">P\u00e9rdida de biodiversidad<\/span><\/li>\n<li style=\"font-weight: 400;\" aria-level=\"1\"><span style=\"font-weight: 400;\">Entre otros\u2026<\/span><\/li>\n<\/ul>\n<p><a href=\"https:\/\/digital.experienciasbolivar.segurosbolivar.com\/seguro-vida-portafolio-tranquilidad?utm_source=Autopauta&amp;utm_medium=Blog_banner_interno&amp;utm_campaign=BG_vida_10056\" target=\"_blank\" rel=\"noopener\"><img fetchpriority=\"high\" decoding=\"async\" class=\"aligncenter wp-image-10060 size-full\" src=\"https:\/\/d9b6rardqz97a.cloudfront.net\/blog\/wp-content\/uploads\/2021\/10\/29120539\/Portafolio-Tranquilidad-en-Vida-mobile.jpg\" alt=\"Portafolio Tranquilidad en Vida mobile\" width=\"700\" height=\"200\" srcset=\"https:\/\/d9b6rardqz97a.cloudfront.net\/blog\/wp-content\/uploads\/2021\/10\/29120539\/Portafolio-Tranquilidad-en-Vida-mobile.jpg 700w, https:\/\/d9b6rardqz97a.cloudfront.net\/blog\/wp-content\/uploads\/2021\/10\/29120539\/Portafolio-Tranquilidad-en-Vida-mobile-300x86.jpg 300w\" sizes=\"(max-width: 700px) 100vw, 700px\" \/><\/a><\/p>\n<p><span style=\"font-weight: 400;\">Ahora bien, al hablar de Gases de Efecto Invernadero (GEI) y de c\u00f3mo aminorar su efecto, <strong>debemos usar la huella de carbono como indicador de la cantidad de emisiones producidas de forma directa o indirecta por personas y organizaciones.<\/strong> \u201cCon el objetivo de mitigar los efectos del cambio clim\u00e1tico y reducir el aumento de la temperatura anual, es de vital importancia que gobiernos, empresas y personas busquen reducir su huella de carbono<\/span><b>\u201d,<\/b><span style=\"font-weight: 400;\"> dice Ang\u00e9lica Pineda.<\/span><\/p>\n<p><span style=\"font-weight: 400;\">\u00bfLe gustar\u00eda darle una mano al planeta y disminuir su huella de carbono?<span class=\"cqiun4t2 khvhiq1o r5qsrrlp i5tg98hk iqx13udk przvwfww qiohso4h gfz4du6o r7fjleex nz2484kf svot0ezm dcnh1tix sxl192xd t3g6t33p\"><span class=\"\">\u00a0<\/span><\/span>Bajo nuestro compromiso de ofrecerle informaci\u00f3n de valor, que le permita ser un consumidor cada vez m\u00e1s sostenible, y con asesor\u00eda de Ang\u00e9lica Pineda, integrante del equipo ambiental de la Direcci\u00f3n de Sostenibilidad de <\/span><a href=\"https:\/\/www.segurosbolivar.com\/?autopauta=Ambos_Link_10056_Seguros_bolivar_servicios_bolivar_Mitad_\" target=\"_blank\" rel=\"noopener\"><b>Seguros Bol\u00edvar y Servicios Bol\u00edvar<\/b><span style=\"font-weight: 400;\">,<\/span><\/a><span style=\"font-weight: 400;\"> le compartimos algunas acciones que puede aplicar en su d\u00eda a d\u00eda: en la casa, en el trabajo, en su comunidad, entre otros.<\/span><\/p>\n<ul>\n<li aria-level=\"1\">\n<h3><b>Haga parte de la movilidad sostenible<\/b><\/h3>\n<\/li>\n<\/ul>\n<p><span style=\"font-weight: 400;\">Siempre que pueda use transporte p\u00fablico, carro compartido o medios de transporte que no solo contribuyan a mejorar su actividad f\u00edsica, sino que no generen emisiones. <\/span><b>\u00bfAlgunas ideas? <\/b><span style=\"font-weight: 400;\">La bicicleta, los patines o la patineta.<\/span><b><\/b><\/p>\n<ul>\n<li aria-level=\"1\">\n<h3><b>\u00a1Desenchufe y disminuya la huella de carbono!<\/b><\/h3>\n<\/li>\n<\/ul>\n<p><span style=\"font-weight: 400;\">Evite dejar cargadores y\/o enchufes en conectores o luces encendidas si no est\u00e1 haciendo uso de las mismas. A la hora de comprar electrodom\u00e9sticos, opte por aquellos de bajo consumo, los cuales le dar\u00e1n una mano al planeta y a su bolsillo.<\/span><b><\/b><\/p>\n<ul>\n<li aria-level=\"1\">\n<h3><b>De una mirada a su alimentaci\u00f3n<\/b><\/h3>\n<\/li>\n<\/ul>\n<p><span style=\"font-weight: 400;\">Reduzca el consumo de carne en la semana y aumente la compra de productos como frutas, verduras y alimentos locales. \u00a1Ojal\u00e1 que sean de temporada!<\/span><b><\/b><\/p>\n<ul>\n<li aria-level=\"1\">\n<h3><b>Empiece a separar adecuadamente<\/b><\/h3>\n<\/li>\n<\/ul>\n<p><span style=\"font-weight: 400;\">Separe sus residuos org\u00e1nicos, incentive el tejido de comunidad por medio de la creaci\u00f3n de pacas digestoras peri\u00f3dicas<\/span> <span style=\"font-weight: 400;\">o, realice su propio compostaje. Adem\u00e1s, adopte el h\u00e1bito de separar los residuos reciclables, entreg\u00e1ndolos directamente a los recicladores locales.<\/span><b><\/b><\/p>\n<ul>\n<li aria-level=\"1\">\n<h3><b>Menos pl\u00e1stico para reducir la huella de carbono<\/b><\/h3>\n<\/li>\n<\/ul>\n<p><span style=\"font-weight: 400;\">Intente reducir lo que m\u00e1s pueda el consumo de pl\u00e1stico; lleve siempre consigo una bolsa reutilizable o el carrito de mercado cada vez que vaya a realizar una compra. \u201cEn cuanto al pl\u00e1stico inevitable, l\u00e1velo bien y entr\u00e9guelo al reciclaje\u201d, recomienda Pineda.\u00a0<\/span><\/p>\n<blockquote>\n<p style=\"text-align: center;\"><b>\u201cNormalmente, se piensa que la conservaci\u00f3n y la mitigaci\u00f3n del cambio clim\u00e1tico solo sucede en \u00e1reas protegidas, reservas, bosques y selvas, pero desde la ciudad cada uno de nosotros puede tomar acciones cotidianas importantes\u201d, Ang\u00e9lica Mar\u00eda Pineda Saza de <\/b><a href=\"https:\/\/www.segurosbolivar.com\/?autopauta=Ambos_Link_10056_Seguros_bolivar_servicios_bolivar_Mitad_\" target=\"_blank\" rel=\"noopener\"><b>Seguros Bol\u00edvar y Servicios Bol\u00edvar.<\/b><\/a><\/p>\n<\/blockquote>\n<h2><b>\u00bfC\u00f3mo ser consumidores m\u00e1s sostenibles?<\/b><\/h2>\n<p><span style=\"font-weight: 400;\">Los procesos de fabricaci\u00f3n y distribuci\u00f3n de los objetos que usamos en la cotidianidad generan una serie de gases de efecto invernadero (GEI), por lo que <strong>es importante que seamos consumidores cada vez m\u00e1s sostenibles.<\/strong>\u00a0A continuaci\u00f3n, le compartimos algunas pautas para lograrlo:<\/span><\/p>\n<ul>\n<li style=\"font-weight: 400;\" aria-level=\"1\"><span style=\"font-weight: 400;\">Antes de realizar una compra, preg\u00fantese dos veces si realmente necesita lo que va a adquirir.<\/span><\/li>\n<li style=\"font-weight: 400;\" aria-level=\"1\"><span style=\"font-weight: 400;\">Sustituya el pl\u00e1stico de un solo uso por alternativas ecol\u00f3gicas menos contaminantes que sean reutilizables o biodegradables.<\/span><\/li>\n<li style=\"font-weight: 400;\" aria-level=\"1\"><span style=\"font-weight: 400;\">Compre prendas, libros, muebles y objetos en buen estado de segunda mano o realice intercambios. \u201cExisten m\u00faltiples grupos que realizan encuentros presenciales, redes sociales y aplicaciones que le pueden ayudar en este proceso\u201d, dice Pineda.<\/span><\/li>\n<li style=\"font-weight: 400;\" aria-level=\"1\"><span style=\"font-weight: 400;\">Siempre que pueda, aplique y comparta la regla de las tres erres: reducir, reciclar y reutilizar.<\/span><\/li>\n<\/ul>\n<p><span style=\"font-weight: 400;\">\u00bfLe interesa medir su huella de carbono y conocer el impacto de su diario vivir sobre el planeta?\u00a0En estos enlaces encontrar\u00e1 una herramienta que le ayudar\u00e1 a hacer este c\u00e1lculo despu\u00e9s de responder algunas preguntas: <\/span><a href=\"https:\/\/www.footprintcalculator.org\/es\/quiz\/0\/food\/category\" target=\"_blank\" rel=\"nofollow noopener noreferrer\"><b>https:\/\/www.footprintcalculator.org\/es\/quiz\/0\/food\/category<\/b><\/a><span style=\"font-weight: 400;\"> y <\/span><a href=\"https:\/\/footprint.wwf.org.uk\/\" target=\"_blank\" rel=\"nofollow noopener noreferrer\"><b>https:\/\/footprint.wwf.org.uk\/<\/b><\/a><\/p>\n<p class=\"entry-title\"><img decoding=\"async\" class=\"emoji lazyloaded\" role=\"img\" draggable=\"false\" src=\"https:\/\/s.w.org\/images\/core\/emoji\/13.1.0\/svg\/1f517.svg\" alt=\"\ud83d\udd17\" data-src=\"https:\/\/s.w.org\/images\/core\/emoji\/13.1.0\/svg\/1f517.svg\" \/> <a href=\"https:\/\/www.segurosbolivar.com\/blog\/sostenibilidad\/cafe-seguro-fortaleciendo-la-resiliencia-de-los-pequenos-caficultores-ante-el-cambio-climatico\/\" target=\"_blank\" rel=\"noopener\"><strong>Caf\u00e9 Seguro: Fortaleciendo la resiliencia de los peque\u00f1os caficultores ante el cambio clim\u00e1tico<\/strong><\/a><\/p>\n<h2><b>\u00bfQu\u00e9 est\u00e1 haciendo Seguros Bol\u00edvar para reducir su huella de carbono?<\/b><\/h2>\n<p><span style=\"font-weight: 400;\">En el caso de<a href=\"https:\/\/www.segurosbolivar.com\/?autopauta=Ambos_Link_10056_Seguros_bolivar_Cierre_\" target=\"_blank\" rel=\"noopener\"><strong> Seguros Bol\u00edvar<\/strong><\/a> y, de acuerdo con Ang\u00e9lica Pineda,<strong> cada a\u00f1o es medida toda la huella de carbono derivada de las emisiones directas y algunas indirectas, producto de las actividades econ\u00f3micas. \u201c<\/strong>De la misma manera, anualmente estas son compensadas en su totalidad por medio de la compra de bonos de carbono que permiten, a trav\u00e9s de proyectos, remover los GEI (gases de efecto invernadero) producidos en la operaci\u00f3n de la atm\u00f3sfera. Adem\u00e1s, <\/span><a href=\"https:\/\/www.segurosbolivar.com\/?autopauta=Ambos_Link_10056_Seguros_bolivar_Cierre_\" target=\"_blank\" rel=\"noopener\"><b>Seguros Bol\u00edvar<\/b><\/a><span style=\"font-weight: 400;\"> quiere contribuir en mayor medida a la mitigaci\u00f3n y adaptaci\u00f3n del cambio clim\u00e1tico, por lo que actualmente nos encontramos en el lanzamiento del marco de descarbonizaci\u00f3n, que contiene las estrategias y metodolog\u00edas que le permitir\u00e1n a la compa\u00f1\u00eda alinearse a una econom\u00eda baja en carbono<\/span><span style=\"font-weight: 400;\">\u201d, afirma.<\/span><\/p>\n<p><span style=\"font-weight: 400;\">Ahora que sabe c\u00f3mo puede reducir su huella de carbono en el d\u00eda a d\u00eda, lo invitamos a compartir estas recomendaciones con sus amigos y familiares. \u00a1En <\/span><a href=\"https:\/\/www.segurosbolivar.com\/?autopauta=Ambos_Link_10056_Seguros_bolivar_Cierre_\" target=\"_blank\" rel=\"noopener\"><b>Seguros Bol\u00edvar<\/b><\/a><span style=\"font-weight: 400;\"> nos preocupamos por su bienestar y el del planeta!<\/span><\/p>\n<table style=\"width: 100%;\" cellspacing=\"0\" cellpadding=\"0\" align=\"center\">\n<tbody>\n<tr style=\"text-align: center; font-family: Open Sans, sans-serif;\">\n<td style=\"padding-bottom: 24px; color: #29292a; font-size: 18px; font-weight: 600;\">\u00bfQu\u00e9 tan \u00fatil le pareci\u00f3 este contenido?<\/td>\n<\/tr>\n<tr style=\"text-align: center;\">\n<td>\n<table style=\"width: 100%; max-width: 400px; margin: auto;\" cellspacing=\"0\" cellpadding=\"0\">\n<tbody>\n<tr>\n<td><a style=\"text-decoration: none;\" href=\"https:\/\/survey.survicate.com\/1aa256dae6362312\/?pieza=10056_como_disminuir_la_huella_de_carbono_con_acciones_cotidianas||&amp;aid=2510313\" target=\"_blank\" rel=\"nofollow noopener\"> <img decoding=\"async\" style=\"width: 32px; height: 32px;\" src=\"https:\/\/image.experienciasbolivar.segurosbolivar.com\/lib\/fe3511747364047b751475\/m\/1\/7d675113-0e03-409d-944b-3b06b10fb55e.png\" \/> <\/a><\/td>\n<td><a style=\"text-decoration: none;\" href=\"https:\/\/survey.survicate.com\/1aa256dae6362312\/?pieza=10056_como_disminuir_la_huella_de_carbono_con_acciones_cotidianas||&amp;aid=2510314\" target=\"_blank\" rel=\"nofollow noopener\"> <img decoding=\"async\" style=\"width: 32px; height: 32px;\" src=\"https:\/\/image.experienciasbolivar.segurosbolivar.com\/lib\/fe3511747364047b751475\/m\/1\/2cceee11-e12d-4873-bb48-569d2d4afe2d.png\" \/> <\/a><\/td>\n<td><a style=\"text-decoration: none;\" href=\"https:\/\/survey.survicate.com\/1aa256dae6362312\/?pieza=10056_como_disminuir_la_huella_de_carbono_con_acciones_cotidianas||&amp;aid=2510315\" target=\"_blank\" rel=\"nofollow noopener\"> <img decoding=\"async\" style=\"width: 32px; height: 32px;\" src=\"https:\/\/image.experienciasbolivar.segurosbolivar.com\/lib\/fe3511747364047b751475\/m\/1\/7553bd02-b4da-452e-9446-d80f342e8662.png\" \/> <\/a><\/td>\n<td><a style=\"text-decoration: none;\" href=\"https:\/\/survey.survicate.com\/1aa256dae6362312\/?pieza=10056_como_disminuir_la_huella_de_carbono_con_acciones_cotidianas||&amp;aid=2510316\" target=\"_blank\" rel=\"nofollow noopener\"> <img decoding=\"async\" style=\"width: 32px; height: 32px;\" src=\"https:\/\/image.experienciasbolivar.segurosbolivar.com\/lib\/fe3511747364047b751475\/m\/1\/1aa041a1-6fa1-4da5-8ce4-099bda589a6d.png\" \/> <\/a><\/td>\n<td><a style=\"text-decoration: none;\" href=\"https:\/\/survey.survicate.com\/1aa256dae6362312\/?pieza=10056_como_disminuir_la_huella_de_carbono_con_acciones_cotidianas||&amp;aid=2510317\" target=\"_blank\" rel=\"nofollow noopener\"> <img decoding=\"async\" style=\"width: 32px; height: 32px;\" src=\"https:\/\/image.experienciasbolivar.segurosbolivar.com\/lib\/fe3511747364047b751475\/m\/1\/237d20e9-0b59-4c8a-8a44-8733a91bb3e1.png\" \/> <\/a><\/td>\n<\/tr>\n<\/tbody>\n<\/table>\n<\/td>\n<\/tr>\n<\/tbody>\n<\/table>\n","protected":false},"excerpt":{"rendered":"<p>Aplicar la regla de las tres erres (reducir, reciclar y reutilizar) y optar por una movilidad sostenible son algunas claves (que s\u00ed funcionan) para reducir su huella de carbono. \u00a1Conozca m\u00e1s!<\/p>\n","protected":false},"author":14,"featured_media":10066,"comment_status":"closed","ping_status":"open","sticky":false,"template":"","format":"standard","meta":{"footnotes":""},"categories":[87],"tags":[59,36,38],"class_list":["post-10056","post","type-post","status-publish","format-standard","has-post-thumbnail","hentry","category-sostenibilidad","tag-bienestar-bolivar","tag-bienestar-del-hogar","tag-medidas-de-prevencion"],"_links":{"self":[{"href":"https:\/\/www.segurosbolivar.com\/blog\/wp-json\/wp\/v2\/posts\/10056","targetHints":{"allow":["GET"]}}],"collection":[{"href":"https:\/\/www.segurosbolivar.com\/blog\/wp-json\/wp\/v2\/posts"}],"about":[{"href":"https:\/\/www.segurosbolivar.com\/blog\/wp-json\/wp\/v2\/types\/post"}],"author":[{"embeddable":true,"href":"https:\/\/www.segurosbolivar.com\/blog\/wp-json\/wp\/v2\/users\/14"}],"replies":[{"embeddable":true,"href":"https:\/\/www.segurosbolivar.com\/blog\/wp-json\/wp\/v2\/comments?post=10056"}],"version-history":[{"count":20,"href":"https:\/\/www.segurosbolivar.com\/blog\/wp-json\/wp\/v2\/posts\/10056\/revisions"}],"predecessor-version":[{"id":16024,"href":"https:\/\/www.segurosbolivar.com\/blog\/wp-json\/wp\/v2\/posts\/10056\/revisions\/16024"}],"wp:featuredmedia":[{"embeddable":true,"href":"https:\/\/www.segurosbolivar.com\/blog\/wp-json\/wp\/v2\/media\/10066"}],"wp:attachment":[{"href":"https:\/\/www.segurosbolivar.com\/blog\/wp-json\/wp\/v2\/media?parent=10056"}],"wp:term":[{"taxonomy":"category","embeddable":true,"href":"https:\/\/www.segurosbolivar.com\/blog\/wp-json\/wp\/v2\/categories?post=10056"},{"taxonomy":"post_tag","embeddable":true,"href":"https:\/\/www.segurosbolivar.com\/blog\/wp-json\/wp\/v2\/tags?post=10056"}],"curies":[{"name":"wp","href":"https:\/\/api.w.org\/{rel}","templated":true}]}}